{"id":2232,"date":"2025-08-12T14:09:16","date_gmt":"2025-08-12T14:09:16","guid":{"rendered":"https:\/\/friburgonoticias.com.br\/temp\/2025\/08\/12\/loteria-e-assaltada-em-plena-luz-do-dia-no-centro-de-nova-friburgo\/"},"modified":"2025-08-12T14:09:16","modified_gmt":"2025-08-12T14:09:16","slug":"loteria-e-assaltada-em-plena-luz-do-dia-no-centro-de-nova-friburgo","status":"publish","type":"post","link":"https:\/\/friburgonoticias.com.br\/temp\/2025\/08\/12\/loteria-e-assaltada-em-plena-luz-do-dia-no-centro-de-nova-friburgo\/","title":{"rendered":"Loteria \u00e9 assaltada em plena luz do dia no Centro de Nova Friburgo"},"content":{"rendered":"<p><\/p>\n<div id=\"post-55651\">\n<div class=\"post-header post-tp-13-header\">\n<div class=\"single-featured\">\n<img loading=\"lazy\" decoding=\"async\" data-lazyloaded=\"1\" src=\"https:\/\/www.serranewsrj.com.br\/wp-content\/uploads\/2025\/08\/loteria-friburgo-1130x580.jpg\" width=\"1130\" height=\"580\" alt=\"\"\/><\/div>\n<\/div>\n<div class=\"entry-content clearfix single-post-content\">\n<p style=\"text-align: justify;\" data-start=\"217\" data-end=\"374\">No in\u00edcio da tarde de segunda-feira (11\/8), uma casa lot\u00e9rica localizada na Rua Ernesto Bas\u00edlio, no Centro de <a href=\"https:\/\/www.serranewsrj.com.br\/noticias\/regiao-serrana\/nova-friburgo\">Nova Friburgo<\/a>, foi alvo de um assalto ousado.<\/p>\n<div class=\"gcwxlodsy gcwxlodsy-post-inline gcwxlodsy-float-center gcwxlodsy-align-center gcwxlodsy-column-1 gcwxlodsy-clearfix no-bg-box-model\">\n<div id=\"gcwxlodsy-40834-275811532\" class=\"gcwxlodsy-container gcwxlodsy-type-image\" itemscope=\"\" itemtype=\"https:\/\/schema.org\/WPAdBlock\" data-adid=\"40834\" data-type=\"image\"><a itemprop=\"url\" class=\"gcwxlodsy-link\" href=\"https:\/\/www.alerj.rj.gov.br\/\" target=\"_blank\"><img loading=\"lazy\" decoding=\"async\" data-lazyloaded=\"1\" width=\"1200\" height=\"400\" class=\"gcwxlodsy-image\" src=\"https:\/\/www.serranewsrj.com.br\/wp-content\/uploads\/2025\/07\/NACIONAL_ALERJ_INTERNET_1200x4006-ezgif.com-png-to-webp-converter.webp\" alt=\"Alerj \u2013 POSICIONAMENTO 2025 \u2013 FASE 4 (25\/7 a 24\/8) \u2013 1200\u00d7400 pxl\"\/><\/a><\/div>\n<\/div>\n<p style=\"text-align: justify;\" data-start=\"376\" data-end=\"648\">Dois criminosos armados chegaram em uma motocicleta, desceram rapidamente e anunciaram o crime. Usando capacetes, renderam os funcion\u00e1rios e levaram um malote que seria recolhido por um carro-forte. Segundo apura\u00e7\u00f5es, o valor roubado seria de aproximadamente R$ 218 mil.<\/p>\n<p style=\"text-align: justify;\" data-start=\"650\" data-end=\"812\">A a\u00e7\u00e3o durou poucos minutos e, apesar da viol\u00eancia, ningu\u00e9m ficou ferido. C\u00e2meras de seguran\u00e7a registraram o momento do assalto, captando imagens dos criminosos.<\/p>\n<p style=\"text-align: justify;\" data-start=\"814\" data-end=\"957\">Policiais militares e civis foram acionados e iniciaram buscas para localizar os envolvidos. At\u00e9 o momento, n\u00e3o h\u00e1 informa\u00e7\u00f5es sobre pris\u00f5es.<\/p>\n<div class=\"gcwxlodsy gcwxlodsy-post-inline gcwxlodsy-float-center gcwxlodsy-align-center gcwxlodsy-column-1 gcwxlodsy-clearfix no-bg-box-model\">\n<div id=\"gcwxlodsy-54184-2036944445\" class=\"gcwxlodsy-container gcwxlodsy-type-image\" itemscope=\"\" itemtype=\"https:\/\/schema.org\/WPAdBlock\" data-adid=\"54184\" data-type=\"image\"><a itemprop=\"url\" class=\"gcwxlodsy-link\" href=\"https:\/\/www.frionline.com.br\/\" target=\"_blank\" rel=\"nofollow\"><img loading=\"lazy\" decoding=\"async\" data-lazyloaded=\"1\" width=\"1200\" height=\"244\" class=\"gcwxlodsy-image\" src=\"https:\/\/www.serranewsrj.com.br\/wp-content\/uploads\/2025\/05\/banner1230x250homepage-ezgif.com-video-to-gif-converter-1.gif\" alt=\"FriOnline 1230\u00d7250 pixels WebP \u2013 Home Page\"\/><\/a><\/div>\n<\/div>\n<blockquote class=\"instagram-media\" style=\"background: #FFF; border: 0; border-radius: 3px; box-shadow: 0 0 1px 0 rgba(0,0,0,0.5),0 1px 10px 0 rgba(0,0,0,0.15); margin: 1px; max-width: 540px; min-width: 326px; padding: 0; width: calc(100% - 2px);\" data-instgrm-permalink=\"https:\/\/www.instagram.com\/p\/DNQKwXxO10f\/?utm_source=ig_embed&amp;utm_campaign=loading\" data-instgrm-version=\"14\"\/>\n<div class=\"gcwxlodsy gcwxlodsy-post-inline gcwxlodsy-float-center gcwxlodsy-align-center gcwxlodsy-column-1 gcwxlodsy-clearfix no-bg-box-model\">\n<div id=\"gcwxlodsy-52933-48627534\" class=\"gcwxlodsy-container gcwxlodsy-type-image\" itemscope=\"\" itemtype=\"https:\/\/schema.org\/WPAdBlock\" data-adid=\"52933\" data-type=\"image\"><a itemprop=\"url\" class=\"gcwxlodsy-link\" href=\"https:\/\/jmfsaude.com.br\/\" target=\"_blank\" rel=\"nofollow\"><img loading=\"lazy\" decoding=\"async\" data-lazyloaded=\"1\" width=\"1200\" height=\"400\" class=\"gcwxlodsy-image\" src=\"https:\/\/www.serranewsrj.com.br\/wp-content\/uploads\/2025\/03\/bannersiteJMF-ezgif.com-png-to-webp-converter.webp\" alt=\"JMF Solu\u00e7\u00f5es em Sa\u00fade \u2013 1200\u00d7400 pxl WebP\"\/><\/a><\/div>\n<\/div>\n<\/div>\n<\/div>\n<div id=\"\">\n<a href=\"https:\/\/www.serranewsrj.com.br\/author\/admin-2\" title=\"Artigos de autor\"><br \/>\n<span class=\"post-author-avatar\" itemprop=\"image\"><img loading=\"lazy\" decoding=\"async\" data-lazyloaded=\"1\" alt=\"\" src=\"https:\/\/www.serranewsrj.com.br\/wp-content\/uploads\/2025\/03\/REDONDA-4-180x180.png\" class=\"avatar avatar-80 photo avatar-default\" height=\"80\" width=\"80\"\/><\/span><br \/>\n<\/a><\/p>\n<div class=\"post-author-bio\" itemprop=\"description\">\n<p>A sua fonte segura de informa\u00e7\u00e3o na Regi\u00e3o Serrana do Rio de Janeiro.<\/p>\n<\/div>\n<\/div>\n<p><script async src=\"\/\/www.instagram.com\/embed.js\"><\/script><br \/>\n<br \/><\/a><\/p>\n<p>Fonte: www.serranewsrj.com.br <\/p>\n","protected":false},"excerpt":{"rendered":"<p>No in\u00edcio da tarde de segunda-feira (11\/8), uma casa lot\u00e9rica localizada na Rua Ernesto Bas\u00edlio, no Centro de Nova Friburgo, foi alvo de um assalto ousado. Dois criminosos armados chegaram em uma motocicleta, desceram rapidamente e anunciaram o crime. Usando capacetes, renderam os funcion\u00e1rios e levaram um malote que seria recolhido por um carro-forte. Segundo [&hellip;]<\/p>\n","protected":false},"author":7,"featured_media":2233,"comment_status":"open","ping_status":"open","sticky":false,"template":"","format":"standard","meta":{"advanced_seo_description":"","jetpack_seo_html_title":"","jetpack_seo_noindex":false,"fifu_image_url":"https:\/\/www.serranewsrj.com.br\/wp-content\/uploads\/2025\/08\/loteria-friburgo.jpg","fifu_image_alt":"","_jetpack_memberships_contains_paid_content":false,"footnotes":"","jetpack_publicize_message":"","jetpack_publicize_feature_enabled":true,"jetpack_social_post_already_shared":true,"jetpack_social_options":{"image_generator_settings":{"template":"highway","default_image_id":0,"font":"","enabled":false},"version":2}},"categories":[],"tags":[],"class_list":["post-2232","post","type-post","status-publish","format-standard","has-post-thumbnail"],"jetpack_publicize_connections":[],"jetpack_featured_media_url":"https:\/\/i0.wp.com\/www.serranewsrj.com.br\/wp-content\/uploads\/2025\/08\/loteria-friburgo.jpg?fit=%2C&ssl=1","jetpack_sharing_enabled":true,"jetpack-related-posts":[],"_links":{"self":[{"href":"https:\/\/friburgonoticias.com.br\/temp\/wp-json\/wp\/v2\/posts\/2232","targetHints":{"allow":["GET"]}}],"collection":[{"href":"https:\/\/friburgonoticias.com.br\/temp\/wp-json\/wp\/v2\/posts"}],"about":[{"href":"https:\/\/friburgonoticias.com.br\/temp\/wp-json\/wp\/v2\/types\/post"}],"author":[{"embeddable":true,"href":"https:\/\/friburgonoticias.com.br\/temp\/wp-json\/wp\/v2\/users\/7"}],"replies":[{"embeddable":true,"href":"https:\/\/friburgonoticias.com.br\/temp\/wp-json\/wp\/v2\/comments?post=2232"}],"version-history":[{"count":0,"href":"https:\/\/friburgonoticias.com.br\/temp\/wp-json\/wp\/v2\/posts\/2232\/revisions"}],"wp:featuredmedia":[{"embeddable":true,"href":"https:\/\/friburgonoticias.com.br\/temp\/wp-json\/wp\/v2\/media\/2233"}],"wp:attachment":[{"href":"https:\/\/friburgonoticias.com.br\/temp\/wp-json\/wp\/v2\/media?parent=2232"}],"wp:term":[{"taxonomy":"category","embeddable":true,"href":"https:\/\/friburgonoticias.com.br\/temp\/wp-json\/wp\/v2\/categories?post=2232"},{"taxonomy":"post_tag","embeddable":true,"href":"https:\/\/friburgonoticias.com.br\/temp\/wp-json\/wp\/v2\/tags?post=2232"}],"curies":[{"name":"wp","href":"https:\/\/api.w.org\/{rel}","templated":true}]}}