{"id":2234,"date":"2025-08-12T14:10:44","date_gmt":"2025-08-12T14:10:44","guid":{"rendered":"https:\/\/friburgonoticias.com.br\/temp\/2025\/08\/12\/projeto-aumenta-a-pena-para-estelionato-quando-cometido-contra-idosos-e-vulneraveis-noticias\/"},"modified":"2025-08-12T14:10:44","modified_gmt":"2025-08-12T14:10:44","slug":"projeto-aumenta-a-pena-para-estelionato-quando-cometido-contra-idosos-e-vulneraveis-noticias","status":"publish","type":"post","link":"https:\/\/friburgonoticias.com.br\/temp\/2025\/08\/12\/projeto-aumenta-a-pena-para-estelionato-quando-cometido-contra-idosos-e-vulneraveis-noticias\/","title":{"rendered":"Projeto aumenta a pena para estelionato quando cometido contra idosos e vulner\u00e1veis &#8211; Not\u00edcias"},"content":{"rendered":"<p><\/p>\n<div>\n<p class=\"g-artigo__data-hora\">\n                      11\/08\/2025 &#8211; 19:33 \u00a0\n                    <\/p>\n<div id=\"image-container-1187035\" class=\"image-container\" style=\"float: none; margin: 45px 0px; width: 100%;\" data-midia=\"1187035\">\n<p><em>Vinicius Loures \/ C\u00e2mara dos Deputados<\/em><\/p>\n<p>Dayany Bittencourt, autora da proposta<\/p>\n<\/p><\/div>\n<p>O Projeto de Lei 1918\/25 aumenta a pena para o crime de estelionato quando cometido contra idosos e vulner\u00e1veis. Nesses casos, a puni\u00e7\u00e3o atual, que varia de um a cinco anos de pris\u00e3o, pode ser aumentada em dois ter\u00e7os ou triplicada.<\/p>\n<p>Comete estelionato quem obt\u00e9m vantagem il\u00edcita, para si ou para outros, em preju\u00edzo alheio, induzindo ou mantendo algu\u00e9m em erro, por meio de fraude.<\/p>\n<p>A proposta em an\u00e1lise na C\u00e2mara dos Deputados altera o <a href=\"https:\/\/www2.camara.leg.br\/legin\/fed\/declei\/1940-1949\/decreto-lei-2848-7-dezembro-1940-412868-publicacaooriginal-1-pe.html\">C\u00f3digo Penal<\/a> e o <a href=\"https:\/\/www2.camara.leg.br\/legin\/fed\/lei\/2003\/lei-10741-1-outubro-2003-497511-norma-pl.html\">Estatuto da Pessoa Idosa<\/a>. O texto tamb\u00e9m altera essa lei para aumentar a puni\u00e7\u00e3o contra o crime de <span data-huuid=\"11120984968384015859\">apropria\u00e7\u00e3o ou desvio de bens, proventos, pens\u00e3o ou qualquer outro rendimento do idoso, destinando-os a finalidade diversa daquela a que se destinavam.<\/span><\/p>\n<p><span data-huuid=\"11120984968384015988\">Pelo projeto, a pena atual de <span id=\"4303\" class=\"termoGlossario\" title=\"A reclus\u00e3o \u00e9 a mais severa entre as penas privativas de liberdade. Destina-se a crimes dolosos (com inten\u00e7\u00e3o).\" contenteditable=\"false\" data-toggle=\"tooltip\" data-placement=\"top\">reclus\u00e3o<\/span> de um a quatro anos passa a ser de dois a cinco anos.<\/span><\/p>\n<p>A autora, deputada Dayany Bittencourt (Uni\u00e3o-CE), cita dados da Ouvidoria Nacional de Direitos Humanos (ONDH) pelos quais a principal v\u00edtima de viola\u00e7\u00f5es aos direitos humanos \u00e9 o idoso. Segundo ela, embora o C\u00f3digo Penal j\u00e1 preveja um aumento de pena para esses casos, a atual majora\u00e7\u00e3o (um ter\u00e7o ao dobro) \u00e9 insuficiente para desestimular a pr\u00e1tica criminosa.<\/p>\n<p>&#8220;Criminosos especializados em golpes contra idosos muitas vezes agem de forma organizada, calculando os riscos e benef\u00edcios de suas a\u00e7\u00f5es. Uma pena mais branda pode, na pr\u00e1tica, ser encarada como um &#8220;custo operacional&#8221; aceit\u00e1vel, diante dos altos lucros obtidos com as fraudes&#8221;, pontuou a deputada.<\/p>\n<p><strong>Pr\u00f3ximos passos<\/strong><br \/>A proposta ser\u00e1 analisada pelas comiss\u00f5es de Defesa dos Direitos da Pessoa Idosa; e de Constitui\u00e7\u00e3o e Justi\u00e7a e de Cidadania. Em seguida, ser\u00e1 analisada pelo Plen\u00e1rio.<\/p>\n<p><a href=\"https:\/\/www.camara.leg.br\/noticias\/573454-SAIBA-MAIS-SOBRE-A-TRAMITACAO-DE-PROJETOS-DE-LEI\">Saiba mais sobre a tramita\u00e7\u00e3o de projetos de lei<\/a><\/p>\n<p style=\"font-size: 0.8rem; font-weight: 700;\">Reportagem \u2013 Emanuelle Brasil<br \/>Edi\u00e7\u00e3o \u2013 Ana Chalub<\/p>\n<\/p><\/div>\n<p><\/a><\/p>\n<p>Fonte: www.camara.leg.br <\/p>\n","protected":false},"excerpt":{"rendered":"<p>11\/08\/2025 &#8211; 19:33 \u00a0 Vinicius Loures \/ C\u00e2mara dos Deputados Dayany Bittencourt, autora da proposta O Projeto de Lei 1918\/25 aumenta a pena para o crime de estelionato quando cometido contra idosos e vulner\u00e1veis. Nesses casos, a puni\u00e7\u00e3o atual, que varia de um a cinco anos de pris\u00e3o, pode ser aumentada em dois ter\u00e7os ou [&hellip;]<\/p>\n","protected":false},"author":7,"featured_media":2235,"comment_status":"open","ping_status":"open","sticky":false,"template":"","format":"standard","meta":{"advanced_seo_description":"","jetpack_seo_html_title":"","jetpack_seo_noindex":false,"fifu_image_url":"https:\/\/www.camara.leg.br\/midias\/image\/2025\/08\/img20240624153244582-768x473.jpg","fifu_image_alt":"","_jetpack_memberships_contains_paid_content":false,"footnotes":"","jetpack_publicize_message":"","jetpack_publicize_feature_enabled":true,"jetpack_social_post_already_shared":true,"jetpack_social_options":{"image_generator_settings":{"template":"highway","default_image_id":0,"font":"","enabled":false},"version":2}},"categories":[],"tags":[],"class_list":["post-2234","post","type-post","status-publish","format-standard","has-post-thumbnail"],"jetpack_publicize_connections":[],"jetpack_featured_media_url":"https:\/\/i0.wp.com\/www.camara.leg.br\/midias\/image\/2025\/08\/img20240624153244582-768x473.jpg?fit=%2C&ssl=1","jetpack_sharing_enabled":true,"jetpack-related-posts":[],"_links":{"self":[{"href":"https:\/\/friburgonoticias.com.br\/temp\/wp-json\/wp\/v2\/posts\/2234","targetHints":{"allow":["GET"]}}],"collection":[{"href":"https:\/\/friburgonoticias.com.br\/temp\/wp-json\/wp\/v2\/posts"}],"about":[{"href":"https:\/\/friburgonoticias.com.br\/temp\/wp-json\/wp\/v2\/types\/post"}],"author":[{"embeddable":true,"href":"https:\/\/friburgonoticias.com.br\/temp\/wp-json\/wp\/v2\/users\/7"}],"replies":[{"embeddable":true,"href":"https:\/\/friburgonoticias.com.br\/temp\/wp-json\/wp\/v2\/comments?post=2234"}],"version-history":[{"count":0,"href":"https:\/\/friburgonoticias.com.br\/temp\/wp-json\/wp\/v2\/posts\/2234\/revisions"}],"wp:featuredmedia":[{"embeddable":true,"href":"https:\/\/friburgonoticias.com.br\/temp\/wp-json\/wp\/v2\/media\/2235"}],"wp:attachment":[{"href":"https:\/\/friburgonoticias.com.br\/temp\/wp-json\/wp\/v2\/media?parent=2234"}],"wp:term":[{"taxonomy":"category","embeddable":true,"href":"https:\/\/friburgonoticias.com.br\/temp\/wp-json\/wp\/v2\/categories?post=2234"},{"taxonomy":"post_tag","embeddable":true,"href":"https:\/\/friburgonoticias.com.br\/temp\/wp-json\/wp\/v2\/tags?post=2234"}],"curies":[{"name":"wp","href":"https:\/\/api.w.org\/{rel}","templated":true}]}}