{"id":2248,"date":"2025-08-12T14:17:20","date_gmt":"2025-08-12T14:17:20","guid":{"rendered":"https:\/\/friburgonoticias.com.br\/temp\/2025\/08\/12\/ministerio-da-saude-lanca-chamada-publica-para-mapear-experiencias-exitosas-na-prevencao-da-tuberculose\/"},"modified":"2025-08-12T14:17:20","modified_gmt":"2025-08-12T14:17:20","slug":"ministerio-da-saude-lanca-chamada-publica-para-mapear-experiencias-exitosas-na-prevencao-da-tuberculose","status":"publish","type":"post","link":"https:\/\/friburgonoticias.com.br\/temp\/2025\/08\/12\/ministerio-da-saude-lanca-chamada-publica-para-mapear-experiencias-exitosas-na-prevencao-da-tuberculose\/","title":{"rendered":"Minist\u00e9rio da Sa\u00fade lan\u00e7a chamada p\u00fablica para mapear experi\u00eancias exitosas na preven\u00e7\u00e3o da tuberculose"},"content":{"rendered":"<p><\/p>\n<div property=\"rnews:articleBody\">\n<p><span><span>O Minist\u00e9rio da Sa\u00fade abriu a Chamada P\u00fablica para o Mapeamento de Experi\u00eancias Exitosas na Infec\u00e7\u00e3o Latente pelo\u00a0<em>Mycobacterium tuberculosis<\/em>\u00a0(ILTB) e na Oferta do Tratamento Preventivo da Tuberculose (TPT). A iniciativa \u00e9 coordenada pela Coordena\u00e7\u00e3o-Geral de Vigil\u00e2ncia da Tuberculose, Micoses End\u00eamicas e Micobact\u00e9rias N\u00e3o Tuberculosas (CGTM), do Departamento de HIV\/Aids, Tuberculose, Hepatites Virais e Infec\u00e7\u00f5es Sexualmente Transmiss\u00edveis (DATHI), vinculado \u00e0 Secretaria de Vigil\u00e2ncia em Sa\u00fade e Ambiente (SVSA).<\/span><\/span><\/p>\n<p><span><span>Com inscri\u00e7\u00f5es abertas at\u00e9 o dia 25 de setembro de 2025, por meio da plataforma\u00a0<a href=\"https:\/\/edital.aids.gov.br\/\" rel=\"noopener\" target=\"_new\">https:\/\/edital.aids.gov.br<\/a>, a chamada tem como objetivo valorizar, reconhecer e divulgar iniciativas bem-sucedidas que promovam a preven\u00e7\u00e3o da tuberculose e ampliem o acesso ao tratamento preventivo, contribuindo para o cumprimento das metas do Plano Nacional pelo Fim da Tuberculose como Problema de Sa\u00fade P\u00fablica (2021\u20132025). As experi\u00eancias selecionadas ser\u00e3o apresentadas em evento promovido pelo Minist\u00e9rio da Sa\u00fade e integrar\u00e3o uma publica\u00e7\u00e3o oficial.<\/span><\/span><\/p>\n<p><span><span>Poder\u00e3o participar coordena\u00e7\u00f5es estaduais e municipais de TB, servi\u00e7os de sa\u00fade do SUS, organiza\u00e7\u00f5es da sociedade civil, institui\u00e7\u00f5es acad\u00eamicas e grupos de pesquisa que atuem em parceria com o controle da tuberculose. Ser\u00e3o aceitas experi\u00eancias implementadas entre 2023 e 2024, ou ainda em execu\u00e7\u00e3o, que estejam alinhadas \u00e0s diretrizes do Programa Brasil Saud\u00e1vel e apresentem car\u00e1ter inovador, impacto positivo e possibilidade de replica\u00e7\u00e3o.<\/span><\/span><\/p>\n<p><span><span>As iniciativas devem se enquadrar em uma das cinco linhas tem\u00e1ticas: preven\u00e7\u00e3o e cuidado centrado na pessoa; qualifica\u00e7\u00e3o do diagn\u00f3stico da ILTB e do TPT; a\u00e7\u00f5es colaborativas TB-HIV; estrat\u00e9gias de comunica\u00e7\u00e3o e enfrentamento ao estigma; e compromisso pol\u00edtico e gest\u00e3o. Ser\u00e3o selecionadas dez experi\u00eancias \u2014 uma por regi\u00e3o brasileira e as cinco melhores pontuadas no ranking geral \u2014, que receber\u00e3o certificado de reconhecimento, convite para apresenta\u00e7\u00e3o oral e coautoria na publica\u00e7\u00e3o oficial do Minist\u00e9rio da Sa\u00fade.<\/span><\/span><\/p>\n<p><span><span>As propostas ser\u00e3o avaliadas por um comit\u00ea de sele\u00e7\u00e3o, composto por especialistas do Minist\u00e9rio da Sa\u00fade, da academia e da sociedade civil, com base em crit\u00e9rios como potencial de replica\u00e7\u00e3o, inova\u00e7\u00e3o, alinhamento com as diretrizes nacionais e relev\u00e2ncia para o fim da tuberculose como problema de sa\u00fade p\u00fablica.<\/span><\/span><\/p>\n<p><span><span>Para mais informa\u00e7\u00f5es, d\u00favidas e acesso ao edital completo, os interessados devem consultar a p\u00e1gina oficial do DATHI\/SVSA no portal do Minist\u00e9rio da Sa\u00fade:\u00a0<a href=\"http:\/\/www.gov.br\/aids\" rel=\"noopener\" target=\"_new\">www.gov.br\/aids<\/a>, ou entrar em contato pelo e-mail:\u00a0<span>tuberculose@saude.gov.br<\/span>.<\/span><\/span><\/p>\n<p><span><span>Jo\u00e3o Moraes<\/span><\/span><\/p>\n<p><strong>Minist\u00e9rio da Sa\u00fade<\/strong><\/p>\n<\/div>\n<p><script type=\"text\">\n    (function() {\n        var po = document.createElement('script');\n        po.async = true;\n        po.src = document.location.protocol + '\/\/connect.facebook.net\/pt_BR\/all.js#xfbml=1';\n        var head = document.getElementsByTagName('head')[0];\n        head.appendChild(po);\n    }());\n    <\/script><br \/>\n<br \/><\/a><\/p>\n<p>Fonte: www.gov.br <\/p>\n","protected":false},"excerpt":{"rendered":"<p>O Minist\u00e9rio da Sa\u00fade abriu a Chamada P\u00fablica para o Mapeamento de Experi\u00eancias Exitosas na Infec\u00e7\u00e3o Latente pelo\u00a0Mycobacterium tuberculosis\u00a0(ILTB) e na Oferta do Tratamento Preventivo da Tuberculose (TPT). A iniciativa \u00e9 coordenada pela Coordena\u00e7\u00e3o-Geral de Vigil\u00e2ncia da Tuberculose, Micoses End\u00eamicas e Micobact\u00e9rias N\u00e3o Tuberculosas (CGTM), do Departamento de HIV\/Aids, Tuberculose, Hepatites Virais e Infec\u00e7\u00f5es Sexualmente [&hellip;]<\/p>\n","protected":false},"author":7,"featured_media":2249,"comment_status":"open","ping_status":"open","sticky":false,"template":"","format":"standard","meta":{"advanced_seo_description":"","jetpack_seo_html_title":"","jetpack_seo_noindex":false,"fifu_image_url":"https:\/\/www.gov.br\/aids\/logo.png","fifu_image_alt":"","_jetpack_memberships_contains_paid_content":false,"footnotes":"","jetpack_publicize_message":"","jetpack_publicize_feature_enabled":true,"jetpack_social_post_already_shared":true,"jetpack_social_options":{"image_generator_settings":{"template":"highway","default_image_id":0,"font":"","enabled":false},"version":2}},"categories":[],"tags":[],"class_list":["post-2248","post","type-post","status-publish","format-standard","has-post-thumbnail"],"jetpack_publicize_connections":[],"jetpack_featured_media_url":"https:\/\/i0.wp.com\/www.gov.br\/aids\/logo.png?fit=%2C&ssl=1","jetpack_sharing_enabled":true,"jetpack-related-posts":[],"_links":{"self":[{"href":"https:\/\/friburgonoticias.com.br\/temp\/wp-json\/wp\/v2\/posts\/2248","targetHints":{"allow":["GET"]}}],"collection":[{"href":"https:\/\/friburgonoticias.com.br\/temp\/wp-json\/wp\/v2\/posts"}],"about":[{"href":"https:\/\/friburgonoticias.com.br\/temp\/wp-json\/wp\/v2\/types\/post"}],"author":[{"embeddable":true,"href":"https:\/\/friburgonoticias.com.br\/temp\/wp-json\/wp\/v2\/users\/7"}],"replies":[{"embeddable":true,"href":"https:\/\/friburgonoticias.com.br\/temp\/wp-json\/wp\/v2\/comments?post=2248"}],"version-history":[{"count":0,"href":"https:\/\/friburgonoticias.com.br\/temp\/wp-json\/wp\/v2\/posts\/2248\/revisions"}],"wp:featuredmedia":[{"embeddable":true,"href":"https:\/\/friburgonoticias.com.br\/temp\/wp-json\/wp\/v2\/media\/2249"}],"wp:attachment":[{"href":"https:\/\/friburgonoticias.com.br\/temp\/wp-json\/wp\/v2\/media?parent=2248"}],"wp:term":[{"taxonomy":"category","embeddable":true,"href":"https:\/\/friburgonoticias.com.br\/temp\/wp-json\/wp\/v2\/categories?post=2248"},{"taxonomy":"post_tag","embeddable":true,"href":"https:\/\/friburgonoticias.com.br\/temp\/wp-json\/wp\/v2\/tags?post=2248"}],"curies":[{"name":"wp","href":"https:\/\/api.w.org\/{rel}","templated":true}]}}