{"id":2252,"date":"2025-08-12T14:19:22","date_gmt":"2025-08-12T14:19:22","guid":{"rendered":"https:\/\/friburgonoticias.com.br\/temp\/2025\/08\/12\/mesa-diretora-da-camara-vai-encaminhar-denuncias-sobre-ocupacao-do-plenario-a-corregedoria-noticias\/"},"modified":"2025-08-12T14:19:22","modified_gmt":"2025-08-12T14:19:22","slug":"mesa-diretora-da-camara-vai-encaminhar-denuncias-sobre-ocupacao-do-plenario-a-corregedoria-noticias","status":"publish","type":"post","link":"https:\/\/friburgonoticias.com.br\/temp\/2025\/08\/12\/mesa-diretora-da-camara-vai-encaminhar-denuncias-sobre-ocupacao-do-plenario-a-corregedoria-noticias\/","title":{"rendered":"Mesa Diretora da C\u00e2mara vai encaminhar den\u00fancias sobre ocupa\u00e7\u00e3o do Plen\u00e1rio \u00e0 Corregedoria &#8211; Not\u00edcias"},"content":{"rendered":"<p><\/p>\n<div>\n<div>\n<p class=\"g-artigo__data-hora\">\n                      08\/08\/2025 &#8211; 19:23 \u00a0\n                    <\/p>\n<div id=\"image-container-1185894\" class=\"image-container\" style=\"float: none; margin: 45px 0px; width: 100%;\" data-midia=\"1185894\">\n<p><em>Bruno Spada\/C\u00e2mara dos Deputados<\/em><\/p>\n<p>Sess\u00e3o do Plen\u00e1rio do \u00faltimo dia 6<\/p>\n<\/p><\/div>\n<p>A Secretaria-Geral da Mesa da C\u00e2mara dos Deputados divulgou nota informando que a <span id=\"4072\" class=\"termoGlossario\" title=\"\u00d3rg\u00e3o respons\u00e1vel pela dire\u00e7\u00e3o dos trabalhos legislativos e dos servi\u00e7os administrativos da C\u00e2mara. \u00c9 composta por presidente, dois vice-presidentes e quatro secret\u00e1rios, al\u00e9m de quatro suplentes de secret\u00e1rios.\" contenteditable=\"false\" data-toggle=\"tooltip\" data-placement=\"top\">Mesa Diretora<\/span> se reuniu nesta sexta-feira (8) para tratar das condutas praticadas por diversos deputados durante a obstru\u00e7\u00e3o f\u00edsica do Plen\u00e1rio da Casa nos dias 5 e 6 de agosto.<\/p>\n<p>&#8220;A fim de permitir a devida apura\u00e7\u00e3o do ocorrido, decidiu-se pelo imediato encaminhamento de todas as den\u00fancias \u00e0 Corregedoria Parlamentar para a devida an\u00e1lise&#8221;, diz a nota.<\/p>\n<p style=\"font-size: 0.8rem; font-weight: 700;\">Da Reda\u00e7\u00e3o<\/p>\n<\/p><\/div>\n<\/p><\/div>\n<p><\/a><\/p>\n<p>Fonte: www.camara.leg.br <\/p>\n","protected":false},"excerpt":{"rendered":"<p>08\/08\/2025 &#8211; 19:23 \u00a0 Bruno Spada\/C\u00e2mara dos Deputados Sess\u00e3o do Plen\u00e1rio do \u00faltimo dia 6 A Secretaria-Geral da Mesa da C\u00e2mara dos Deputados divulgou nota informando que a Mesa Diretora se reuniu nesta sexta-feira (8) para tratar das condutas praticadas por diversos deputados durante a obstru\u00e7\u00e3o f\u00edsica do Plen\u00e1rio da Casa nos dias 5 e [&hellip;]<\/p>\n","protected":false},"author":7,"featured_media":2253,"comment_status":"open","ping_status":"open","sticky":false,"template":"","format":"standard","meta":{"advanced_seo_description":"","jetpack_seo_html_title":"","jetpack_seo_noindex":false,"fifu_image_url":"https:\/\/www.camara.leg.br\/midias\/image\/2025\/08\/img20250806225242428-768x473.jpg","fifu_image_alt":"","_jetpack_memberships_contains_paid_content":false,"footnotes":"","jetpack_publicize_message":"","jetpack_publicize_feature_enabled":true,"jetpack_social_post_already_shared":true,"jetpack_social_options":{"image_generator_settings":{"template":"highway","default_image_id":0,"font":"","enabled":false},"version":2}},"categories":[],"tags":[],"class_list":["post-2252","post","type-post","status-publish","format-standard","has-post-thumbnail"],"jetpack_publicize_connections":[],"jetpack_featured_media_url":"https:\/\/i0.wp.com\/www.camara.leg.br\/midias\/image\/2025\/08\/img20250806225242428-768x473.jpg?fit=%2C&ssl=1","jetpack_sharing_enabled":true,"jetpack-related-posts":[],"_links":{"self":[{"href":"https:\/\/friburgonoticias.com.br\/temp\/wp-json\/wp\/v2\/posts\/2252","targetHints":{"allow":["GET"]}}],"collection":[{"href":"https:\/\/friburgonoticias.com.br\/temp\/wp-json\/wp\/v2\/posts"}],"about":[{"href":"https:\/\/friburgonoticias.com.br\/temp\/wp-json\/wp\/v2\/types\/post"}],"author":[{"embeddable":true,"href":"https:\/\/friburgonoticias.com.br\/temp\/wp-json\/wp\/v2\/users\/7"}],"replies":[{"embeddable":true,"href":"https:\/\/friburgonoticias.com.br\/temp\/wp-json\/wp\/v2\/comments?post=2252"}],"version-history":[{"count":0,"href":"https:\/\/friburgonoticias.com.br\/temp\/wp-json\/wp\/v2\/posts\/2252\/revisions"}],"wp:featuredmedia":[{"embeddable":true,"href":"https:\/\/friburgonoticias.com.br\/temp\/wp-json\/wp\/v2\/media\/2253"}],"wp:attachment":[{"href":"https:\/\/friburgonoticias.com.br\/temp\/wp-json\/wp\/v2\/media?parent=2252"}],"wp:term":[{"taxonomy":"category","embeddable":true,"href":"https:\/\/friburgonoticias.com.br\/temp\/wp-json\/wp\/v2\/categories?post=2252"},{"taxonomy":"post_tag","embeddable":true,"href":"https:\/\/friburgonoticias.com.br\/temp\/wp-json\/wp\/v2\/tags?post=2252"}],"curies":[{"name":"wp","href":"https:\/\/api.w.org\/{rel}","templated":true}]}}