{"id":2254,"date":"2025-08-12T14:20:17","date_gmt":"2025-08-12T14:20:17","guid":{"rendered":"https:\/\/friburgonoticias.com.br\/temp\/2025\/08\/12\/comissao-aprova-projeto-que-preve-conscientizacao-de-jovens-atletas-sobre-limites-da-carreira\/"},"modified":"2025-08-12T14:20:17","modified_gmt":"2025-08-12T14:20:17","slug":"comissao-aprova-projeto-que-preve-conscientizacao-de-jovens-atletas-sobre-limites-da-carreira","status":"publish","type":"post","link":"https:\/\/friburgonoticias.com.br\/temp\/2025\/08\/12\/comissao-aprova-projeto-que-preve-conscientizacao-de-jovens-atletas-sobre-limites-da-carreira\/","title":{"rendered":"Comiss\u00e3o aprova projeto que prev\u00ea conscientiza\u00e7\u00e3o de jovens atletas sobre limites da carreira"},"content":{"rendered":"<p><\/p>\n<div id=\"image-container-1186307\" class=\"image-container\" style=\"float: none;margin: 45px 0px;width: 100%\" data-midia=\"1186307\">\n<div class=\"midia-creditos\"><em>Bruno Spada \/ C\u00e2mara dos Deputados<\/em><\/div>\n<div class=\"media-wrapper\"><img decoding=\"async\" style=\"width: 100%;height: auto\" src=\"https:\/\/www.camara.leg.br\/midias\/image\/2025\/08\/img20250716103735117-768x473.jpg\" alt=\"Audi\u00eancia P\u00fablica \u2013 Vetos presidenciais \u00e0 Lei n\u00ba 14.597\/2023 - Lei Geral do Esporte. Dep. Laura Carneiro (PSD - RJ) e Senadora, Leila Barros (PDT - DF)\" \/><\/div>\n<div class=\"midia-legenda\">Laura Carneiro, relatora, e senadora Leila Barros, autora da proposta<\/div>\n<\/div>\n<p>A Comiss\u00e3o do Esporte da C\u00e2mara dos Deputados aprovou o <a class=\"linkProposicao\" href=\"https:\/\/www.camara.leg.br\/noticias\/1184510-projeto-preve-conscientizacao-de-jovens-atletas-sobre-limites-da-carreira\">Projeto de Lei 4439\/24<\/a>, que obriga organiza\u00e7\u00f5es esportivas formadoras, como categorias de base de clubes de futebol, a promoverem a conscientiza\u00e7\u00e3o dos jovens atletas sobre a limita\u00e7\u00e3o temporal da carreira esportiva e a necessidade de planejamento para o futuro.<\/p>\n<p>A proposta, da senadora Leila Barros (PDT-DF), foi aprovada por recomenda\u00e7\u00e3o da relatora na comiss\u00e3o, deputada Laura Carneiro (PSD-RJ).<\/p>\n<p>A relatora afirmou ser importante para o atleta compreender o qu\u00e3o curta e imprevis\u00edvel pode ser a carreira profissional, mesmo nas equipes de primeira divis\u00e3o, e a necessidade de se planejar financeira e emocionalmente para um encerramento precoce ou para a transi\u00e7\u00e3o de carreira entre os 35 e os 40 anos de idade. \u201cA proposta preenche uma lacuna na forma\u00e7\u00e3o de atletas e contribuir\u00e1 para uma forma\u00e7\u00e3o mais integral, n\u00e3o apenas esportiva.\u201d<\/p>\n<p><strong>Cursos<br \/>\n<\/strong>Conforme o texto, as organiza\u00e7\u00f5es formadoras dever\u00e3o oferecer cursos e programas para atletas a partir dos 16 anos de idade, que abordem:<\/p>\n<ul>\n<li>a import\u00e2ncia da forma\u00e7\u00e3o educacional paralelamente \u00e0 carreira esportiva;<\/li>\n<li>a necessidade de planejamento financeiro;<\/li>\n<li>as alternativas de carreira ap\u00f3s o t\u00e9rmino das atividades esportivas; e<\/li>\n<li>o impacto psicol\u00f3gico da transi\u00e7\u00e3o de carreira e as formas de obter suporte emocional adequado.<\/li>\n<\/ul>\n<p>A proposta altera a <a class=\"linkLegislacao\" href=\"https:\/\/www2.camara.gov.br\/legin\/fed\/lei\/2023\/lei-14597-14-junho-2023-794299-norma-pl.html\">Lei Geral do Esporte<\/a>, que define organiza\u00e7\u00e3o formadora como aquela que fornece aos atletas programas de treinamento nas categorias de base e complementa\u00e7\u00e3o educacional. Essas organiza\u00e7\u00f5es devem cumprir requisitos como a inscri\u00e7\u00e3o do atleta em competi\u00e7\u00f5es oficiais e a oferta de assist\u00eancia educacional e m\u00e9dica.<\/p>\n<p><strong>Pr\u00f3ximos passos<br \/>\n<\/strong>O projeto ser\u00e1 analisado agora pela Comiss\u00e3o de Constitui\u00e7\u00e3o e Justi\u00e7a e de Cidadania, em <span id=\"4322\" class=\"termoGlossario\" title=\"Rito de tramita\u00e7\u00e3o pelo qual o projeto \u00e9 votado apenas pelas comiss\u00f5es designadas para analis\u00e1-lo, dispensada a delibera\u00e7\u00e3o do Plen\u00e1rio. O projeto perde o car\u00e1ter conclusivo se houver decis\u00e3o divergente entre as comiss\u00f5es ou se, independentemente de ser aprovado ou rejeitado, houver recurso assinado por 52 deputados para a aprecia\u00e7\u00e3o da mat\u00e9ria no Plen\u00e1rio.\" data-toggle=\"tooltip\" data-placement=\"top\">car\u00e1ter conclusivo<\/span>. Se for aprovado pelos deputados sem altera\u00e7\u00f5es, o texto seguir\u00e1 para san\u00e7\u00e3o presidencial.<\/p>\n<p><a href=\"https:\/\/www.camara.leg.br\/noticias\/573454-SAIBA-MAIS-SOBRE-A-TRAMITACAO-DE-PROJETOS-DE-LEI\">Saiba mais sobre a tramita\u00e7\u00e3o de projetos de lei<\/a><\/p>\n<p><\/a><\/p>\n<p>Fonte: www.camara.leg.br <\/p>\n","protected":false},"excerpt":{"rendered":"<p>Bruno Spada \/ C\u00e2mara dos Deputados Laura Carneiro, relatora, e senadora Leila Barros, autora da proposta A Comiss\u00e3o do Esporte da C\u00e2mara dos Deputados aprovou o Projeto de Lei 4439\/24, que obriga organiza\u00e7\u00f5es esportivas formadoras, como categorias de base de clubes de futebol, a promoverem a conscientiza\u00e7\u00e3o dos jovens atletas sobre a limita\u00e7\u00e3o temporal da [&hellip;]<\/p>\n","protected":false},"author":7,"featured_media":2255,"comment_status":"open","ping_status":"open","sticky":false,"template":"","format":"standard","meta":{"advanced_seo_description":"","jetpack_seo_html_title":"","jetpack_seo_noindex":false,"fifu_image_url":"https:\/\/www.camara.leg.br\/midias\/image\/2025\/08\/img20250716103735117-768x473.jpg","fifu_image_alt":"","_jetpack_memberships_contains_paid_content":false,"footnotes":"","jetpack_publicize_message":"","jetpack_publicize_feature_enabled":true,"jetpack_social_post_already_shared":true,"jetpack_social_options":{"image_generator_settings":{"template":"highway","default_image_id":0,"font":"","enabled":false},"version":2}},"categories":[],"tags":[],"class_list":["post-2254","post","type-post","status-publish","format-standard","has-post-thumbnail"],"jetpack_publicize_connections":[],"jetpack_featured_media_url":"https:\/\/i0.wp.com\/www.camara.leg.br\/midias\/image\/2025\/08\/img20250716103735117-768x473.jpg?fit=%2C&ssl=1","jetpack_sharing_enabled":true,"jetpack-related-posts":[],"_links":{"self":[{"href":"https:\/\/friburgonoticias.com.br\/temp\/wp-json\/wp\/v2\/posts\/2254","targetHints":{"allow":["GET"]}}],"collection":[{"href":"https:\/\/friburgonoticias.com.br\/temp\/wp-json\/wp\/v2\/posts"}],"about":[{"href":"https:\/\/friburgonoticias.com.br\/temp\/wp-json\/wp\/v2\/types\/post"}],"author":[{"embeddable":true,"href":"https:\/\/friburgonoticias.com.br\/temp\/wp-json\/wp\/v2\/users\/7"}],"replies":[{"embeddable":true,"href":"https:\/\/friburgonoticias.com.br\/temp\/wp-json\/wp\/v2\/comments?post=2254"}],"version-history":[{"count":0,"href":"https:\/\/friburgonoticias.com.br\/temp\/wp-json\/wp\/v2\/posts\/2254\/revisions"}],"wp:featuredmedia":[{"embeddable":true,"href":"https:\/\/friburgonoticias.com.br\/temp\/wp-json\/wp\/v2\/media\/2255"}],"wp:attachment":[{"href":"https:\/\/friburgonoticias.com.br\/temp\/wp-json\/wp\/v2\/media?parent=2254"}],"wp:term":[{"taxonomy":"category","embeddable":true,"href":"https:\/\/friburgonoticias.com.br\/temp\/wp-json\/wp\/v2\/categories?post=2254"},{"taxonomy":"post_tag","embeddable":true,"href":"https:\/\/friburgonoticias.com.br\/temp\/wp-json\/wp\/v2\/tags?post=2254"}],"curies":[{"name":"wp","href":"https:\/\/api.w.org\/{rel}","templated":true}]}}