{"id":2352,"date":"2025-08-12T15:32:56","date_gmt":"2025-08-12T15:32:56","guid":{"rendered":"https:\/\/friburgonoticias.com.br\/temp\/2025\/08\/12\/veja-detalhes-sobre-os-carros-da-serie\/"},"modified":"2025-08-12T15:32:56","modified_gmt":"2025-08-12T15:32:56","slug":"veja-detalhes-sobre-os-carros-da-serie","status":"publish","type":"post","link":"https:\/\/friburgonoticias.com.br\/temp\/2025\/08\/12\/veja-detalhes-sobre-os-carros-da-serie\/","title":{"rendered":"veja detalhes sobre os carros da s\u00e9rie"},"content":{"rendered":"<p><\/p>\n<div>\n<p>Com estreia nesta sexta-feira (29), a equipe de\u00a0<em>Senna,\u00a0<\/em>miniss\u00e9rie semibiogr\u00e1fica em 6 epis\u00f3dios produzida pela Netflix, teve trabalho em dobro. Com ajuda da fam\u00edlia do piloto, falecido em 1994, a ambienta\u00e7\u00e3o da s\u00e9rie teve cuidado para tentar manter o m\u00e1ximo de fidelidade com os fatos retratados na \u00e9poca, que acontece entre os anos 1980 e 1990.<\/p>\n<p>Para chegar nesse n\u00edvel de realismo, a equipe de produ\u00e7\u00e3o criou uma grande frota de modelos que s\u00e3o c\u00f3pias quase id\u00eanticas as utilizadas pelo piloto em sua carreira. Esse trabalho ficou a cargo da empresa argentina Crespi, especialista em ve\u00edculos de competi\u00e7\u00e3o e foras de s\u00e9rie. Abaixo, voc\u00ea confere mais detalhes do making off da produ\u00e7\u00e3o dos carros da s\u00e9rie:<\/p>\n<section contenteditable=\"false\" draggable=\"true\" data-widget=\"video\">\n<div class=\"video-wrapper\"><img decoding=\"async\" class=\"sizer\" draggable=\"false\" src=\"data:image\/png;base64,iVBORw0KGgoAAAANSUhEUgAAABAAAAAJCAYAAAA7KqwyAAAAGXRFWHRTb2Z0d2FyZQBBZG9iZSBJbWFnZVJlYWR5ccllPAAAABpJREFUeNpi\/P\/\/PwMlgImBQjBqwLAwACDAAOVfAw9\/ZDvcAAAAAElFTkSuQmCC\" alt=\"\"\/> <\/p>\n<p><iframe loading=\"lazy\" title=\"Senna | Making the Cars | Netflix\" width=\"1170\" height=\"658\" src=\"https:\/\/www.youtube.com\/embed\/Orrm4tl5Thg?feature=oembed\" frameborder=\"0\" allow=\"accelerometer; autoplay; clipboard-write; encrypted-media; gyroscope; picture-in-picture; web-share\" referrerpolicy=\"strict-origin-when-cross-origin\" allowfullscreen><\/iframe><\/p>\n<\/p><\/div>\n<\/section>\n<p>Os carros replicados v\u00e3o desde a F\u00f3rmula <a href=\"https:\/\/motor1.uol.com.br\/ford\/\" data-inline-widget=\"internal-links\">Ford<\/a>, utilizava por Senna na d\u00e9cada de 1980 quando se mudou para a Inglaterra,\u00a0at\u00e9 o Willians FW16 utilizado pelo piloto no Grande Pr\u00eamio de San Marino,\u00a0no\u00a0Aut\u00f3dromo Enzo e Dino Ferrari, em\u00a0\u00cdmola, na\u00a0It\u00e1lia.<sup id=\"cite_ref-senna_1-0\" class=\"reference\"\/><\/p>\n<p>Como as r\u00e9plicas n\u00e3o possuem os mesmos motores dos carros originais, a equipe da Netflix buscou o designer de som Gabriel Gutierrez, que fez uma busca de um ano e meio para recriar o rugido inconfund\u00edvel dos motores de F1 dos anos 80 e 90. &#8220;N\u00e3o havia grava\u00e7\u00f5es de som boas das corridas durante as filmagens, ent\u00e3o todo o som precisou ser criado do zero&#8221;, disse. A equipe vasculhou o mundo em busca dos carros que levaram Senna \u00e0 vit\u00f3ria, acabando por colocar as m\u00e3os num <a href=\"https:\/\/motor1.uol.com.br\/mclaren\/\" data-inline-widget=\"internal-links\">McLaren<\/a> MP4\/7, al\u00e9m de modelos da Toleman e da Lotus.<\/p>\n<section data-is-mosaic=\"0\" contenteditable=\"false\" draggable=\"true\" data-widget=\"image\" data-border=\"\" data-id=\"7974791\">\n        <span class=\"svg-search\"><br \/>\n            <svg>\n                <use xlink:href=\"https:\/\/motor1.uol.com.br\/design\/dist\/critical\/icons\/sprite-common-0-c22b9e1b69b591f36313a4760a61b994.svg#semidir\"\/>\n            <\/svg><br \/>\n        <\/span>\n    <picture><source type=\"image\/webp\" srcset=\"&#10;            https:\/\/cdn.motor1.com\/images\/mgl\/Kb8G6Q\/s5\/os-carros-de-senna-utilizados-pela-netflix.webp 213w,&#10;            https:\/\/cdn.motor1.com\/images\/mgl\/Kb8G6Q\/s6\/os-carros-de-senna-utilizados-pela-netflix.webp 445w,&#10;            https:\/\/cdn.motor1.com\/images\/mgl\/Kb8G6Q\/s4\/os-carros-de-senna-utilizados-pela-netflix.webp 889w,&#10;            https:\/\/cdn.motor1.com\/images\/mgl\/Kb8G6Q\/s3\/os-carros-de-senna-utilizados-pela-netflix.webp 1280w,&#10;            https:\/\/cdn.motor1.com\/images\/mgl\/Kb8G6Q\/s2\/os-carros-de-senna-utilizados-pela-netflix.webp 1440w,&#10;            https:\/\/cdn.motor1.com\/images\/mgl\/Kb8G6Q\/s1\/os-carros-de-senna-utilizados-pela-netflix.webp 1920w&#10;        \" sizes=\"(max-width: 767px) calc(100vw - 24px), (max-width: 1023px) calc(100vw - 48px), 644px\"><source type=\"image\/jpeg\" srcset=\"&#10;            https:\/\/cdn.motor1.com\/images\/mgl\/Kb8G6Q\/s5\/os-carros-de-senna-utilizados-pela-netflix.jpg 213w,&#10;            https:\/\/cdn.motor1.com\/images\/mgl\/Kb8G6Q\/s6\/os-carros-de-senna-utilizados-pela-netflix.jpg 445w,&#10;            https:\/\/cdn.motor1.com\/images\/mgl\/Kb8G6Q\/s4\/os-carros-de-senna-utilizados-pela-netflix.jpg 889w,&#10;            https:\/\/cdn.motor1.com\/images\/mgl\/Kb8G6Q\/s3\/os-carros-de-senna-utilizados-pela-netflix.jpg 1280w,&#10;            https:\/\/cdn.motor1.com\/images\/mgl\/Kb8G6Q\/s2\/os-carros-de-senna-utilizados-pela-netflix.jpg 1440w,&#10;            https:\/\/cdn.motor1.com\/images\/mgl\/Kb8G6Q\/s1\/os-carros-de-senna-utilizados-pela-netflix.jpg 1920w&#10;        \" sizes=\"(max-width: 767px) calc(100vw - 24px), (max-width: 1023px) calc(100vw - 48px), 644px\"><img decoding=\"async\" src=\"https:\/\/cdn.motor1.com\/images\/static\/16x9-tr.png\" alt=\"Os carros de Senna utilizados pela Netflix\" width=\"16\" height=\"9\" loading=\"lazy\"\/><br \/>\n    <\/source><\/source><\/picture>\n<p>Foto de: Netflix<\/p>\n<\/section>\n<p>Para prepara\u00e7\u00e3o dos atores, duas sess\u00f5es de kart foram realizadas toda semana, Al\u00e9m disso, o designer de produ\u00e7\u00e3o Frederico Pinto deu vida as pistas de todo mundo onde o piloto competiu,\u00a0Ele pesquisou imagens hist\u00f3ricas, fotos e arquivos da\u00a0FIA\u00a0(Federa\u00e7\u00e3o Internacional de Automobilismo), al\u00e9m de jornais e revistas da \u00e9poca. &#8220;N\u00f3s nos cercamos de pesquisas para retratar essa \u00e9poca, garantindo que toda a nossa equipe estivesse na mesma p\u00e1gina hist\u00f3rica&#8221;, explicou ele.<\/p>\n<p>&#8220;Em muitas ocasi\u00f5es, filmamos o mesmo circuito em dois pa\u00edses diferentes. Foi um grande esfor\u00e7o de equipe entre os departamentos de dire\u00e7\u00e3o, arte, fotografia e efeitos visuais, al\u00e9m de uma rigorosa decupagem de cada cena para montar esse grande quebra-cabe\u00e7a.&#8221;\u00a0<\/p>\n<section data-widget=\"attached-photogallery\">\n<div itemscope=\"\" itemtype=\"https:\/\/schema.org\/ImageGallery\" class=\"msnt-photo-thumb-gallery inline \">\n                                            <meta itemprop=\"name\" content=\"As r\u00e9plicas utilizadas na s\u00e9rie Senna\"\/><br \/>\n                                                                                    <meta itemprop=\"thumbnailUrl\" content=\"\"\/><\/p>\n<div class=\"msnt-photo-thumb-gallery-main-photo\">\n                            <a href=\"http:\/\/motor1.uol.com.br\/photos\/895649\/as-replicas-utilizadas-na-serie-senna\/#7974790_os-carros-de-senna-utilizados-pela-netflix\" class=\"msnt-photo-thumb-gallery-main-photo-box\">\n                                <picture><source type=\"image\/webp\" srcset=\"&#10;                                            https:\/\/cdn.motor1.com\/images\/mgl\/W8Y20r\/s5\/os-carros-de-senna-utilizados-pela-netflix.webp 213w,&#10;                                            https:\/\/cdn.motor1.com\/images\/mgl\/W8Y20r\/s6\/os-carros-de-senna-utilizados-pela-netflix.webp 445w,&#10;                                            https:\/\/cdn.motor1.com\/images\/mgl\/W8Y20r\/s4\/os-carros-de-senna-utilizados-pela-netflix.webp 889w,&#10;                                            https:\/\/cdn.motor1.com\/images\/mgl\/W8Y20r\/s3\/os-carros-de-senna-utilizados-pela-netflix.webp 1280w,&#10;                                            https:\/\/cdn.motor1.com\/images\/mgl\/W8Y20r\/s2\/os-carros-de-senna-utilizados-pela-netflix.webp 1440w,&#10;                                            https:\/\/cdn.motor1.com\/images\/mgl\/W8Y20r\/s1\/os-carros-de-senna-utilizados-pela-netflix.webp 1920w&#10;                                        \" sizes=\"&#10;                                            (max-width: 767px) calc(100vw - 30px)&#10;                                            (max-width: 1023px) calc(100vw - 50px), &#10;                                            649px&#10;                                        \"><source type=\"image\/jpeg\" srcset=\"&#10;                                            https:\/\/cdn.motor1.com\/images\/mgl\/W8Y20r\/s5\/os-carros-de-senna-utilizados-pela-netflix.jpg 213w,&#10;                                            https:\/\/cdn.motor1.com\/images\/mgl\/W8Y20r\/s6\/os-carros-de-senna-utilizados-pela-netflix.jpg 445w,&#10;                                            https:\/\/cdn.motor1.com\/images\/mgl\/W8Y20r\/s4\/os-carros-de-senna-utilizados-pela-netflix.jpg 889w,&#10;                                            https:\/\/cdn.motor1.com\/images\/mgl\/W8Y20r\/s3\/os-carros-de-senna-utilizados-pela-netflix.jpg 1280w,&#10;                                            https:\/\/cdn.motor1.com\/images\/mgl\/W8Y20r\/s2\/os-carros-de-senna-utilizados-pela-netflix.jpg 1440w,&#10;                                            https:\/\/cdn.motor1.com\/images\/mgl\/W8Y20r\/s1\/os-carros-de-senna-utilizados-pela-netflix.jpg 1920w&#10;                                        \" sizes=\"&#10;                                            (max-width: 767px) calc(100vw - 30px)&#10;                                            (max-width: 1023px) calc(100vw - 50px), &#10;                                            649px&#10;                                        \"><img decoding=\"async\" src=\"https:\/\/cdn.motor1.com\/images\/static\/16x9-tr.png\" loading=\"lazy\" alt=\"Os carros de Senna utilizados pela Netflix\" width=\"16\" height=\"9\"\/><br \/>\n                                <\/source><\/source><\/picture>\n                            <\/a><\/p>\n<p>\n                                    <svg>\n                                        <use xlink:href=\"https:\/\/motor1.uol.com.br\/design\/dist\/critical\/icons\/sprite-common-2-abb9e784388ce6d52ed9ece751b5658e.svg#nikon\"\/>\n                                    <\/svg><br \/>\n                                    3                                <\/p>\n<\/p><\/div>\n<p>\n                            Fonte: Netflix                        <\/p>\n<\/p><\/div>\n<\/section>\n<p>Foram recriados quase 20 circuitos em todo o mundo, como Suzuka, no Jap\u00e3o, e Monza, na It\u00e1lia, para a recria\u00e7\u00e3o, a equipe viajou por diversos tra\u00e7ados pelo Brasil, al\u00e9m de Argentina e Uruguai que pudessem reproduzir de forma fidedigna as curvas e retas mais pr\u00f3ximas dos circuitos reais.<\/p>\n<p>Todos os epis\u00f3dios da miniss\u00e9rie j\u00e1 est\u00e3o dispon\u00edveis no streaming Netflix.<\/p>\n<section class=\"relatedContent-new\" contenteditable=\"false\" draggable=\"true\" data-widget=\"related-content\" data-widget-size=\"content\" data-params=\"%7B%22type_id%22%3A0%2C%22title_id%22%3A%22%22%2C%22items%22%3A%5B%7B%22article_edition_id%22%3A%22739481%22%2C%22title%22%3A%22Netflix%20lan%C3%A7a%20trailer%20da%20s%C3%A9rie%20do%20Senna%3B%20assista%22%2C%22alias%22%3A%22netflix-lanca-trailer-de-senna%22%2C%22section%22%3A%221%22%2C%22is_video%22%3A%220%22%2C%22images%22%3A%7B%22s5%22%3A%22https%3A%2F%2Fcdn.motor1.com%2Fimages%2Fmgl%2FOo2JLR%2Fs5%2Fgabriel-leone-as-ayrton-senna-in-netflix-tv-series.jpg%22%7D%7D%2C%7B%22article_edition_id%22%3A%22735271%22%2C%22title%22%3A%22Motor1.com%20Podcast%20%23268%3A%20Alan%20Mosca%2C%20criador%20do%20cl%C3%A1ssico%20capacete%20de%20Senna!%22%2C%22alias%22%3A%22motor1-podcast-alan-mosca-senna%22%2C%22section%22%3A%223%22%2C%22is_video%22%3A%221%22%2C%22images%22%3A%7B%22s5%22%3A%22https%3A%2F%2Fcdn.motor1.com%2Fimages%2Fmgl%2FBXxx74%2Fs5%2Fflibsqzf5rc.jpg%22%7D%7D%2C%7B%22article_edition_id%22%3A%22720471%22%2C%22title%22%3A%22McLaren%20Senna%20tem%20rosto%20do%20piloto%20em%20homenagem%20para%20GP%20de%20M%C3%B4naco%22%2C%22alias%22%3A%22mclaren-senna-tributo-monaco-30anos%22%2C%22section%22%3A%221%22%2C%22is_video%22%3A%220%22%2C%22images%22%3A%7B%22s5%22%3A%22https%3A%2F%2Fcdn.motor1.com%2Fimages%2Fmgl%2FYA3Jmq%2Fs5%2Fmclaren-senna-sempre.jpg%22%7D%7D%2C%7B%22article_edition_id%22%3A%22731844%22%2C%22title%22%3A%22Verstappen%20faz%20pole%20em%20%C3%8Dmola%20e%20iguala%20recorde%20hist%C3%B3rico%20de%20Senna%22%2C%22alias%22%3A%22verstappen-pole-senna%22%2C%22section%22%3A%221%22%2C%22is_video%22%3A%220%22%2C%22images%22%3A%7B%22s5%22%3A%22https%3A%2F%2Fcdn.motor1.com%2Fimages%2Fmgl%2FkolooN%2Fs5%2Fverstappen-faz-a-pole-em-imola-e-iguala-recorde-historico-de-senna-piastri-e-punido-e-cai-de-2o-para-5o.jpg%22%7D%7D%5D%7D\">   <\/section>\n<h2><span class=\"arrow-holder\"><svg class=\"arrow-heading\"><use xlink:href=\"\"\/><\/svg><\/span>VEJA NO CANAL DO MOTOR1.COM NO YOUTUBE<\/h2>\n<section contenteditable=\"false\" draggable=\"true\" data-widget=\"video\">\n<div class=\"video-wrapper\"><img decoding=\"async\" class=\"sizer\" draggable=\"false\" src=\"data:image\/png;base64,iVBORw0KGgoAAAANSUhEUgAAABAAAAAJCAYAAAA7KqwyAAAAGXRFWHRTb2Z0d2FyZQBBZG9iZSBJbWFnZVJlYWR5ccllPAAAABpJREFUeNpi\/P\/\/PwMlgImBQjBqwLAwACDAAOVfAw9\/ZDvcAAAAAElFTkSuQmCC\" alt=\"\"\/> <\/p>\n<p><iframe loading=\"lazy\" title=\"MOTORSPORT.COM assistiu SENNA! Veja bastidores da PREMIERE e saiba TUDO sobre MINISS\u00c9RIE da NETFLIX\" width=\"1170\" height=\"658\" src=\"https:\/\/www.youtube.com\/embed\/unK5PpicpTo?feature=oembed\" frameborder=\"0\" allow=\"accelerometer; autoplay; clipboard-write; encrypted-media; gyroscope; picture-in-picture; web-share\" referrerpolicy=\"strict-origin-when-cross-origin\" allowfullscreen><\/iframe><\/p>\n<\/p><\/div>\n<\/section>\n<p>                        <!-- new gallery place, attached gallery --><\/p><\/div>\n<p><\/a><\/p>\n<p>Fonte: motor1.uol.com.br <\/p>\n","protected":false},"excerpt":{"rendered":"<p>Com estreia nesta sexta-feira (29), a equipe de\u00a0Senna,\u00a0miniss\u00e9rie semibiogr\u00e1fica em 6 epis\u00f3dios produzida pela Netflix, teve trabalho em dobro. Com ajuda da fam\u00edlia do piloto, falecido em 1994, a ambienta\u00e7\u00e3o da s\u00e9rie teve cuidado para tentar manter o m\u00e1ximo de fidelidade com os fatos retratados na \u00e9poca, que acontece entre os anos 1980 e 1990. [&hellip;]<\/p>\n","protected":false},"author":3,"featured_media":2353,"comment_status":"open","ping_status":"open","sticky":false,"template":"","format":"standard","meta":{"advanced_seo_description":"","jetpack_seo_html_title":"","jetpack_seo_noindex":false,"fifu_image_url":"https:\/\/cdn.motor1.com\/images\/mgl\/0eWLBj\/s1\/os-carros-de-senna-utilizados-pela-netflix.jpg","fifu_image_alt":"","_jetpack_memberships_contains_paid_content":false,"footnotes":"","jetpack_publicize_message":"","jetpack_publicize_feature_enabled":true,"jetpack_social_post_already_shared":true,"jetpack_social_options":{"image_generator_settings":{"template":"highway","default_image_id":0,"font":"","enabled":false},"version":2}},"categories":[105],"tags":[],"class_list":{"0":"post-2352","1":"post","2":"type-post","3":"status-publish","4":"format-standard","5":"has-post-thumbnail","7":"category-entretenimento"},"jetpack_publicize_connections":[],"jetpack_featured_media_url":"https:\/\/i0.wp.com\/cdn.motor1.com\/images\/mgl\/0eWLBj\/s1\/os-carros-de-senna-utilizados-pela-netflix.jpg?fit=%2C&ssl=1","jetpack_sharing_enabled":true,"jetpack-related-posts":[],"_links":{"self":[{"href":"https:\/\/friburgonoticias.com.br\/temp\/wp-json\/wp\/v2\/posts\/2352","targetHints":{"allow":["GET"]}}],"collection":[{"href":"https:\/\/friburgonoticias.com.br\/temp\/wp-json\/wp\/v2\/posts"}],"about":[{"href":"https:\/\/friburgonoticias.com.br\/temp\/wp-json\/wp\/v2\/types\/post"}],"author":[{"embeddable":true,"href":"https:\/\/friburgonoticias.com.br\/temp\/wp-json\/wp\/v2\/users\/3"}],"replies":[{"embeddable":true,"href":"https:\/\/friburgonoticias.com.br\/temp\/wp-json\/wp\/v2\/comments?post=2352"}],"version-history":[{"count":0,"href":"https:\/\/friburgonoticias.com.br\/temp\/wp-json\/wp\/v2\/posts\/2352\/revisions"}],"wp:featuredmedia":[{"embeddable":true,"href":"https:\/\/friburgonoticias.com.br\/temp\/wp-json\/wp\/v2\/media\/2353"}],"wp:attachment":[{"href":"https:\/\/friburgonoticias.com.br\/temp\/wp-json\/wp\/v2\/media?parent=2352"}],"wp:term":[{"taxonomy":"category","embeddable":true,"href":"https:\/\/friburgonoticias.com.br\/temp\/wp-json\/wp\/v2\/categories?post=2352"},{"taxonomy":"post_tag","embeddable":true,"href":"https:\/\/friburgonoticias.com.br\/temp\/wp-json\/wp\/v2\/tags?post=2352"}],"curies":[{"name":"wp","href":"https:\/\/api.w.org\/{rel}","templated":true}]}}