{"id":2476,"date":"2025-08-12T17:50:51","date_gmt":"2025-08-12T17:50:51","guid":{"rendered":"https:\/\/friburgonoticias.com.br\/temp\/2025\/08\/12\/bolsonaro-e-aliados-entregam-alegacoes-finais-nesta-quarta-13\/"},"modified":"2025-08-12T17:50:51","modified_gmt":"2025-08-12T17:50:51","slug":"bolsonaro-e-aliados-entregam-alegacoes-finais-nesta-quarta-13","status":"publish","type":"post","link":"https:\/\/friburgonoticias.com.br\/temp\/2025\/08\/12\/bolsonaro-e-aliados-entregam-alegacoes-finais-nesta-quarta-13\/","title":{"rendered":"Bolsonaro e aliados entregam alega\u00e7\u00f5es finais nesta quarta, 13"},"content":{"rendered":"<p><\/p>\n<div id=\"hd80s9wa1h892edh8192\">\n<p>As defesas de <strong><a href=\"https:\/\/revistaoeste.com\/tag\/jair-bolsonaro\/\" target=\"_blank\" rel=\"noreferrer noopener\">Jair Bolsonaro<\/a><\/strong> e de outros seis acusados de liderar uma suposta tentativa de golpe t\u00eam at\u00e9 esta quarta-feira, 13, para apresentar as alega\u00e7\u00f5es finais ao Supremo Tribunal Federal (STF). A entrega do documento marca a \u00faltima etapa antes da an\u00e1lise do caso pela Primeira Turma da Corte.<\/p>\n<p>O ministro Alexandre de Moraes, relator do caso, poder\u00e1 solicitar a inclus\u00e3o do julgamento na pauta depois do fim do prazo. A expectativa no STF \u00e9 de que os magistrados deliberem ainda em setembro sobre o arbitramento dos r\u00e9us que, segundo a <strong><a href=\"https:\/\/www.mpf.mp.br\/pgr\" target=\"_blank\" rel=\"noreferrer noopener\">Procuradoria-Geral da Rep\u00fablica (PGR)<\/a><\/strong>, formaram o n\u00facleo central da trama.<\/p>\n<p><strong>+ Leia mais not\u00edcias de <a href=\"https:\/\/revistaoeste.com\/politica\/\" target=\"_blank\" rel=\"noreferrer noopener\">Pol\u00edtica<\/a> em Oeste <\/strong><\/p>\n<p>Por sua vez, os advogados de defesa afirmam que pretendem usar o prazo m\u00e1ximo para concluir a reda\u00e7\u00e3o final dos documentos. Em nota \u00e0 TV Globo, representantes legais de diversos acusados confirmaram que ainda revisam os textos. Al\u00e9m do ex-presidente, o processo inclui figuras importantes do governo anterior, como:<\/p>\n<ul class=\"wp-block-list\">\n<li>Alexandre Ramagem, ex-diretor da Abin;<\/li>\n<li>Almir Garnier, ex-comandante da Marinha;<\/li>\n<li>Anderson Torres, ex-ministro da Justi\u00e7a;<\/li>\n<li>Augusto Heleno, ex-ministro do GSI;<\/li>\n<li>Braga Netto, ex-ministro da Casa Civil;<\/li>\n<li>Paulo S\u00e9rgio Nogueira, ex-ministro da Defesa.<\/li>\n<\/ul>\n<p>Mauro Cid, tenente-coronel do Ex\u00e9rcito e ex-ajudante de ordens de Bolsonaro, tamb\u00e9m fazia parte do chamado n\u00facleo estrat\u00e9gico. Por ter assinado acordo de dela\u00e7\u00e3o premiada, Cid j\u00e1 entregou suas alega\u00e7\u00f5es, o que, segundo a Justi\u00e7a, assegura o direito \u00e0 ampla defesa dos demais envolvidos.<\/p>\n<figure class=\"wp-block-embed aligncenter is-type-video is-provider-youtube wp-block-embed-youtube wp-embed-aspect-16-9 wp-has-aspect-ratio\">\n<div class=\"wp-block-embed__wrapper\">\n<div class=\"perfmatters-lazy-youtube\" data-src=\"https:\/\/www.youtube.com\/embed\/H0gfqk_OtwA\" data-id=\"H0gfqk_OtwA\" data-query=\"feature=oembed\" onclick=\"perfmattersLazyLoadYouTube(this);\">\n<div><img loading=\"lazy\" decoding=\"async\" alt=\"YouTube video\" width=\"480\" height=\"360\" data-pin-nopin=\"true\" nopin=\"nopin\" class=\"perfmatters-lazy\" src=\"https:\/\/i.ytimg.com\/vi\/H0gfqk_OtwA\/hqdefault.jpg\"\/><img loading=\"lazy\" decoding=\"async\" src=\"https:\/\/i.ytimg.com\/vi\/H0gfqk_OtwA\/hqdefault.jpg\" alt=\"YouTube video\" width=\"480\" height=\"360\" data-pin-nopin=\"true\" nopin=\"nopin\"\/><\/div>\n<\/div>\n<p><noscript><iframe loading=\"lazy\" title=\"EXCLUSIVO: STF deu &#039;golpe de Estado&#039;, opina colunista do Wall Street Journal\" width=\"1170\" height=\"658\" src=\"https:\/\/www.youtube.com\/embed\/H0gfqk_OtwA?feature=oembed\" frameborder=\"0\" allow=\"accelerometer; autoplay; clipboard-write; encrypted-media; gyroscope; picture-in-picture; web-share\" referrerpolicy=\"strict-origin-when-cross-origin\" allowfullscreen><\/iframe><\/noscript>\n<\/div>\n<\/figure>\n<h2 class=\"wp-block-heading\" id=\"h-stf-recebe-versao-da-pgr-sobre-golpe-reus-alegam-falhas-e-negam-participacao\"><strong>STF recebe vers\u00e3o da PGR sobre golpe; r\u00e9us alegam falhas e negam participa\u00e7\u00e3o<\/strong><\/h2>\n<p>No documento entregue ao STF, a PGR sustenta que os acusados agiram de forma coordenada para impedir a posse de Lula em 2022.<\/p>\n<p>O procurador-geral da Rep\u00fablica, Paulo Gonet, argumenta que o grupo atuou para desestabilizar as institui\u00e7\u00f5es, desacreditar o resultado eleitoral e at\u00e9 cogitar o assassinato de autoridades.<\/p>\n<p><strong>+ Leia tamb\u00e9m: <a href=\"https:\/\/revistaoeste.com\/politica\/alexandre-de-moraes-analisa-31-pedidos-de-visita-a-jair-bolsonaro\/\" target=\"_blank\" rel=\"noreferrer noopener\">\u201cNikolas e Valdemar: Moraes analisa pedidos de visita a Bolsonaro\u201d<\/a><\/strong><\/p>\n<p>Em contrapartida, os r\u00e9us sustentam que a PGR n\u00e3o conseguiu provar a participa\u00e7\u00e3o efetiva de cada um nas supostas a\u00e7\u00f5es golpistas e que o processo cont\u00e9m falhas jur\u00eddicas. Eles apostam em pedidos de absolvi\u00e7\u00e3o com base nessas alega\u00e7\u00f5es.<\/p>\n<\/p><\/div>\n<p><\/a><\/p>\n<p>Fonte: revistaoeste.com <\/p>\n","protected":false},"excerpt":{"rendered":"<p>As defesas de Jair Bolsonaro e de outros seis acusados de liderar uma suposta tentativa de golpe t\u00eam at\u00e9 esta quarta-feira, 13, para apresentar as alega\u00e7\u00f5es finais ao Supremo Tribunal Federal (STF). A entrega do documento marca a \u00faltima etapa antes da an\u00e1lise do caso pela Primeira Turma da Corte. O ministro Alexandre de Moraes, [&hellip;]<\/p>\n","protected":false},"author":1,"featured_media":2477,"comment_status":"open","ping_status":"open","sticky":false,"template":"","format":"standard","meta":{"advanced_seo_description":"","jetpack_seo_html_title":"","jetpack_seo_noindex":false,"fifu_image_url":"https:\/\/medias.revistaoeste.com\/wp-content\/uploads\/2025\/08\/Bolsonaro-3.jpg","fifu_image_alt":"","_jetpack_memberships_contains_paid_content":false,"footnotes":"","jetpack_publicize_message":"","jetpack_publicize_feature_enabled":true,"jetpack_social_post_already_shared":true,"jetpack_social_options":{"image_generator_settings":{"template":"highway","default_image_id":0,"font":"","enabled":false},"version":2}},"categories":[107],"tags":[],"class_list":{"0":"post-2476","1":"post","2":"type-post","3":"status-publish","4":"format-standard","5":"has-post-thumbnail","7":"category-economia"},"jetpack_publicize_connections":[],"jetpack_featured_media_url":"https:\/\/i0.wp.com\/medias.revistaoeste.com\/wp-content\/uploads\/2025\/08\/Bolsonaro-3.jpg?fit=%2C&ssl=1","jetpack_sharing_enabled":true,"jetpack-related-posts":[],"_links":{"self":[{"href":"https:\/\/friburgonoticias.com.br\/temp\/wp-json\/wp\/v2\/posts\/2476","targetHints":{"allow":["GET"]}}],"collection":[{"href":"https:\/\/friburgonoticias.com.br\/temp\/wp-json\/wp\/v2\/posts"}],"about":[{"href":"https:\/\/friburgonoticias.com.br\/temp\/wp-json\/wp\/v2\/types\/post"}],"author":[{"embeddable":true,"href":"https:\/\/friburgonoticias.com.br\/temp\/wp-json\/wp\/v2\/users\/1"}],"replies":[{"embeddable":true,"href":"https:\/\/friburgonoticias.com.br\/temp\/wp-json\/wp\/v2\/comments?post=2476"}],"version-history":[{"count":0,"href":"https:\/\/friburgonoticias.com.br\/temp\/wp-json\/wp\/v2\/posts\/2476\/revisions"}],"wp:featuredmedia":[{"embeddable":true,"href":"https:\/\/friburgonoticias.com.br\/temp\/wp-json\/wp\/v2\/media\/2477"}],"wp:attachment":[{"href":"https:\/\/friburgonoticias.com.br\/temp\/wp-json\/wp\/v2\/media?parent=2476"}],"wp:term":[{"taxonomy":"category","embeddable":true,"href":"https:\/\/friburgonoticias.com.br\/temp\/wp-json\/wp\/v2\/categories?post=2476"},{"taxonomy":"post_tag","embeddable":true,"href":"https:\/\/friburgonoticias.com.br\/temp\/wp-json\/wp\/v2\/tags?post=2476"}],"curies":[{"name":"wp","href":"https:\/\/api.w.org\/{rel}","templated":true}]}}