{"id":2523,"date":"2025-08-12T19:29:25","date_gmt":"2025-08-12T19:29:25","guid":{"rendered":"https:\/\/friburgonoticias.com.br\/temp\/2025\/08\/12\/ipva-em-dia-tem-extensao-ate-novembro-aprovada-na-alerj-em-primeira-votacao\/"},"modified":"2025-08-12T19:29:25","modified_gmt":"2025-08-12T19:29:25","slug":"ipva-em-dia-tem-extensao-ate-novembro-aprovada-na-alerj-em-primeira-votacao","status":"publish","type":"post","link":"https:\/\/friburgonoticias.com.br\/temp\/2025\/08\/12\/ipva-em-dia-tem-extensao-ate-novembro-aprovada-na-alerj-em-primeira-votacao\/","title":{"rendered":"IPVA em Dia tem extens\u00e3o at\u00e9 novembro aprovada na Alerj, em primeira vota\u00e7\u00e3o"},"content":{"rendered":"<p><\/p>\n<div itemprop=\"articleBody\">\n<p>A Assembleia Legislativa aprovou (Alerj) a extens\u00e3o do prazo do programa<a href=\"https:\/\/temporealrj.com\/alerj-discute-nesta-semana-extensao-do-prazo-do-ipva-em-dia\/\"> IPVA em Dia<\/a>, em primeira vota\u00e7\u00e3o, nesta <a href=\"https:\/\/www.instagram.com\/temporealrio\/\" target=\"_blank\" rel=\"noopener\">ter\u00e7a-feira<\/a> (12). A medida ainda passar\u00e1 por uma segunda discuss\u00e3o, no plen\u00e1rio da Assembleia e, se for novamente aprovada, segue para san\u00e7\u00e3o ou veto do governador Cl\u00e1udio Castro (PL).<\/p>\n<p>O prazo para aderir ao parcelamento do imposto terminou em 30 de junho, mas o projeto, de autoria dos deputados Luiz Paulo e Claudio Caiado, ambos do PSD \u2014 que tamb\u00e9m s\u00e3o autores da lei que criou o programa \u2014, pode fazer com que o prazo para ades\u00e3o seja prorrogado at\u00e9 30 de novembro.<\/p>\n<h2 class=\"wp-block-heading\">Motoristas podem fazer licenciamento apenas com o pagamento da primeira parcela do IPVA em Dia<\/h2>\n<p>O motorista que aderiu ao programa IPVA em Dia agora pode fazer o licenciamento do seu ve\u00edculo logo ap\u00f3s pagar a primeira parcela do acordo. Foi promulgada, em 8 de julho, a derrubada do veto ao projeto de lei, tamb\u00e9m de autoria dos deputados Luiz Paulo e Cl\u00e1udio Caiado.<\/p>\n<p>A cria\u00e7\u00e3o do IPVA em Dia foi aprovada, pela Alerj, em novembro do ano passado. O objetivo da proposta era permitir o parcelamento dos d\u00e9bitos do tributo do ano de 2024. De acordo com a Secretaria de Estado de Fazenda (Sefaz), o benef\u00edcio pode contemplar at\u00e9 um milh\u00e3o de ve\u00edculos. Tamb\u00e9m assinam a norma como coautores os deputados Jari Oliveira (PSB), Lucinha (PSD) e Tia Ju (Republicanos).<\/p>\n<\/div>\n<p><script async src=\"\/\/www.instagram.com\/embed.js\"><\/script><br \/>\n<br \/><\/a><\/p>\n<p>Fonte: temporealrj.com <\/p>\n","protected":false},"excerpt":{"rendered":"<p>A Assembleia Legislativa aprovou (Alerj) a extens\u00e3o do prazo do programa IPVA em Dia, em primeira vota\u00e7\u00e3o, nesta ter\u00e7a-feira (12). A medida ainda passar\u00e1 por uma segunda discuss\u00e3o, no plen\u00e1rio da Assembleia e, se for novamente aprovada, segue para san\u00e7\u00e3o ou veto do governador Cl\u00e1udio Castro (PL). O prazo para aderir ao parcelamento do imposto [&hellip;]<\/p>\n","protected":false},"author":1,"featured_media":2524,"comment_status":"open","ping_status":"open","sticky":false,"template":"","format":"standard","meta":{"advanced_seo_description":"","jetpack_seo_html_title":"","jetpack_seo_noindex":false,"fifu_image_url":"https:\/\/temporealrj.com\/wp-content\/uploads\/2024\/04\/WhatsApp-Image-2024-04-13-at-10.52.24-e1719318640899.jpeg","fifu_image_alt":"","_jetpack_memberships_contains_paid_content":false,"footnotes":"","jetpack_publicize_message":"","jetpack_publicize_feature_enabled":true,"jetpack_social_post_already_shared":true,"jetpack_social_options":{"image_generator_settings":{"template":"highway","default_image_id":0,"font":"","enabled":false},"version":2}},"categories":[107],"tags":[],"class_list":{"0":"post-2523","1":"post","2":"type-post","3":"status-publish","4":"format-standard","5":"has-post-thumbnail","7":"category-economia"},"jetpack_publicize_connections":[],"jetpack_featured_media_url":"https:\/\/i0.wp.com\/temporealrj.com\/wp-content\/uploads\/2024\/04\/WhatsApp-Image-2024-04-13-at-10.52.24-e1719318640899.jpeg?fit=%2C&ssl=1","jetpack_sharing_enabled":true,"jetpack-related-posts":[],"_links":{"self":[{"href":"https:\/\/friburgonoticias.com.br\/temp\/wp-json\/wp\/v2\/posts\/2523","targetHints":{"allow":["GET"]}}],"collection":[{"href":"https:\/\/friburgonoticias.com.br\/temp\/wp-json\/wp\/v2\/posts"}],"about":[{"href":"https:\/\/friburgonoticias.com.br\/temp\/wp-json\/wp\/v2\/types\/post"}],"author":[{"embeddable":true,"href":"https:\/\/friburgonoticias.com.br\/temp\/wp-json\/wp\/v2\/users\/1"}],"replies":[{"embeddable":true,"href":"https:\/\/friburgonoticias.com.br\/temp\/wp-json\/wp\/v2\/comments?post=2523"}],"version-history":[{"count":0,"href":"https:\/\/friburgonoticias.com.br\/temp\/wp-json\/wp\/v2\/posts\/2523\/revisions"}],"wp:featuredmedia":[{"embeddable":true,"href":"https:\/\/friburgonoticias.com.br\/temp\/wp-json\/wp\/v2\/media\/2524"}],"wp:attachment":[{"href":"https:\/\/friburgonoticias.com.br\/temp\/wp-json\/wp\/v2\/media?parent=2523"}],"wp:term":[{"taxonomy":"category","embeddable":true,"href":"https:\/\/friburgonoticias.com.br\/temp\/wp-json\/wp\/v2\/categories?post=2523"},{"taxonomy":"post_tag","embeddable":true,"href":"https:\/\/friburgonoticias.com.br\/temp\/wp-json\/wp\/v2\/tags?post=2523"}],"curies":[{"name":"wp","href":"https:\/\/api.w.org\/{rel}","templated":true}]}}