{"id":2615,"date":"2025-08-12T23:37:32","date_gmt":"2025-08-12T23:37:32","guid":{"rendered":"https:\/\/friburgonoticias.com.br\/temp\/2025\/08\/12\/deputados-governistas-e-da-oposicao-defendem-solucoes-diferentes-para-combater-crimes-ciberneticos-contra-criancas-noticias\/"},"modified":"2025-08-12T23:37:32","modified_gmt":"2025-08-12T23:37:32","slug":"deputados-governistas-e-da-oposicao-defendem-solucoes-diferentes-para-combater-crimes-ciberneticos-contra-criancas-noticias","status":"publish","type":"post","link":"https:\/\/friburgonoticias.com.br\/temp\/2025\/08\/12\/deputados-governistas-e-da-oposicao-defendem-solucoes-diferentes-para-combater-crimes-ciberneticos-contra-criancas-noticias\/","title":{"rendered":"Deputados governistas e da oposi\u00e7\u00e3o defendem solu\u00e7\u00f5es diferentes para combater crimes cibern\u00e9ticos contra crian\u00e7as &#8211; Not\u00edcias"},"content":{"rendered":"<p><\/p>\n<div>\n<p class=\"g-artigo__data-hora\">\n                      12\/08\/2025 &#8211; 19:44 \u00a0\n                    <\/p>\n<div id=\"image-container-1187724\" class=\"image-container\" style=\"float: none; margin: 45px 0px; width: 100%;\" data-midia=\"1187724\">\n<p><em>Kayo Magalh\u00e3es\/C\u00e2mara dos Deputados<\/em><\/p>\n<p>Erika Hilton: a regula\u00e7\u00e3o das redes sociais vai garantir a seguran\u00e7a digital<\/p>\n<\/p><\/div>\n<p>Deputados da base governista e da oposi\u00e7\u00e3o discursaram no Plen\u00e1rio, nesta ter\u00e7a-feira (12), em defesa da prote\u00e7\u00e3o de crian\u00e7as e adolescentes no ambiente digital. O tema teve sugest\u00f5es distintas: enquanto uns defendem a regula\u00e7\u00e3o das redes sociais, outros cobram penas mais duras para crimes de explora\u00e7\u00e3o sexual na internet.<\/p>\n<p>O discursos foram motivados por v\u00eddeo do youtuber Felca, publicado na \u00faltima quarta-feira (6), que denunciou a adultiza\u00e7\u00e3o e a explora\u00e7\u00e3o de crian\u00e7as e adolescentes nas redes sociais, com casos em que jovens s\u00e3o expostos de forma sexualizada.<\/p>\n<p>O deputado Delegado Paulo Bilynskyj (PL-SP) defendeu penas mais graves para a explora\u00e7\u00e3o sexual de crian\u00e7as e adolescentes. Atualmente, o C\u00f3digo Penal prev\u00ea de 4 a 10 anos de <span id=\"4303\" class=\"termoGlossario\" title=\"A reclus\u00e3o \u00e9 a mais severa entre as penas privativas de liberdade. Destina-se a crimes dolosos (com inten\u00e7\u00e3o).\" contenteditable=\"false\" data-toggle=\"tooltip\" data-placement=\"top\">reclus\u00e3o<\/span> para esses casos. &#8220;Sou a favor da castra\u00e7\u00e3o qu\u00edmica e de penas muito mais graves, mas, infelizmente, a nossa Constitui\u00e7\u00e3o n\u00e3o permite&#8221;, lamentou.<\/p>\n<p>Segundo ele, o discurso a favor da regula\u00e7\u00e3o das redes \u00e9 imposi\u00e7\u00e3o de censura e n\u00e3o resolve o problema. A castra\u00e7\u00e3o qu\u00edmica foi <a href=\"https:\/\/www.camara.leg.br\/noticias\/1120930-CAMARA-APROVA-PROJETO-QUE-CRIA-CADASTRO-DE-PEDOFILOS-E-PERMITE-CASTRACAO-QUIMICA-DE-CONDENADOS\">aprovada pela C\u00e2mara em dezembro de 2024<\/a> e aguarda vota\u00e7\u00e3o no Senado.<\/p>\n<p>Por\u00e9m, para o deputado Pedro Uczai (PT-SC), \u00e9 preciso regulamentar as redes sociais. &#8220;S\u00e3o as big techs que levam todos os ped\u00f3filos para esses grupos, para esse universo da pedofilia&#8221;, disse.<\/p>\n<p>Pedro Uczai afirmou que o crime deve ser combatido com pol\u00edtica p\u00fablica ou lei severa e com a regulamenta\u00e7\u00e3o das redes sociais. &#8220;Isso a extrema direita n\u00e3o quer. Eles querem continuar propagando fake news, propagando mentira e propagando \u00f3dio para dividir a sociedade.&#8221;<\/p>\n<div id=\"image-container-1187725\" class=\"image-container\" style=\"float: none; margin: 45px 0px; width: 100%;\" data-midia=\"1187725\">\n<p><em>Kayo Magalh\u00e3es\/C\u00e2mara dos Deputados<\/em><\/p>\n<p>Caroline de Toni: a regula\u00e7\u00e3o das redes sociais \u00e9 tentativa de censura contra a direita<\/p>\n<\/p><\/div>\n<p>J\u00e1 a l\u00edder da <span id=\"4279\" class=\"termoGlossario\" title=\"Bancada partid\u00e1ria cujo n\u00famero de integrantes seja imediatamente inferior \u00e0 maioria e que expresse posi\u00e7\u00e3o diferente desta em rela\u00e7\u00e3o ao governo.\" contenteditable=\"false\" data-toggle=\"tooltip\" data-placement=\"top\">Minoria<\/span>, deputada Caroline de Toni (PL-SC), disse que partidos da base do governo querem aproveitar a mobiliza\u00e7\u00e3o popular com o tema para aprovar a censura das redes sociais. &#8220;\u00c9 mais uma cortina de fuma\u00e7a de que eles querem se aproveitar, n\u00e3o porque est\u00e3o preocupados com a inoc\u00eancia das nossas crian\u00e7as, com a sexualiza\u00e7\u00e3o precoce das crian\u00e7as, mas porque querem, sim, calar a direita&#8221;, declarou.<\/p>\n<p>A l\u00edder do Psol, deputada Erika Hilton (SP), ressaltou que entidades que trabalham na defesa das crian\u00e7as e dos adolescentes caracterizam as redes sociais como &#8220;terra sem lei&#8221;. &#8220;Esta Casa virou as costas \u00e0s entidades e agora n\u00e3o poder\u00e1 mais virar as costas para o debate que tomou conta da sociedade. N\u00e3o \u00e9 censura! \u00c9 regulamenta\u00e7\u00e3o para garantir a seguran\u00e7a digital&#8221;, defendeu.<\/p>\n<p>O deputado Dr. Zacharias Calil (Uni\u00e3o-GO) afirmou que crian\u00e7as e adolescentes t\u00eam sido expostos de forma recorrente a conte\u00fados digitais que sexualizam e exploram sua imagem. &#8220;N\u00f3s n\u00e3o estamos tratando aqui apenas de tecnologia ou de liberdade de express\u00e3o. Estamos tratando de seguran\u00e7a, de sa\u00fade mental, de direitos humanos e de preserva\u00e7\u00e3o da inf\u00e2ncia&#8221;, declarou.<\/p>\n<p>Para Zacharias Calil, as plataformas precisam informar como funcionam os seus algoritmos quando envolvem conte\u00fados com crian\u00e7as e adolescentes.<\/p>\n<p><strong>Grupo de trabalho<\/strong><br \/>O presidente da C\u00e2mara dos Deputados, Hugo Motta (Republicanos-PB), anunciou nesta ter\u00e7a-feira (12) que criar\u00e1 grupo de trabalho que ter\u00e1 30 dias para apresentar proposta para garantir a seguran\u00e7a de crian\u00e7as e adolescentes na internet. &#8220;Temos mais de 60 projetos de lei tratando desse tema&#8221;, disse Motta.<\/p>\n<p>Os l\u00edderes partid\u00e1rios decidiram que o tema ser\u00e1 debatido na pr\u00f3xima semana, em <span id=\"4083\" class=\"termoGlossario\" title=\"A sess\u00e3o plen\u00e1ria da C\u00e2mara pode ser transformada em comiss\u00e3o geral para debater assunto relevante, projeto de iniciativa popular ou para ouvir ministro de Estado. Nessa ocasi\u00e3o, diferentemente dos debates ocorridos durante a vota\u00e7\u00e3o de mat\u00e9rias, al\u00e9m dos deputados, podem falar representantes da sociedade relacionados ao tema debatido.\" contenteditable=\"false\" data-toggle=\"tooltip\" data-placement=\"top\">comiss\u00e3o geral<\/span> no Plen\u00e1rio.<\/p>\n<p style=\"font-size: 0.8rem; font-weight: 700;\">Reportagem \u2013 Tiago Miranda<br \/>Edi\u00e7\u00e3o \u2013 Pierre Triboli<\/p>\n<\/p><\/div>\n<p><\/a><\/p>\n<p>Fonte: www.camara.leg.br <\/p>\n","protected":false},"excerpt":{"rendered":"<p>12\/08\/2025 &#8211; 19:44 \u00a0 Kayo Magalh\u00e3es\/C\u00e2mara dos Deputados Erika Hilton: a regula\u00e7\u00e3o das redes sociais vai garantir a seguran\u00e7a digital Deputados da base governista e da oposi\u00e7\u00e3o discursaram no Plen\u00e1rio, nesta ter\u00e7a-feira (12), em defesa da prote\u00e7\u00e3o de crian\u00e7as e adolescentes no ambiente digital. O tema teve sugest\u00f5es distintas: enquanto uns defendem a regula\u00e7\u00e3o das [&hellip;]<\/p>\n","protected":false},"author":3,"featured_media":2616,"comment_status":"open","ping_status":"open","sticky":false,"template":"","format":"standard","meta":{"advanced_seo_description":"","jetpack_seo_html_title":"","jetpack_seo_noindex":false,"fifu_image_url":"https:\/\/www.camara.leg.br\/midias\/image\/2025\/08\/img20250812164727277-768x473.jpg","fifu_image_alt":"","_jetpack_memberships_contains_paid_content":false,"footnotes":"","jetpack_publicize_message":"","jetpack_publicize_feature_enabled":true,"jetpack_social_post_already_shared":true,"jetpack_social_options":{"image_generator_settings":{"template":"highway","default_image_id":0,"font":"","enabled":false},"version":2}},"categories":[106,1],"tags":[],"class_list":{"0":"post-2615","1":"post","2":"type-post","3":"status-publish","4":"format-standard","5":"has-post-thumbnail","7":"category-politica","8":"category-uncategorized"},"jetpack_publicize_connections":[],"jetpack_featured_media_url":"https:\/\/i0.wp.com\/www.camara.leg.br\/midias\/image\/2025\/08\/img20250812164727277-768x473.jpg?fit=%2C&ssl=1","jetpack_sharing_enabled":true,"jetpack-related-posts":[],"_links":{"self":[{"href":"https:\/\/friburgonoticias.com.br\/temp\/wp-json\/wp\/v2\/posts\/2615","targetHints":{"allow":["GET"]}}],"collection":[{"href":"https:\/\/friburgonoticias.com.br\/temp\/wp-json\/wp\/v2\/posts"}],"about":[{"href":"https:\/\/friburgonoticias.com.br\/temp\/wp-json\/wp\/v2\/types\/post"}],"author":[{"embeddable":true,"href":"https:\/\/friburgonoticias.com.br\/temp\/wp-json\/wp\/v2\/users\/3"}],"replies":[{"embeddable":true,"href":"https:\/\/friburgonoticias.com.br\/temp\/wp-json\/wp\/v2\/comments?post=2615"}],"version-history":[{"count":0,"href":"https:\/\/friburgonoticias.com.br\/temp\/wp-json\/wp\/v2\/posts\/2615\/revisions"}],"wp:featuredmedia":[{"embeddable":true,"href":"https:\/\/friburgonoticias.com.br\/temp\/wp-json\/wp\/v2\/media\/2616"}],"wp:attachment":[{"href":"https:\/\/friburgonoticias.com.br\/temp\/wp-json\/wp\/v2\/media?parent=2615"}],"wp:term":[{"taxonomy":"category","embeddable":true,"href":"https:\/\/friburgonoticias.com.br\/temp\/wp-json\/wp\/v2\/categories?post=2615"},{"taxonomy":"post_tag","embeddable":true,"href":"https:\/\/friburgonoticias.com.br\/temp\/wp-json\/wp\/v2\/tags?post=2615"}],"curies":[{"name":"wp","href":"https:\/\/api.w.org\/{rel}","templated":true}]}}