{"id":2668,"date":"2025-08-13T16:05:39","date_gmt":"2025-08-13T16:05:39","guid":{"rendered":"https:\/\/friburgonoticias.com.br\/temp\/2025\/08\/13\/comissao-discute-impactos-da-inteligencia-artificial-sobre-direitos-humanos-noticias\/"},"modified":"2025-08-13T16:05:39","modified_gmt":"2025-08-13T16:05:39","slug":"comissao-discute-impactos-da-inteligencia-artificial-sobre-direitos-humanos-noticias","status":"publish","type":"post","link":"https:\/\/friburgonoticias.com.br\/temp\/2025\/08\/13\/comissao-discute-impactos-da-inteligencia-artificial-sobre-direitos-humanos-noticias\/","title":{"rendered":"Comiss\u00e3o discute impactos da intelig\u00eancia artificial sobre direitos humanos &#8211; Not\u00edcias"},"content":{"rendered":"<p><\/p>\n<div>\n<div>\n<p class=\"g-artigo__data-hora\">\n                      13\/08\/2025 &#8211; 12:01 \u00a0\n                    <\/p>\n<div id=\"image-container-1119347\" class=\"image-container\" style=\"float: none; margin: 45px 0px; width: 100%;\" data-midia=\"1119347\">\n        <em>GettyImages<\/em><\/p>\n<p>        Discrimina\u00e7\u00e3o algor\u00edtmica e falta de transpar\u00eancia ser\u00e3o algumas dos pontos abordados\n        <\/p><\/div>\n<p data-start=\"140\" data-end=\"498\">A Comiss\u00e3o de Direitos Humanos, Minorias e Igualdade Racial da C\u00e2mara dos Deputados promove, nesta quinta-feira (14), audi\u00eancia p\u00fablica para discutir os efeitos da intelig\u00eancia artificial (IA) sobre os direitos humanos.<\/p>\n<p data-start=\"140\" data-end=\"498\">O debate atende a pedido dos deputados Reimont (PT-RJ), Erika Kokay (PT-DF) e Tadeu Veneri (PT-PR) e ser\u00e1 realizado a partir das 9 horas, no plen\u00e1rio 9.<\/p>\n<p data-start=\"500\" data-end=\"910\">No requerimento para a realiza\u00e7\u00e3o da audi\u00eancia, os deputados destacam que a crescente ado\u00e7\u00e3o de tecnologias baseadas em IA nos mais diversos setores, como economia, sa\u00fade, educa\u00e7\u00e3o, comunica\u00e7\u00e3o e seguran\u00e7a p\u00fablica, tem gerado transforma\u00e7\u00f5es significativas e, ao mesmo tempo, levantado preocupa\u00e7\u00f5es s\u00e9rias quanto \u00e0 prote\u00e7\u00e3o de direitos fundamentais.<\/p>\n<p data-start=\"500\" data-end=\"910\">Eles apontam que, embora ofere\u00e7am benef\u00edcios em termos de efici\u00eancia e inova\u00e7\u00e3o, esses sistemas tamb\u00e9m representam riscos concretos, como discrimina\u00e7\u00e3o algor\u00edtmica, falta de transpar\u00eancia, viola\u00e7\u00e3o de privacidade, vigil\u00e2ncia em massa e precariza\u00e7\u00e3o das rela\u00e7\u00f5es de trabalho.<\/p>\n<p>        &#8220;A audi\u00eancia p\u00fablica visa assegurar que o debate sobre a cria\u00e7\u00e3o de um marco legal para a IA esteja firmemente ancorado nos princ\u00edpios da dignidade humana, da igualdade e da n\u00e3o discrimina\u00e7\u00e3o, da transpar\u00eancia e da responsabilidade&#8221;, afirmam os deputados no documento.<br \/>\n        &#8220;A regula\u00e7\u00e3o da IA deve evitar retrocessos e garantir que os avan\u00e7os tecnol\u00f3gicos n\u00e3o se sobreponham \u00e0 prote\u00e7\u00e3o dos direitos humanos, especialmente dos grupos mais vulner\u00e1veis da sociedade&#8221;, concluem.<\/p>\n<p style=\"font-size: 0.8rem; font-weight: 700;\">Da Reda\u00e7\u00e3o &#8211; MB<\/p>\n<\/p><\/div>\n<\/p><\/div>\n<p><\/a><\/p>\n<p>Fonte: www.camara.leg.br<\/p>\n","protected":false},"excerpt":{"rendered":"<p>13\/08\/2025 &#8211; 12:01 \u00a0 GettyImages Discrimina\u00e7\u00e3o algor\u00edtmica e falta de transpar\u00eancia ser\u00e3o algumas dos pontos abordados A Comiss\u00e3o de Direitos Humanos, Minorias e Igualdade Racial da C\u00e2mara dos Deputados promove, nesta quinta-feira (14), audi\u00eancia p\u00fablica para discutir os efeitos da intelig\u00eancia artificial (IA) sobre os direitos humanos. O debate atende a pedido dos deputados Reimont [&hellip;]<\/p>\n","protected":false},"author":3,"featured_media":2669,"comment_status":"open","ping_status":"open","sticky":false,"template":"","format":"standard","meta":{"advanced_seo_description":"","jetpack_seo_html_title":"","jetpack_seo_noindex":false,"fifu_image_url":"https:\/\/www.camara.leg.br\/midias\/image\/2024\/12\/gettyimages-2148073937-768x405.jpg","fifu_image_alt":"","_jetpack_memberships_contains_paid_content":false,"footnotes":"","jetpack_publicize_message":"","jetpack_publicize_feature_enabled":true,"jetpack_social_post_already_shared":true,"jetpack_social_options":{"image_generator_settings":{"template":"highway","default_image_id":0,"font":"","enabled":false},"version":2}},"categories":[106,1],"tags":[],"class_list":{"0":"post-2668","1":"post","2":"type-post","3":"status-publish","4":"format-standard","5":"has-post-thumbnail","7":"category-politica","8":"category-uncategorized"},"jetpack_publicize_connections":[],"jetpack_featured_media_url":"https:\/\/i0.wp.com\/www.camara.leg.br\/midias\/image\/2024\/12\/gettyimages-2148073937-768x405.jpg?fit=%2C&ssl=1","jetpack_sharing_enabled":true,"jetpack-related-posts":[],"_links":{"self":[{"href":"https:\/\/friburgonoticias.com.br\/temp\/wp-json\/wp\/v2\/posts\/2668","targetHints":{"allow":["GET"]}}],"collection":[{"href":"https:\/\/friburgonoticias.com.br\/temp\/wp-json\/wp\/v2\/posts"}],"about":[{"href":"https:\/\/friburgonoticias.com.br\/temp\/wp-json\/wp\/v2\/types\/post"}],"author":[{"embeddable":true,"href":"https:\/\/friburgonoticias.com.br\/temp\/wp-json\/wp\/v2\/users\/3"}],"replies":[{"embeddable":true,"href":"https:\/\/friburgonoticias.com.br\/temp\/wp-json\/wp\/v2\/comments?post=2668"}],"version-history":[{"count":0,"href":"https:\/\/friburgonoticias.com.br\/temp\/wp-json\/wp\/v2\/posts\/2668\/revisions"}],"wp:featuredmedia":[{"embeddable":true,"href":"https:\/\/friburgonoticias.com.br\/temp\/wp-json\/wp\/v2\/media\/2669"}],"wp:attachment":[{"href":"https:\/\/friburgonoticias.com.br\/temp\/wp-json\/wp\/v2\/media?parent=2668"}],"wp:term":[{"taxonomy":"category","embeddable":true,"href":"https:\/\/friburgonoticias.com.br\/temp\/wp-json\/wp\/v2\/categories?post=2668"},{"taxonomy":"post_tag","embeddable":true,"href":"https:\/\/friburgonoticias.com.br\/temp\/wp-json\/wp\/v2\/tags?post=2668"}],"curies":[{"name":"wp","href":"https:\/\/api.w.org\/{rel}","templated":true}]}}