{"id":2698,"date":"2025-08-13T21:22:59","date_gmt":"2025-08-13T21:22:59","guid":{"rendered":"https:\/\/friburgonoticias.com.br\/temp\/2025\/08\/13\/eua-cancelam-vistos-de-autoridades-ligadas-ao-mais-medicos\/"},"modified":"2025-08-13T21:22:59","modified_gmt":"2025-08-13T21:22:59","slug":"eua-cancelam-vistos-de-autoridades-ligadas-ao-mais-medicos","status":"publish","type":"post","link":"https:\/\/friburgonoticias.com.br\/temp\/2025\/08\/13\/eua-cancelam-vistos-de-autoridades-ligadas-ao-mais-medicos\/","title":{"rendered":"EUA cancelam vistos de autoridades ligadas ao Mais M\u00e9dicos"},"content":{"rendered":"<p><\/p>\n<div id=\"hd80s9wa1h892edh8192\">\n        O secret\u00e1rio de Estado dos Estados Unidos, Marco Rubio, afirmou que o governo norte-americano estuda ampliar as san\u00e7\u00f5es contra integrantes do governo brasileiro. Em postagem no X, nesta quarta-feira, 13, o republicano afirmou que a administra\u00e7\u00e3o de Donald Trump est\u00e1 tomando medidas para revogar vistos.<\/p>\n<p><strong>+ Leia mais not\u00edcias de <a href=\"https:\/\/revistaoeste.com\/politica\/\" target=\"_blank\" rel=\"noreferrer noopener\">Pol\u00edtica<\/a> em Oeste<\/strong><\/p>\n<p>Tamb\u00e9m planeja restri\u00e7\u00f5es de vistos para ex-funcion\u00e1rios da Organiza\u00e7\u00e3o Pan-Americana da Sa\u00fade (Opas). O \u00f3rg\u00e3o foi o respons\u00e1vel por articular o programa Mais M\u00e9dicos no Brasil.<\/p><\/div>\n<p><\/a><\/p>\n<p>Fonte: revistaoeste.com<\/p>\n","protected":false},"excerpt":{"rendered":"<p>O secret\u00e1rio de Estado dos Estados Unidos, Marco Rubio, afirmou que o governo norte-americano estuda ampliar as san\u00e7\u00f5es contra integrantes do governo brasileiro. Em postagem no X, nesta quarta-feira, 13, o republicano afirmou que a administra\u00e7\u00e3o de Donald Trump est\u00e1 tomando medidas para revogar vistos. + Leia mais not\u00edcias de Pol\u00edtica em Oeste Tamb\u00e9m planeja [&hellip;]<\/p>\n","protected":false},"author":1,"featured_media":2699,"comment_status":"open","ping_status":"open","sticky":false,"template":"","format":"standard","meta":{"advanced_seo_description":"","jetpack_seo_html_title":"","jetpack_seo_noindex":false,"fifu_image_url":"https:\/\/medias.revistaoeste.com\/wp-content\/uploads\/2025\/08\/EUa.jpg","fifu_image_alt":"","_jetpack_memberships_contains_paid_content":false,"footnotes":"","jetpack_publicize_message":"","jetpack_publicize_feature_enabled":true,"jetpack_social_post_already_shared":true,"jetpack_social_options":{"image_generator_settings":{"template":"highway","default_image_id":0,"font":"","enabled":false},"version":2}},"categories":[107],"tags":[],"class_list":{"0":"post-2698","1":"post","2":"type-post","3":"status-publish","4":"format-standard","5":"has-post-thumbnail","7":"category-economia"},"jetpack_publicize_connections":[],"jetpack_featured_media_url":"https:\/\/i0.wp.com\/medias.revistaoeste.com\/wp-content\/uploads\/2025\/08\/EUa.jpg?fit=%2C&ssl=1","jetpack_sharing_enabled":true,"jetpack-related-posts":[],"_links":{"self":[{"href":"https:\/\/friburgonoticias.com.br\/temp\/wp-json\/wp\/v2\/posts\/2698","targetHints":{"allow":["GET"]}}],"collection":[{"href":"https:\/\/friburgonoticias.com.br\/temp\/wp-json\/wp\/v2\/posts"}],"about":[{"href":"https:\/\/friburgonoticias.com.br\/temp\/wp-json\/wp\/v2\/types\/post"}],"author":[{"embeddable":true,"href":"https:\/\/friburgonoticias.com.br\/temp\/wp-json\/wp\/v2\/users\/1"}],"replies":[{"embeddable":true,"href":"https:\/\/friburgonoticias.com.br\/temp\/wp-json\/wp\/v2\/comments?post=2698"}],"version-history":[{"count":0,"href":"https:\/\/friburgonoticias.com.br\/temp\/wp-json\/wp\/v2\/posts\/2698\/revisions"}],"wp:featuredmedia":[{"embeddable":true,"href":"https:\/\/friburgonoticias.com.br\/temp\/wp-json\/wp\/v2\/media\/2699"}],"wp:attachment":[{"href":"https:\/\/friburgonoticias.com.br\/temp\/wp-json\/wp\/v2\/media?parent=2698"}],"wp:term":[{"taxonomy":"category","embeddable":true,"href":"https:\/\/friburgonoticias.com.br\/temp\/wp-json\/wp\/v2\/categories?post=2698"},{"taxonomy":"post_tag","embeddable":true,"href":"https:\/\/friburgonoticias.com.br\/temp\/wp-json\/wp\/v2\/tags?post=2698"}],"curies":[{"name":"wp","href":"https:\/\/api.w.org\/{rel}","templated":true}]}}