{"id":2771,"date":"2025-08-14T12:22:18","date_gmt":"2025-08-14T12:22:18","guid":{"rendered":"https:\/\/friburgonoticias.com.br\/temp\/2025\/08\/14\/pai-do-deputado-estadual-andre-correa-luiz-antonio-assume-a-vaga-de-queiroz-na-camara\/"},"modified":"2025-08-14T12:22:18","modified_gmt":"2025-08-14T12:22:18","slug":"pai-do-deputado-estadual-andre-correa-luiz-antonio-assume-a-vaga-de-queiroz-na-camara","status":"publish","type":"post","link":"https:\/\/friburgonoticias.com.br\/temp\/2025\/08\/14\/pai-do-deputado-estadual-andre-correa-luiz-antonio-assume-a-vaga-de-queiroz-na-camara\/","title":{"rendered":"Pai do deputado estadual Andr\u00e9 Corr\u00eaa, Luiz Ant\u00f4nio assume a vaga de Queiroz na C\u00e2mara"},"content":{"rendered":"<p><\/p>\n<div itemprop=\"articleBody\">\nEnquanto Marcelo Queiroz (PP-RJ) deixa a C\u00e2mara dos Deputados para assumir a Secretaria de Administra\u00e7\u00e3o da Prefeitura do Rio, Luiz Ant\u00f4nio Corr\u00eaa (PP), o vereador mais votado de Valen\u00e7a, no Sul Fluminense, em 2024, fica com a vaga. <\/p>\n<p>Primeiro suplente do PP na C\u00e2mara e dentista por forma\u00e7\u00e3o, Luiz Ant\u00f4nio \u00e9 <a href=\"https:\/\/temporealrj.com\/andre-correa-e-o-irmao-sao-multados-por-propaganda-antecipada\/\">pai do prefeito da cidade, Saulo Corr\u00eaa (MDB), e do deputado estadual Andr\u00e9 Corr\u00eaa (PP) <\/a><\/p>\n<h2 class=\"wp-block-heading\" id=\"Biografia\">Pai de Andr\u00e9 Corr\u00eaa tamb\u00e9m j\u00e1 foi prefeito de Valen\u00e7a<\/h2>\n<p>O pr\u00f3prio Luiz Ant\u00f4nio foi prefeito de Valen\u00e7a entre 2001 e 2004. Nas elei\u00e7\u00f5es de 2018, foi eleito deputado federal pelo DC.\u00a0Em 2022, j\u00e1 filiado ao PP, tentou a reelei\u00e7\u00e3o \u00e0 C\u00e2mara, mas ficou com a supl\u00eancia ao conseguir 43.937 votos. Mas ocupou a vaga at\u00e9 setembro de 2023, ocupando a vaga de Dr. Luizinho, na \u00e9poca licenciado para exercer o cargo de secret\u00e1rio estadual de Sa\u00fade do Rio.\n<\/p><\/div>\n<p><\/a><\/p>\n<p>Fonte: temporealrj.com<\/p>\n","protected":false},"excerpt":{"rendered":"<p>Enquanto Marcelo Queiroz (PP-RJ) deixa a C\u00e2mara dos Deputados para assumir a Secretaria de Administra\u00e7\u00e3o da Prefeitura do Rio, Luiz Ant\u00f4nio Corr\u00eaa (PP), o vereador mais votado de Valen\u00e7a, no Sul Fluminense, em 2024, fica com a vaga. Primeiro suplente do PP na C\u00e2mara e dentista por forma\u00e7\u00e3o, Luiz Ant\u00f4nio \u00e9 pai do prefeito da [&hellip;]<\/p>\n","protected":false},"author":1,"featured_media":2772,"comment_status":"open","ping_status":"open","sticky":false,"template":"","format":"standard","meta":{"advanced_seo_description":"","jetpack_seo_html_title":"","jetpack_seo_noindex":false,"fifu_image_url":"https:\/\/temporealrj.com\/wp-content\/uploads\/2025\/08\/WhatsApp-Image-2025-08-14-at-08.04.39.jpeg","fifu_image_alt":"","_jetpack_memberships_contains_paid_content":false,"footnotes":"","jetpack_publicize_message":"","jetpack_publicize_feature_enabled":true,"jetpack_social_post_already_shared":true,"jetpack_social_options":{"image_generator_settings":{"template":"highway","default_image_id":0,"font":"","enabled":false},"version":2}},"categories":[107],"tags":[],"class_list":{"0":"post-2771","1":"post","2":"type-post","3":"status-publish","4":"format-standard","5":"has-post-thumbnail","7":"category-economia"},"jetpack_publicize_connections":[],"jetpack_featured_media_url":"https:\/\/i0.wp.com\/temporealrj.com\/wp-content\/uploads\/2025\/08\/WhatsApp-Image-2025-08-14-at-08.04.39.jpeg?fit=%2C&ssl=1","jetpack_sharing_enabled":true,"jetpack-related-posts":[],"_links":{"self":[{"href":"https:\/\/friburgonoticias.com.br\/temp\/wp-json\/wp\/v2\/posts\/2771","targetHints":{"allow":["GET"]}}],"collection":[{"href":"https:\/\/friburgonoticias.com.br\/temp\/wp-json\/wp\/v2\/posts"}],"about":[{"href":"https:\/\/friburgonoticias.com.br\/temp\/wp-json\/wp\/v2\/types\/post"}],"author":[{"embeddable":true,"href":"https:\/\/friburgonoticias.com.br\/temp\/wp-json\/wp\/v2\/users\/1"}],"replies":[{"embeddable":true,"href":"https:\/\/friburgonoticias.com.br\/temp\/wp-json\/wp\/v2\/comments?post=2771"}],"version-history":[{"count":0,"href":"https:\/\/friburgonoticias.com.br\/temp\/wp-json\/wp\/v2\/posts\/2771\/revisions"}],"wp:featuredmedia":[{"embeddable":true,"href":"https:\/\/friburgonoticias.com.br\/temp\/wp-json\/wp\/v2\/media\/2772"}],"wp:attachment":[{"href":"https:\/\/friburgonoticias.com.br\/temp\/wp-json\/wp\/v2\/media?parent=2771"}],"wp:term":[{"taxonomy":"category","embeddable":true,"href":"https:\/\/friburgonoticias.com.br\/temp\/wp-json\/wp\/v2\/categories?post=2771"},{"taxonomy":"post_tag","embeddable":true,"href":"https:\/\/friburgonoticias.com.br\/temp\/wp-json\/wp\/v2\/tags?post=2771"}],"curies":[{"name":"wp","href":"https:\/\/api.w.org\/{rel}","templated":true}]}}