{"id":2818,"date":"2025-08-14T15:05:57","date_gmt":"2025-08-14T15:05:57","guid":{"rendered":"https:\/\/friburgonoticias.com.br\/temp\/2025\/08\/14\/camara-dos-deputados-aprova-criacao-de-dois-grupos-parlamentares-noticias-6\/"},"modified":"2025-08-14T15:05:57","modified_gmt":"2025-08-14T15:05:57","slug":"camara-dos-deputados-aprova-criacao-de-dois-grupos-parlamentares-noticias-6","status":"publish","type":"post","link":"https:\/\/friburgonoticias.com.br\/temp\/2025\/08\/14\/camara-dos-deputados-aprova-criacao-de-dois-grupos-parlamentares-noticias-6\/","title":{"rendered":"C\u00e2mara dos Deputados aprova cria\u00e7\u00e3o de dois grupos parlamentares &#8211; Not\u00edcias"},"content":{"rendered":"<p><\/p>\n<div>\n<div>\n<p class=\"g-artigo__data-hora\">\n                      14\/08\/2025 &#8211; 11:01 \u00a0\n                    <\/p>\n<div id=\"image-container-1188599\" class=\"image-container\" style=\"float: none; margin: 45px 0px; width: 100%;\" data-midia=\"1188599\">\n        <em>Jos\u00e9 Fernando Ogura\/ANPr<\/em><\/p>\n<p>        Um dos grupos criados vai defender os interesses do setor de caf\u00e9\n        <\/p><\/div>\n<p>        O Plen\u00e1rio da C\u00e2mara dos Deputados aprovou nesta quinta-feira (14) dois projetos de resolu\u00e7\u00e3o (PRCs) que criam grupos parlamentares sobre o caf\u00e9 e de diplomacia parlamentar com o Congo. As resolu\u00e7\u00f5es (27\/25 e 28\/25) j\u00e1 foram promulgadas.<br \/>\n        Em geral, os grupos parlamentares promovem visitas, encontros, interc\u00e2mbio de experi\u00eancias e permuta de publica\u00e7\u00f5es e trabalhos sobre temas legislativos. N\u00e3o h\u00e1 \u00f4nus para a C\u00e2mara, e a ades\u00e3o dos deputados \u00e9 facultativa.<br \/>\n        <strong>Grupos criados<\/strong><br \/>O PRC 135\/04, do ex-deputado Silas Brasileiro (MG), institui o Grupo Parlamentar Internacional do Caf\u00e9. Conforme o autor, o Poder Legislativo n\u00e3o pode ficar indiferente a esse importante setor da agricultura brasileira.<br \/>\n        O PRC 236\/05, do ex-deputado Philemon Rodrigues (PB), cria o Grupo Parlamentar Brasil-Rep\u00fablica Democr\u00e1tica do Congo. Segundo ele, a constitui\u00e7\u00e3o desses grupos \u00e9 um mecanismo \u00fatil \u00e0 atividade parlamentar.<\/p>\n<p style=\"font-size: 0.8rem; font-weight: 700;\">Reportagem \u2013 Ralph Machado<br \/>Edi\u00e7\u00e3o \u2013 Natalia Doederlein<\/p>\n<\/p><\/div>\n<\/p><\/div>\n<p><\/a><\/p>\n<p>Fonte: www.camara.leg.br<\/p>\n","protected":false},"excerpt":{"rendered":"<p>14\/08\/2025 &#8211; 11:01 \u00a0 Jos\u00e9 Fernando Ogura\/ANPr Um dos grupos criados vai defender os interesses do setor de caf\u00e9 O Plen\u00e1rio da C\u00e2mara dos Deputados aprovou nesta quinta-feira (14) dois projetos de resolu\u00e7\u00e3o (PRCs) que criam grupos parlamentares sobre o caf\u00e9 e de diplomacia parlamentar com o Congo. As resolu\u00e7\u00f5es (27\/25 e 28\/25) j\u00e1 foram [&hellip;]<\/p>\n","protected":false},"author":3,"featured_media":0,"comment_status":"open","ping_status":"open","sticky":false,"template":"","format":"standard","meta":{"advanced_seo_description":"","jetpack_seo_html_title":"","jetpack_seo_noindex":false,"fifu_image_url":"","fifu_image_alt":"","_jetpack_memberships_contains_paid_content":false,"footnotes":"","jetpack_publicize_message":"","jetpack_publicize_feature_enabled":true,"jetpack_social_post_already_shared":true,"jetpack_social_options":{"image_generator_settings":{"template":"highway","default_image_id":0,"font":"","enabled":false},"version":2}},"categories":[106,1],"tags":[],"class_list":{"0":"post-2818","1":"post","2":"type-post","3":"status-publish","4":"format-standard","6":"category-politica","7":"category-uncategorized"},"jetpack_publicize_connections":[],"jetpack_featured_media_url":"","jetpack_sharing_enabled":true,"jetpack-related-posts":[],"_links":{"self":[{"href":"https:\/\/friburgonoticias.com.br\/temp\/wp-json\/wp\/v2\/posts\/2818","targetHints":{"allow":["GET"]}}],"collection":[{"href":"https:\/\/friburgonoticias.com.br\/temp\/wp-json\/wp\/v2\/posts"}],"about":[{"href":"https:\/\/friburgonoticias.com.br\/temp\/wp-json\/wp\/v2\/types\/post"}],"author":[{"embeddable":true,"href":"https:\/\/friburgonoticias.com.br\/temp\/wp-json\/wp\/v2\/users\/3"}],"replies":[{"embeddable":true,"href":"https:\/\/friburgonoticias.com.br\/temp\/wp-json\/wp\/v2\/comments?post=2818"}],"version-history":[{"count":0,"href":"https:\/\/friburgonoticias.com.br\/temp\/wp-json\/wp\/v2\/posts\/2818\/revisions"}],"wp:attachment":[{"href":"https:\/\/friburgonoticias.com.br\/temp\/wp-json\/wp\/v2\/media?parent=2818"}],"wp:term":[{"taxonomy":"category","embeddable":true,"href":"https:\/\/friburgonoticias.com.br\/temp\/wp-json\/wp\/v2\/categories?post=2818"},{"taxonomy":"post_tag","embeddable":true,"href":"https:\/\/friburgonoticias.com.br\/temp\/wp-json\/wp\/v2\/tags?post=2818"}],"curies":[{"name":"wp","href":"https:\/\/api.w.org\/{rel}","templated":true}]}}