{"id":2843,"date":"2025-08-14T16:00:46","date_gmt":"2025-08-14T16:00:46","guid":{"rendered":"https:\/\/friburgonoticias.com.br\/temp\/2025\/08\/14\/recurso-de-ricardo-da-karol-contra-perda-do-mandato-de-deputado-chega-ao-tse-9\/"},"modified":"2025-08-14T16:00:46","modified_gmt":"2025-08-14T16:00:46","slug":"recurso-de-ricardo-da-karol-contra-perda-do-mandato-de-deputado-chega-ao-tse-9","status":"publish","type":"post","link":"https:\/\/friburgonoticias.com.br\/temp\/2025\/08\/14\/recurso-de-ricardo-da-karol-contra-perda-do-mandato-de-deputado-chega-ao-tse-9\/","title":{"rendered":"Recurso de Ricardo da Karol contra perda do mandato de deputado chega ao TSE"},"content":{"rendered":"<p><\/p>\n<div itemprop=\"articleBody\">\nO recurso apresentado pelo deputado Ricardo da Karol (PL), contra a perda de seu mandato na Assembleia Legislativa (Alerj), chegou ao Tribunal Superior Eleitoral (TSE), nesta quarta-feira (13). A relatora sorteada para o caso foi a ministra Isabel Gallotti.<\/p>\n<p>No m\u00eas passado, o<a href=\"https:\/\/temporealrj.com\/ricardo-da-karol-tem-perda-do-mandato-de-deputado-confirmada\/\"> Tribunal Regional Eleitoral do Rio (TRE) determinou a perda do mandato do pol\u00edtico, por infidelidade partid\u00e1ria<\/a>. No entanto, a defesa dele, representada pelo advogado Eduardo Damian, conseguiu efeito suspensivo para Ricardo seguir na Alerj enquanto o TSE julga o recurso.<\/p>\n<p>Em 2024, Ricardo da Karol deixou o PDT \u2014 legenda pela qual foi eleito primeiro suplente em 2022 \u2014 para se filiar ao PL, a fim de concorrer \u00e0 Prefeitura de Mag\u00e9, pleito no qual foi derrotado. Ano passado, ele foi convocado a assumir uma cadeira na Alerj depois de Martha Rocha ser nomeada secret\u00e1ria municipal de Assist\u00eancia Social do <a href=\"https:\/\/www.instagram.com\/temporealrio\/\" target=\"_blank\" rel=\"noopener\">Rio<\/a>.<\/p>\n<p>A a\u00e7\u00e3o foi movida pelo pr\u00f3prio PDT, que pede que a Justi\u00e7a Eleitoral siga parecer do Minist\u00e9rio P\u00fablico Eleitoral (MPE) e determine a posse imediata de Wanderson Nogueira (PDT), segundo suplente da legenda.\n<\/p><\/div>\n<p><script async src=\"\/\/www.instagram.com\/embed.js\"><\/script><br \/>\n<br \/><\/a><\/p>\n<p>Fonte: temporealrj.com<\/p>\n","protected":false},"excerpt":{"rendered":"<p>O recurso apresentado pelo deputado Ricardo da Karol (PL), contra a perda de seu mandato na Assembleia Legislativa (Alerj), chegou ao Tribunal Superior Eleitoral (TSE), nesta quarta-feira (13). A relatora sorteada para o caso foi a ministra Isabel Gallotti. No m\u00eas passado, o Tribunal Regional Eleitoral do Rio (TRE) determinou a perda do mandato do [&hellip;]<\/p>\n","protected":false},"author":3,"featured_media":0,"comment_status":"open","ping_status":"open","sticky":false,"template":"","format":"standard","meta":{"advanced_seo_description":"","jetpack_seo_html_title":"","jetpack_seo_noindex":false,"fifu_image_url":"","fifu_image_alt":"","_jetpack_memberships_contains_paid_content":false,"footnotes":"","jetpack_publicize_message":"","jetpack_publicize_feature_enabled":true,"jetpack_social_post_already_shared":true,"jetpack_social_options":{"image_generator_settings":{"template":"highway","default_image_id":0,"font":"","enabled":false},"version":2}},"categories":[107],"tags":[],"class_list":{"0":"post-2843","1":"post","2":"type-post","3":"status-publish","4":"format-standard","6":"category-economia"},"jetpack_publicize_connections":[],"jetpack_featured_media_url":"","jetpack_sharing_enabled":true,"jetpack-related-posts":[],"_links":{"self":[{"href":"https:\/\/friburgonoticias.com.br\/temp\/wp-json\/wp\/v2\/posts\/2843","targetHints":{"allow":["GET"]}}],"collection":[{"href":"https:\/\/friburgonoticias.com.br\/temp\/wp-json\/wp\/v2\/posts"}],"about":[{"href":"https:\/\/friburgonoticias.com.br\/temp\/wp-json\/wp\/v2\/types\/post"}],"author":[{"embeddable":true,"href":"https:\/\/friburgonoticias.com.br\/temp\/wp-json\/wp\/v2\/users\/3"}],"replies":[{"embeddable":true,"href":"https:\/\/friburgonoticias.com.br\/temp\/wp-json\/wp\/v2\/comments?post=2843"}],"version-history":[{"count":0,"href":"https:\/\/friburgonoticias.com.br\/temp\/wp-json\/wp\/v2\/posts\/2843\/revisions"}],"wp:attachment":[{"href":"https:\/\/friburgonoticias.com.br\/temp\/wp-json\/wp\/v2\/media?parent=2843"}],"wp:term":[{"taxonomy":"category","embeddable":true,"href":"https:\/\/friburgonoticias.com.br\/temp\/wp-json\/wp\/v2\/categories?post=2843"},{"taxonomy":"post_tag","embeddable":true,"href":"https:\/\/friburgonoticias.com.br\/temp\/wp-json\/wp\/v2\/tags?post=2843"}],"curies":[{"name":"wp","href":"https:\/\/api.w.org\/{rel}","templated":true}]}}