{"id":2851,"date":"2025-08-14T16:01:35","date_gmt":"2025-08-14T16:01:35","guid":{"rendered":"https:\/\/friburgonoticias.com.br\/temp\/2025\/08\/14\/deputado-defende-inclusao-de-pessoas-neurodivergentes-assista-noticias-4\/"},"modified":"2025-08-14T16:01:35","modified_gmt":"2025-08-14T16:01:35","slug":"deputado-defende-inclusao-de-pessoas-neurodivergentes-assista-noticias-4","status":"publish","type":"post","link":"https:\/\/friburgonoticias.com.br\/temp\/2025\/08\/14\/deputado-defende-inclusao-de-pessoas-neurodivergentes-assista-noticias-4\/","title":{"rendered":"Deputado defende inclus\u00e3o de pessoas neurodivergentes; assista &#8211; Not\u00edcias"},"content":{"rendered":"<p><\/p>\n<div>\n<p class=\"g-artigo__data-hora\">\n                      14\/08\/2025 &#8211; 10:57 \u00a0\n                    <\/p>\n<div id=\"video-container-1188550\" class=\"embed-responsive embed-responsive-16by9\" style=\"margin-bottom: 18px;\" data-youtube-id=\"7RqPZoXHKJI\">\n        <em>YouTube<\/em><br \/>\n        <iframe loading=\"lazy\" title=\"Debatido mercado de trabalho para pessoas neurodivergentes - 13\/08\/25\" width=\"1170\" height=\"658\" src=\"https:\/\/www.youtube.com\/embed\/7RqPZoXHKJI?feature=oembed\" frameborder=\"0\" allow=\"accelerometer; autoplay; clipboard-write; encrypted-media; gyroscope; picture-in-picture; web-share\" referrerpolicy=\"strict-origin-when-cross-origin\" allowfullscreen><\/iframe><\/p><\/div>\n<p>        \u00a0<\/p>\n<p data-start=\"178\" data-end=\"580\">A <span id=\"4085\" class=\"termoGlossario\" title=\"Comiss\u00e3o da C\u00e2mara que recebe propostas de associa\u00e7\u00f5es e \u00f3rg\u00e3os de classe, sindicatos e demais entidades organizadas da sociedade civil, exceto partidos pol\u00edticos. Todas as sugest\u00f5es apresentadas s\u00e3o examinadas e, se aprovadas, transformadas em projetos de lei, que passam a tramitar normalmente na C\u00e2mara.\" contenteditable=\"false\" data-toggle=\"tooltip\" data-placement=\"top\">Comiss\u00e3o de Legisla\u00e7\u00e3o Participativa<\/span> da C\u00e2mara dos Deputados discutiu, nesta quarta-feira (13), a inclus\u00e3o de pessoas neurodivergentes no mercado de trabalho. Especialistas e ativistas na defesa de pessoas com transtorno do espectro autista (TEA) e transtorno do d\u00e9ficit de aten\u00e7\u00e3o e hiperatividade (TDAH) defenderam que empresas adotem medidas de adapta\u00e7\u00e3o para atender \u00e0s necessidades desse p\u00fablico.<\/p>\n<p data-start=\"582\" data-end=\"1099\">A psic\u00f3loga Adriana Reis, que \u00e9 filha e m\u00e3e de pessoas com autismo, prop\u00f4s a ado\u00e7\u00e3o de a\u00e7\u00f5es \u201cneuroafirmativas\u201d para a cria\u00e7\u00e3o de ambientes laborais mais acolhedores. Segundo ela, n\u00e3o \u00e9 a pessoa com defici\u00eancia que deve se adaptar ao ambiente. \u201c\u00c9 o ambiente que tem que ser inclusivo para que ela possa estar inserida\u201d, afirmou.<\/p>\n<p data-start=\"1101\" data-end=\"1567\">O deputado Jo\u00e3o Daniel (PT-SE), que foi quem pediu a audi\u00eancia, disse que a inclus\u00e3o desse p\u00fablico exige n\u00e3o apenas aperfei\u00e7oamento da legisla\u00e7\u00e3o, mas tamb\u00e9m mudan\u00e7as culturais.<\/p>\n<p data-start=\"1101\" data-end=\"1567\">\u201cPrecisamos aprovar leis que garantam a inclus\u00e3o, a participa\u00e7\u00e3o e os direitos dessa popula\u00e7\u00e3o, que tem muito a contribuir com a sociedade\u201d, disse Daniel, acrescentando que \u00e9 preciso ainda combater qualquer tipo de preconceito, \u00f3dio ou tratamento discriminat\u00f3rio.<\/p>\n<p data-start=\"1569\" data-end=\"1621\"><strong>Projeto na C\u00e2mara<\/strong><br \/>Jo\u00e3o Daniel \u00e9 autor do Projeto de Lei 5499\/23, que institui a Pol\u00edtica Nacional de Prote\u00e7\u00e3o \u00e0s Pessoas Neurodivergentes. O parlamentar argumenta que a legisla\u00e7\u00e3o atual tem lacunas, especialmente em rela\u00e7\u00e3o a crit\u00e9rios para considerar algu\u00e9m como pessoa com defici\u00eancia.<\/p>\n<p>        A proposta, que tramita em <span id=\"4322\" class=\"termoGlossario\" title=\"Rito de tramita\u00e7\u00e3o pelo qual o projeto \u00e9 votado apenas pelas comiss\u00f5es designadas para analis\u00e1-lo, dispensada a delibera\u00e7\u00e3o do Plen\u00e1rio. O projeto perde o car\u00e1ter conclusivo se houver decis\u00e3o divergente entre as comiss\u00f5es ou se, independentemente de ser aprovado ou rejeitado, houver recurso assinado por 52 deputados para a aprecia\u00e7\u00e3o da mat\u00e9ria no Plen\u00e1rio.\" contenteditable=\"false\" data-toggle=\"tooltip\" data-placement=\"top\">car\u00e1ter conclusivo<\/span>, j\u00e1 foi aprovada pelas comiss\u00f5es <a href=\"https:\/\/www.camara.leg.br\/noticias\/1089699-COMISSAO-APROVA-PROJETO-QUE-CRIA-POLITICA-DE-PROTECAO-A-PESSOAS-NEURODIVERGENTES\">de Defesa dos Direitos das Pessoas com Defici\u00eancia<\/a>; e de <a href=\"https:\/\/www.camara.leg.br\/noticias\/1162008-COMISSAO-APROVA-REGRAS-PARA-A-INCLUSAO-DE-PESSOAS-NEURODIVERGENTES\">Previd\u00eancia, Assist\u00eancia Social, Inf\u00e2ncia, Adolesc\u00eancia e Fam\u00edlia.<\/a><br \/>\n        O projeto ainda precisa ser votado por mais quatro comiss\u00f5es na C\u00e2mara (Educa\u00e7\u00e3o; Sa\u00fade; Finan\u00e7as e de Tributa\u00e7\u00e3o; e Constitui\u00e7\u00e3o e Justi\u00e7a) e no Senado.<br \/>\n        Para virar lei, a proposta precisa ser aprovada pela C\u00e2mara e pelo Senado.<\/p>\n<p>        \u00a0<br \/>\n        <iframe class=\"infografico-container\" style=\"width: 100%; height: 100%;\" src=\"https:\/\/www.camara.leg.br\/internet\/agencia\/infograficos-html5\/neurodiversidade\/index.html\" frameborder=\"0\" data-mce-fragment=\"1\"><\/iframe><br \/>\n        \u00a0<\/p>\n<p style=\"font-size: 0.8rem; font-weight: 700;\">Reportagem \u2013 Dourivan Lima<br \/>Edi\u00e7\u00e3o \u2013 Natalia Doederlein<\/p>\n<\/p><\/div>\n<p><\/a><\/p>\n<p>Fonte: www.camara.leg.br<\/p>\n","protected":false},"excerpt":{"rendered":"<p>14\/08\/2025 &#8211; 10:57 \u00a0 YouTube \u00a0 A Comiss\u00e3o de Legisla\u00e7\u00e3o Participativa da C\u00e2mara dos Deputados discutiu, nesta quarta-feira (13), a inclus\u00e3o de pessoas neurodivergentes no mercado de trabalho. Especialistas e ativistas na defesa de pessoas com transtorno do espectro autista (TEA) e transtorno do d\u00e9ficit de aten\u00e7\u00e3o e hiperatividade (TDAH) defenderam que empresas adotem medidas [&hellip;]<\/p>\n","protected":false},"author":3,"featured_media":0,"comment_status":"open","ping_status":"open","sticky":false,"template":"","format":"standard","meta":{"advanced_seo_description":"","jetpack_seo_html_title":"","jetpack_seo_noindex":false,"fifu_image_url":"","fifu_image_alt":"","_jetpack_memberships_contains_paid_content":false,"footnotes":"","jetpack_publicize_message":"","jetpack_publicize_feature_enabled":true,"jetpack_social_post_already_shared":true,"jetpack_social_options":{"image_generator_settings":{"template":"highway","default_image_id":0,"font":"","enabled":false},"version":2}},"categories":[106,1],"tags":[],"class_list":{"0":"post-2851","1":"post","2":"type-post","3":"status-publish","4":"format-standard","6":"category-politica","7":"category-uncategorized"},"jetpack_publicize_connections":[],"jetpack_featured_media_url":"","jetpack_sharing_enabled":true,"jetpack-related-posts":[],"_links":{"self":[{"href":"https:\/\/friburgonoticias.com.br\/temp\/wp-json\/wp\/v2\/posts\/2851","targetHints":{"allow":["GET"]}}],"collection":[{"href":"https:\/\/friburgonoticias.com.br\/temp\/wp-json\/wp\/v2\/posts"}],"about":[{"href":"https:\/\/friburgonoticias.com.br\/temp\/wp-json\/wp\/v2\/types\/post"}],"author":[{"embeddable":true,"href":"https:\/\/friburgonoticias.com.br\/temp\/wp-json\/wp\/v2\/users\/3"}],"replies":[{"embeddable":true,"href":"https:\/\/friburgonoticias.com.br\/temp\/wp-json\/wp\/v2\/comments?post=2851"}],"version-history":[{"count":0,"href":"https:\/\/friburgonoticias.com.br\/temp\/wp-json\/wp\/v2\/posts\/2851\/revisions"}],"wp:attachment":[{"href":"https:\/\/friburgonoticias.com.br\/temp\/wp-json\/wp\/v2\/media?parent=2851"}],"wp:term":[{"taxonomy":"category","embeddable":true,"href":"https:\/\/friburgonoticias.com.br\/temp\/wp-json\/wp\/v2\/categories?post=2851"},{"taxonomy":"post_tag","embeddable":true,"href":"https:\/\/friburgonoticias.com.br\/temp\/wp-json\/wp\/v2\/tags?post=2851"}],"curies":[{"name":"wp","href":"https:\/\/api.w.org\/{rel}","templated":true}]}}