{"id":2863,"date":"2025-08-14T17:12:58","date_gmt":"2025-08-14T17:12:58","guid":{"rendered":"https:\/\/friburgonoticias.com.br\/temp\/2025\/08\/14\/comissao-da-camara-aprova-licenca-de-120-dias-para-estagiaria-gestante-noticias-3\/"},"modified":"2025-08-14T17:12:58","modified_gmt":"2025-08-14T17:12:58","slug":"comissao-da-camara-aprova-licenca-de-120-dias-para-estagiaria-gestante-noticias-3","status":"publish","type":"post","link":"https:\/\/friburgonoticias.com.br\/temp\/2025\/08\/14\/comissao-da-camara-aprova-licenca-de-120-dias-para-estagiaria-gestante-noticias-3\/","title":{"rendered":"Comiss\u00e3o da C\u00e2mara aprova licen\u00e7a de 120 dias para estagi\u00e1ria gestante &#8211; Not\u00edcias"},"content":{"rendered":"<p><\/p>\n<div>\n<p class=\"g-artigo__data-hora\">\n                      14\/08\/2025 &#8211; 13:09 \u00a0\n                    <\/p>\n<div id=\"image-container-1188616\" class=\"image-container\" style=\"float: none; margin: 45px 0px; width: 100%;\" data-midia=\"1188616\">\n        <em>Kayo Magalh\u00e3es \/ C\u00e2mara dos Deputados<\/em><\/p>\n<p>        S\u00e2mia Bomfim: prote\u00e7\u00e3o \u00e0 maternidade deve ser estendida a todas as mulheres\n        <\/p><\/div>\n<p>        A Comiss\u00e3o de Defesa dos Direitos da Mulher da C\u00e2mara dos Deputados aprovou o <a class=\"linkProposicao\" href=\"https:\/\/www.camara.leg.br\/noticias\/1139038-projeto-garante-licenca-de-120-dias-a-estagiaria-gestante\">Projeto de Lei 301\/25<\/a>, que altera a <a class=\"linkLegislacao\" href=\"https:\/\/www2.camara.gov.br\/legin\/fed\/lei\/2008\/lei-11788-25-setembro-2008-581200-norma-pl.html\">Lei do Est\u00e1gio<\/a> para garantir \u00e0s estagi\u00e1rias o direito \u00e0 licen\u00e7a-maternidade de 120 dias. Durante a licen\u00e7a, as estagi\u00e1rias continuar\u00e3o recebendo a bolsa, exceto se j\u00e1 receberem o sal\u00e1rio-maternidade, mas deixar\u00e3o de ter direito ao aux\u00edlio-transporte.<br \/>\n        Pela proposta, a licen\u00e7a poder\u00e1 ser solicitada a partir do 28\u00ba dia antes do parto. O afastamento antes e depois do parto poder\u00e1 ser acrescido de duas semanas cada um, mediante atestado m\u00e9dico.<br \/>\n        <strong>Parecer favor\u00e1vel<\/strong><br \/>A proposta \u00e9 da deputada Ely Santos (Republicanos-SP) e foi aprovada por recomenda\u00e7\u00e3o da relatora, deputada S\u00e2mia Bomfim (Psol-SP).<br \/>\n        S\u00e2mia observou que a continuidade das atividades de est\u00e1gio, a depender de sua natureza, pode expor a gestante a riscos f\u00edsicos e psicol\u00f3gicos, como estresse, longas jornadas e deslocamentos, que podem impactar negativamente a sua sa\u00fade e \u00e0 do beb\u00ea. A suspens\u00e3o tempor\u00e1ria do est\u00e1gio, disse a relatora, busca proteger o direito \u00e0 sa\u00fade previsto na Constitui\u00e7\u00e3o.<br \/>\n        <strong>Isonomia<\/strong><br \/>\u201cEmbora o est\u00e1gio n\u00e3o configure v\u00ednculo empregat\u00edcio, o princ\u00edpio da isonomia sugere que a prote\u00e7\u00e3o \u00e0 maternidade deve ser estendida a todas as mulheres que exercem alguma forma de trabalho ou aprendizado\u201d, afirmou S\u00e2mia.<br \/>\n        \u201cNegar \u00e0 estagi\u00e1ria um afastamento para se dedicar \u00e0 maternidade cria desigualdade em rela\u00e7\u00e3o \u00e0s trabalhadoras celetistas, penalizando a estudante por sua condi\u00e7\u00e3o de gestante.\u201d<br \/>\n        Na avalia\u00e7\u00e3o de S\u00e2mia Bomfim, a suspens\u00e3o do contrato, com a garantia de retorno, assegura que a gesta\u00e7\u00e3o n\u00e3o se torne um obst\u00e1culo em sua trajet\u00f3ria acad\u00eamica e profissional.\u00a0A medida tamb\u00e9m traria seguran\u00e7a jur\u00eddica para a estagi\u00e1ria, a empresa e a institui\u00e7\u00e3o de ensino.<br \/>\n        <strong>Estabilidade<br \/><\/strong>A proposta garante \u00e0 estagi\u00e1ria gestante estabilidade provis\u00f3ria desde a confirma\u00e7\u00e3o da gravidez at\u00e9 o parto, inclu\u00eddo o prazo da licen\u00e7a.<br \/>\n        A licen\u00e7a tamb\u00e9m ser\u00e1 concedida nos casos de aborto permitido em lei pelo prazo de duas semanas.<br \/>\n        O texto garante ainda a prioridade ao est\u00e1gio na modalidade de teletrabalho para as estagi\u00e1rias gestantes, assim como para as estagi\u00e1rias e para os estagi\u00e1rios com filho, enteado ou crian\u00e7a sob guarda judicial com at\u00e9 seis anos.<br \/>\n        Por fim, a proposta assegura \u00e0 estagi\u00e1ria altera\u00e7\u00f5es nas atividades de aprendizagem social, profissional e cultural desempenhadas durante a gesta\u00e7\u00e3o, quando as condi\u00e7\u00f5es de sa\u00fade o exigirem.<br \/>\n        <strong>Pr\u00f3ximos passos<br \/><\/strong>O projeto tramita em <span id=\"4322\" class=\"termoGlossario\" title=\"Rito de tramita\u00e7\u00e3o pelo qual o projeto \u00e9 votado apenas pelas comiss\u00f5es designadas para analis\u00e1-lo, dispensada a delibera\u00e7\u00e3o do Plen\u00e1rio. O projeto perde o car\u00e1ter conclusivo se houver decis\u00e3o divergente entre as comiss\u00f5es ou se, independentemente de ser aprovado ou rejeitado, houver recurso assinado por 52 deputados para a aprecia\u00e7\u00e3o da mat\u00e9ria no Plen\u00e1rio.\" contenteditable=\"false\" data-toggle=\"tooltip\" data-placement=\"top\">car\u00e1ter conclusivo<\/span> e ainda ser\u00e1 analisado pelas comiss\u00f5es de Trabalho; e de Constitui\u00e7\u00e3o e Justi\u00e7a e de Cidadania. Para virar lei, a medida precisa ser aprovada pela C\u00e2mara e pelo Senado.<\/p>\n<p style=\"font-size: 0.8rem; font-weight: 700;\">Reportagem \u2013 No\u00e9li Nobre<br \/>Edi\u00e7\u00e3o \u2013 Natalia Doederlein<\/p>\n<\/p><\/div>\n<p><\/a><\/p>\n<p>Fonte: www.camara.leg.br<\/p>\n","protected":false},"excerpt":{"rendered":"<p>14\/08\/2025 &#8211; 13:09 \u00a0 Kayo Magalh\u00e3es \/ C\u00e2mara dos Deputados S\u00e2mia Bomfim: prote\u00e7\u00e3o \u00e0 maternidade deve ser estendida a todas as mulheres A Comiss\u00e3o de Defesa dos Direitos da Mulher da C\u00e2mara dos Deputados aprovou o Projeto de Lei 301\/25, que altera a Lei do Est\u00e1gio para garantir \u00e0s estagi\u00e1rias o direito \u00e0 licen\u00e7a-maternidade de [&hellip;]<\/p>\n","protected":false},"author":3,"featured_media":2864,"comment_status":"open","ping_status":"open","sticky":false,"template":"","format":"standard","meta":{"advanced_seo_description":"","jetpack_seo_html_title":"","jetpack_seo_noindex":false,"fifu_image_url":"https:\/\/www.camara.leg.br\/midias\/image\/2025\/08\/img20250423204937579-768x473.jpg","fifu_image_alt":"","_jetpack_memberships_contains_paid_content":false,"footnotes":"","jetpack_publicize_message":"","jetpack_publicize_feature_enabled":true,"jetpack_social_post_already_shared":true,"jetpack_social_options":{"image_generator_settings":{"template":"highway","default_image_id":0,"font":"","enabled":false},"version":2}},"categories":[106,1],"tags":[],"class_list":{"0":"post-2863","1":"post","2":"type-post","3":"status-publish","4":"format-standard","5":"has-post-thumbnail","7":"category-politica","8":"category-uncategorized"},"jetpack_publicize_connections":[],"jetpack_featured_media_url":"https:\/\/i0.wp.com\/www.camara.leg.br\/midias\/image\/2025\/08\/img20250423204937579-768x473.jpg?fit=%2C&ssl=1","jetpack_sharing_enabled":true,"jetpack-related-posts":[],"_links":{"self":[{"href":"https:\/\/friburgonoticias.com.br\/temp\/wp-json\/wp\/v2\/posts\/2863","targetHints":{"allow":["GET"]}}],"collection":[{"href":"https:\/\/friburgonoticias.com.br\/temp\/wp-json\/wp\/v2\/posts"}],"about":[{"href":"https:\/\/friburgonoticias.com.br\/temp\/wp-json\/wp\/v2\/types\/post"}],"author":[{"embeddable":true,"href":"https:\/\/friburgonoticias.com.br\/temp\/wp-json\/wp\/v2\/users\/3"}],"replies":[{"embeddable":true,"href":"https:\/\/friburgonoticias.com.br\/temp\/wp-json\/wp\/v2\/comments?post=2863"}],"version-history":[{"count":0,"href":"https:\/\/friburgonoticias.com.br\/temp\/wp-json\/wp\/v2\/posts\/2863\/revisions"}],"wp:featuredmedia":[{"embeddable":true,"href":"https:\/\/friburgonoticias.com.br\/temp\/wp-json\/wp\/v2\/media\/2864"}],"wp:attachment":[{"href":"https:\/\/friburgonoticias.com.br\/temp\/wp-json\/wp\/v2\/media?parent=2863"}],"wp:term":[{"taxonomy":"category","embeddable":true,"href":"https:\/\/friburgonoticias.com.br\/temp\/wp-json\/wp\/v2\/categories?post=2863"},{"taxonomy":"post_tag","embeddable":true,"href":"https:\/\/friburgonoticias.com.br\/temp\/wp-json\/wp\/v2\/tags?post=2863"}],"curies":[{"name":"wp","href":"https:\/\/api.w.org\/{rel}","templated":true}]}}