{"id":2909,"date":"2025-08-15T13:32:58","date_gmt":"2025-08-15T13:32:58","guid":{"rendered":"https:\/\/friburgonoticias.com.br\/temp\/2025\/08\/15\/moraes-manda-seguranca-pegar-celular-de-advogado-em-audiencia\/"},"modified":"2025-08-15T13:32:58","modified_gmt":"2025-08-15T13:32:58","slug":"moraes-manda-seguranca-pegar-celular-de-advogado-em-audiencia","status":"publish","type":"post","link":"https:\/\/friburgonoticias.com.br\/temp\/2025\/08\/15\/moraes-manda-seguranca-pegar-celular-de-advogado-em-audiencia\/","title":{"rendered":"Moraes manda seguran\u00e7a pegar celular de advogado em audi\u00eancia"},"content":{"rendered":"<p><\/p>\n<div id=\"hd80s9wa1h892edh8192\">\n        Durante a acarea\u00e7\u00e3o entre Mauro Cid e o coronel da reserva Marcelo C\u00e2mara no <strong><a href=\"https:\/\/portal.stf.jus.br\/\" target=\"_blank\" rel=\"noreferrer noopener\">Supremo Tribunal Federal<\/a><\/strong> (STF), na \u00faltima quarta-feira, 14, o ministro Alexandre de Moraes interrompeu a sess\u00e3o para mandar verificar o celular do advogado Marcus Vinicius de Camargo Figueiredo.<\/p>\n<p>Moraes deu a ordem ao suspeitar que Figueiredo, defensor do general da reserva M\u00e1rio Fernandes, poderia estar gravando, o que seria contr\u00e1rio \u00e0 sua proibi\u00e7\u00e3o de registros em \u00e1udio ou v\u00eddeo. O ministro mandou que um seguran\u00e7a fizesse a verifica\u00e7\u00e3o do aparelho.<\/p>\n<p><strong>+ Leia mais not\u00edcias de <a href=\"https:\/\/revistaoeste.com\/politica\" target=\"_blank\" rel=\"noreferrer noopener\">Pol\u00edtica<\/a> em Oeste<\/strong><\/p>\n<p>Fontes presentes na audi\u00eancia relataram ao jornal <em>Folha de S.Paulo<\/em> que Marcus Vinicius se manifestou quando Cid e C\u00e2mara mencionaram M\u00e1rio Fernandes como autor do chamado plano Punhal Verde e Amarelo. O advogado tentou apresentar uma quest\u00e3o de ordem para questionar a rela\u00e7\u00e3o entre o monitoramento de Moraes e o suposto plano.<\/p>\n<figure class=\"wp-block-image aligncenter size-full\"><picture><source data-srcset=\"https:\/\/medias.revistaoeste.com\/wp-content\/uploads\/2025\/06\/Mauro-Cid-3.jpeg.webp 1170w, https:\/\/medias.revistaoeste.com\/wp-content\/uploads\/2025\/06\/Mauro-Cid-3-300x179.jpeg.webp 300w, https:\/\/medias.revistaoeste.com\/wp-content\/uploads\/2025\/06\/Mauro-Cid-3-150x90.jpeg.webp 150w\" data-sizes=\"(max-width: 1170px) 100vw, 1170px\" type=\"image\/webp\"><img loading=\"lazy\" decoding=\"async\" width=\"1170\" height=\"700\" alt=\"O tenente-coronel Mauro Cid, uma das testemunhas do julgamento sobre o suposto golpe de 8 de janeiro de 2023: respostas favorecem Bolsonaro, avalia Guzzo | Foto: Ton Molina\/STF\" class=\"wp-image-2019982 perfmatters-lazy\" data-eio=\"p\" src=\"https:\/\/medias.revistaoeste.com\/wp-content\/uploads\/2025\/06\/Mauro-Cid-3.jpeg\" srcset=\"https:\/\/medias.revistaoeste.com\/wp-content\/uploads\/2025\/06\/Mauro-Cid-3.jpeg 1170w, https:\/\/medias.revistaoeste.com\/wp-content\/uploads\/2025\/06\/Mauro-Cid-3-300x179.jpeg 300w, https:\/\/medias.revistaoeste.com\/wp-content\/uploads\/2025\/06\/Mauro-Cid-3-150x90.jpeg 150w\" data-sizes=\"(max-width: 1170px) 100vw, 1170px\"\/><img loading=\"lazy\" decoding=\"async\" width=\"1170\" height=\"700\" src=\"https:\/\/medias.revistaoeste.com\/wp-content\/uploads\/2025\/06\/Mauro-Cid-3.jpeg\" alt=\"O tenente-coronel Mauro Cid, uma das testemunhas do julgamento sobre o suposto golpe de 8 de janeiro de 2023: respostas favorecem Bolsonaro, avalia Guzzo | Foto: Ton Molina\/STF\" class=\"wp-image-2019982\" srcset=\"https:\/\/medias.revistaoeste.com\/wp-content\/uploads\/2025\/06\/Mauro-Cid-3.jpeg 1170w, https:\/\/medias.revistaoeste.com\/wp-content\/uploads\/2025\/06\/Mauro-Cid-3-300x179.jpeg 300w, https:\/\/medias.revistaoeste.com\/wp-content\/uploads\/2025\/06\/Mauro-Cid-3-150x90.jpeg 150w\" sizes=\"auto, (max-width: 1170px) 100vw, 1170px\" data-eio=\"p\"\/><\/source><\/picture><figcaption class=\"wp-element-caption\">O tenente-coronel Mauro Cid, uma das testemunhas do julgamento sobre o suposto golpe de 8 de janeiro de 2023 | Foto: Ton Molina\/STF<\/figcaption><\/figure>\n<p>Moraes recusou o pedido, sob o argumento de que n\u00e3o era o momento para perguntas da defesa. Em seguida, afirmou que Figueiredo n\u00e3o deveria participar da sess\u00e3o. O advogado entregou o celular, informou a senha e exigiu respeito ao ministro, que respondeu pedindo reciprocidade.<\/p>\n<p>No encerramento da acarea\u00e7\u00e3o, Moraes determinou que a negativa \u00e0 quest\u00e3o de ordem fosse registrada em ata. Figueiredo deixou o local sem fazer declara\u00e7\u00f5es. Tanto o ministro quanto o advogado preferiram n\u00e3o comentar o epis\u00f3dio, segundo a assessoria do STF.<\/p>\n<p>M\u00e1rio Fernandes, ex-assessor no Planalto durante o governo de Jair Bolsonaro, est\u00e1 preso, acusado de ser o respons\u00e1vel pelo plano Punhal Verde e Amarelo, que que supostamente previa assassinar Moraes, Lula e Geraldo Alckmin. Ele nega qualquer iniciativa para executar as a\u00e7\u00f5es e afirma que o plano era apenas um \u201cpensamento digitalizado\u201d.<\/p>\n<figure class=\"wp-block-image aligncenter size-full\"><picture><source data-srcset=\"https:\/\/medias.revistaoeste.com\/wp-content\/uploads\/2025\/07\/48382178736_d056a3de15_o-copiar.jpg.webp 1620w, https:\/\/medias.revistaoeste.com\/wp-content\/uploads\/2025\/07\/48382178736_d056a3de15_o-copiar-300x200.jpg.webp 300w, https:\/\/medias.revistaoeste.com\/wp-content\/uploads\/2025\/07\/48382178736_d056a3de15_o-copiar-150x100.jpg.webp 150w\" data-sizes=\"(max-width: 1620px) 100vw, 1620px\" type=\"image\/webp\"><img loading=\"lazy\" decoding=\"async\" width=\"1620\" height=\"1080\" alt=\"\" class=\"wp-image-2072534 perfmatters-lazy\" data-eio=\"p\" src=\"https:\/\/medias.revistaoeste.com\/wp-content\/uploads\/2025\/07\/48382178736_d056a3de15_o-copiar.jpg\" srcset=\"https:\/\/medias.revistaoeste.com\/wp-content\/uploads\/2025\/07\/48382178736_d056a3de15_o-copiar.jpg 1620w, https:\/\/medias.revistaoeste.com\/wp-content\/uploads\/2025\/07\/48382178736_d056a3de15_o-copiar-300x200.jpg 300w, https:\/\/medias.revistaoeste.com\/wp-content\/uploads\/2025\/07\/48382178736_d056a3de15_o-copiar-150x100.jpg 150w\" data-sizes=\"(max-width: 1620px) 100vw, 1620px\"\/><img loading=\"lazy\" decoding=\"async\" width=\"1620\" height=\"1080\" src=\"https:\/\/medias.revistaoeste.com\/wp-content\/uploads\/2025\/07\/48382178736_d056a3de15_o-copiar.jpg\" alt=\"\" class=\"wp-image-2072534\" srcset=\"https:\/\/medias.revistaoeste.com\/wp-content\/uploads\/2025\/07\/48382178736_d056a3de15_o-copiar.jpg 1620w, https:\/\/medias.revistaoeste.com\/wp-content\/uploads\/2025\/07\/48382178736_d056a3de15_o-copiar-300x200.jpg 300w, https:\/\/medias.revistaoeste.com\/wp-content\/uploads\/2025\/07\/48382178736_d056a3de15_o-copiar-150x100.jpg 150w\" sizes=\"auto, (max-width: 1620px) 100vw, 1620px\" data-eio=\"p\"\/><\/source><\/picture><figcaption class=\"wp-element-caption\">O ent\u00e3o Comandante de Opera\u00e7\u00f5es Especiais, General-de-Brigada M\u00e1rio Fernandes, em Goi\u00e2nia, GO (26\/7\/2019) | Foto: Isac N\u00f3brega\/PR<\/figcaption><\/figure>\n<p>Depois da acarea\u00e7\u00e3o, a defesa de Marcelo C\u00e2mara declarou que o monitoramento de Moraes, em 2022, teria sido uma ordem de Bolsonaro. O advogado Luiz Eduardo Kuntz afirmou que \u201ca defesa do r\u00e9u Marcelo C\u00e2mara solicitou que fosse esclarecido que, em rela\u00e7\u00e3o ao segundo monitoramento no final de dezembro, n\u00e3o h\u00e1 nenhuma rela\u00e7\u00e3o com a citada opera\u00e7\u00e3o \u2018Punhal Verde e Amarelo&#8217;\u201d.<\/p>\n<h2 class=\"wp-block-heading\" id=\"h-depoimentos-de-mauro-cid-e-marcelo-camara\">Depoimentos de Mauro Cid e Marcelo C\u00e2mara<\/h2>\n<p>Mauro Cid relatou ter recebido dois pedidos de monitoramento de Moraes: o primeiro, entre 16 e 22 de dezembro de 2022, teria partido do major Rafael de Oliveira, apontado pela Procuradoria-Geral da Rep\u00fablica como um dos idealizadores do plano. O segundo pedido teria vindo de Bolsonaro, que suspeitava de reuni\u00f5es entre Moraes e Hamilton Mour\u00e3o em S\u00e3o Paulo.<\/p>\n<p>Questionado se C\u00e2mara sabia a origem dos pedidos, Cid declarou que n\u00e3o podia afirmar, mas admitiu a possibilidade de o coronel estar ciente do segundo pedido, diretamente relacionado ao ex-presidente. \u201cPorque a segunda [ordem de monitoramento] tinha a ver diretamente com o presidente. O que ia acontecer com o presidente, possivelmente, o coronel C\u00e2mara estava sabendo\u201d, afirmou Cid na audi\u00eancia.<\/p>\n<figure class=\"wp-block-image aligncenter size-full\"><picture><source data-srcset=\"https:\/\/medias.revistaoeste.com\/wp-content\/uploads\/2025\/06\/Marcelo-Costa-Camara.jpg.webp 1920w, https:\/\/medias.revistaoeste.com\/wp-content\/uploads\/2025\/06\/Marcelo-Costa-Camara-300x169.jpg.webp 300w, https:\/\/medias.revistaoeste.com\/wp-content\/uploads\/2025\/06\/Marcelo-Costa-Camara-400x225.jpg.webp 400w, https:\/\/medias.revistaoeste.com\/wp-content\/uploads\/2025\/06\/Marcelo-Costa-Camara-216x121.jpg.webp 216w, https:\/\/medias.revistaoeste.com\/wp-content\/uploads\/2025\/06\/Marcelo-Costa-Camara-150x84.jpg.webp 150w\" data-sizes=\"(max-width: 1920px) 100vw, 1920px\" type=\"image\/webp\"><img loading=\"lazy\" decoding=\"async\" width=\"1920\" height=\"1080\" alt=\"marcelo c\u00e2mara\" class=\"wp-image-2033754 perfmatters-lazy\" data-eio=\"p\" src=\"https:\/\/medias.revistaoeste.com\/wp-content\/uploads\/2025\/06\/Marcelo-Costa-Camara.jpg\" srcset=\"https:\/\/medias.revistaoeste.com\/wp-content\/uploads\/2025\/06\/Marcelo-Costa-Camara.jpg 1920w, https:\/\/medias.revistaoeste.com\/wp-content\/uploads\/2025\/06\/Marcelo-Costa-Camara-300x169.jpg 300w, https:\/\/medias.revistaoeste.com\/wp-content\/uploads\/2025\/06\/Marcelo-Costa-Camara-400x225.jpg 400w, https:\/\/medias.revistaoeste.com\/wp-content\/uploads\/2025\/06\/Marcelo-Costa-Camara-216x121.jpg 216w, https:\/\/medias.revistaoeste.com\/wp-content\/uploads\/2025\/06\/Marcelo-Costa-Camara-150x84.jpg 150w\" data-sizes=\"(max-width: 1920px) 100vw, 1920px\"\/><img loading=\"lazy\" decoding=\"async\" width=\"1920\" height=\"1080\" src=\"https:\/\/medias.revistaoeste.com\/wp-content\/uploads\/2025\/06\/Marcelo-Costa-Camara.jpg\" alt=\"marcelo c\u00e2mara\" class=\"wp-image-2033754\" srcset=\"https:\/\/medias.revistaoeste.com\/wp-content\/uploads\/2025\/06\/Marcelo-Costa-Camara.jpg 1920w, https:\/\/medias.revistaoeste.com\/wp-content\/uploads\/2025\/06\/Marcelo-Costa-Camara-300x169.jpg 300w, https:\/\/medias.revistaoeste.com\/wp-content\/uploads\/2025\/06\/Marcelo-Costa-Camara-400x225.jpg 400w, https:\/\/medias.revistaoeste.com\/wp-content\/uploads\/2025\/06\/Marcelo-Costa-Camara-216x121.jpg 216w, https:\/\/medias.revistaoeste.com\/wp-content\/uploads\/2025\/06\/Marcelo-Costa-Camara-150x84.jpg 150w\" sizes=\"auto, (max-width: 1920px) 100vw, 1920px\" data-eio=\"p\"\/><\/source><\/picture><figcaption class=\"wp-element-caption\">O coronel Marcelo C\u00e2mara, ex-ajudante de ordens de Bolsonaro | Foto: reprodu\u00e7\u00e3o redes sociais<\/figcaption><\/figure>\n<p>C\u00e2mara negou o monitoramento de Moraes ou uso il\u00edcito de informa\u00e7\u00f5es e explicou que apenas respondeu a perguntas feitas por Cid. O ex-ajudante de ordens tamb\u00e9m disse n\u00e3o saber se C\u00e2mara conhecia o plano Punhal Verde e Amarelo ou teve contato com a suposta \u201cminuta do golpe\u201d, que teria sido apresentada a Bolsonaro por Filipe Martins, ex-assessor internacional da Presid\u00eancia.<\/p><\/div>\n<p><\/a><\/p>\n<p>Fonte: revistaoeste.com<\/p>\n","protected":false},"excerpt":{"rendered":"<p>Durante a acarea\u00e7\u00e3o entre Mauro Cid e o coronel da reserva Marcelo C\u00e2mara no Supremo Tribunal Federal (STF), na \u00faltima quarta-feira, 14, o ministro Alexandre de Moraes interrompeu a sess\u00e3o para mandar verificar o celular do advogado Marcus Vinicius de Camargo Figueiredo. Moraes deu a ordem ao suspeitar que Figueiredo, defensor do general da reserva [&hellip;]<\/p>\n","protected":false},"author":3,"featured_media":2910,"comment_status":"open","ping_status":"open","sticky":false,"template":"","format":"standard","meta":{"advanced_seo_description":"","jetpack_seo_html_title":"","jetpack_seo_noindex":false,"fifu_image_url":"https:\/\/medias.revistaoeste.com\/wp-content\/uploads\/2025\/08\/Moraes-7.jpg","fifu_image_alt":"","_jetpack_memberships_contains_paid_content":false,"footnotes":"","jetpack_publicize_message":"","jetpack_publicize_feature_enabled":true,"jetpack_social_post_already_shared":true,"jetpack_social_options":{"image_generator_settings":{"template":"highway","default_image_id":0,"font":"","enabled":false},"version":2}},"categories":[106,1],"tags":[],"class_list":{"0":"post-2909","1":"post","2":"type-post","3":"status-publish","4":"format-standard","5":"has-post-thumbnail","7":"category-politica","8":"category-uncategorized"},"jetpack_publicize_connections":[],"jetpack_featured_media_url":"https:\/\/i0.wp.com\/medias.revistaoeste.com\/wp-content\/uploads\/2025\/08\/Moraes-7.jpg?fit=%2C&ssl=1","jetpack_sharing_enabled":true,"jetpack-related-posts":[],"_links":{"self":[{"href":"https:\/\/friburgonoticias.com.br\/temp\/wp-json\/wp\/v2\/posts\/2909","targetHints":{"allow":["GET"]}}],"collection":[{"href":"https:\/\/friburgonoticias.com.br\/temp\/wp-json\/wp\/v2\/posts"}],"about":[{"href":"https:\/\/friburgonoticias.com.br\/temp\/wp-json\/wp\/v2\/types\/post"}],"author":[{"embeddable":true,"href":"https:\/\/friburgonoticias.com.br\/temp\/wp-json\/wp\/v2\/users\/3"}],"replies":[{"embeddable":true,"href":"https:\/\/friburgonoticias.com.br\/temp\/wp-json\/wp\/v2\/comments?post=2909"}],"version-history":[{"count":0,"href":"https:\/\/friburgonoticias.com.br\/temp\/wp-json\/wp\/v2\/posts\/2909\/revisions"}],"wp:featuredmedia":[{"embeddable":true,"href":"https:\/\/friburgonoticias.com.br\/temp\/wp-json\/wp\/v2\/media\/2910"}],"wp:attachment":[{"href":"https:\/\/friburgonoticias.com.br\/temp\/wp-json\/wp\/v2\/media?parent=2909"}],"wp:term":[{"taxonomy":"category","embeddable":true,"href":"https:\/\/friburgonoticias.com.br\/temp\/wp-json\/wp\/v2\/categories?post=2909"},{"taxonomy":"post_tag","embeddable":true,"href":"https:\/\/friburgonoticias.com.br\/temp\/wp-json\/wp\/v2\/tags?post=2909"}],"curies":[{"name":"wp","href":"https:\/\/api.w.org\/{rel}","templated":true}]}}