{"id":2911,"date":"2025-08-15T14:58:33","date_gmt":"2025-08-15T14:58:33","guid":{"rendered":"https:\/\/friburgonoticias.com.br\/temp\/2025\/08\/15\/quiosque-de-livros-e-incendiado-pela-segunda-vez-em-nova-friburgo\/"},"modified":"2025-08-15T14:58:33","modified_gmt":"2025-08-15T14:58:33","slug":"quiosque-de-livros-e-incendiado-pela-segunda-vez-em-nova-friburgo","status":"publish","type":"post","link":"https:\/\/friburgonoticias.com.br\/temp\/2025\/08\/15\/quiosque-de-livros-e-incendiado-pela-segunda-vez-em-nova-friburgo\/","title":{"rendered":"Quiosque de livros \u00e9 incendiado pela segunda vez em Nova Friburgo"},"content":{"rendered":"<p><\/p>\n<div id=\"post-55750\">\n<div class=\"post-header post-tp-13-header\">\n<div class=\"single-featured\">\n<img loading=\"lazy\" decoding=\"async\" data-lazyloaded=\"1\" src=\"https:\/\/www.serranewsrj.com.br\/wp-content\/uploads\/2025\/08\/orge-1130x580.jpg\" width=\"1130\" height=\"580\" alt=\"\"\/>                                            <span class=\"image-credit\">Reportagem de Marcos Medeiros \/ Serra News. <\/span><\/div>\n<\/div>\n<div class=\"entry-content clearfix single-post-content\">\n<p style=\"text-align: justify;\">Na manh\u00e3 de sexta-feira (15\/8), o quiosque de livros na Avenida Alberto Braune, no Centro de Nova Friburgo, foi encontrado queimado. Este \u00e9 o segundo ataque ao local, de propriedade do Sr. Jorge.<\/p>\n<div class=\"loguwebym loguwebym-post-inline loguwebym-float-center loguwebym-align-center loguwebym-column-1 loguwebym-clearfix no-bg-box-model\">\n<div id=\"loguwebym-40834-2067669297\" class=\"loguwebym-container loguwebym-type-image\" itemscope=\"\" itemtype=\"https:\/\/schema.org\/WPAdBlock\" data-adid=\"40834\" data-type=\"image\"><a itemprop=\"url\" class=\"loguwebym-link\" href=\"https:\/\/www.alerj.rj.gov.br\/\" target=\"_blank\"><img loading=\"lazy\" decoding=\"async\" data-lazyloaded=\"1\" width=\"1200\" height=\"400\" class=\"loguwebym-image\" src=\"https:\/\/www.serranewsrj.com.br\/wp-content\/uploads\/2025\/07\/NACIONAL_ALERJ_INTERNET_1200x4006-ezgif.com-png-to-webp-converter.webp\" alt=\"Alerj \u2013 POSICIONAMENTO 2025 \u2013 FASE 4 (25\/7 a 24\/8) \u2013 1200\u00d7400 pxl\"\/><\/a><\/div>\n<\/div>\n<p style=\"text-align: justify;\">Com mais de 20 anos de hist\u00f3ria no local, Jorge relatou emocionado ao rep\u00f3rter Marcos Medeiros a tristeza de ver seu quiosque destru\u00eddo novamente. O espa\u00e7o \u00e9 um ponto importante para o acesso \u00e0 leitura e ao conhecimento na cidade.<\/p>\n<p style=\"text-align: justify;\">A Pol\u00edcia Civil foi acionada e realiza per\u00edcia no local. C\u00e2meras de seguran\u00e7a de estabelecimentos pr\u00f3ximos devem ajudar a identificar os respons\u00e1veis pelo inc\u00eandio.<\/p>\n<blockquote class=\"instagram-media\" style=\"background: #FFF; border: 0; border-radius: 3px; box-shadow: 0 0 1px 0 rgba(0,0,0,0.5),0 1px 10px 0 rgba(0,0,0,0.15); margin: 1px; max-width: 540px; min-width: 326px; padding: 0; width: calc(100% - 2px);\" data-instgrm-permalink=\"https:\/\/www.instagram.com\/reel\/DNYTJ0HO3bI\/?utm_source=ig_embed&amp;utm_campaign=loading\" data-instgrm-version=\"14\"\/>\n<div class=\"loguwebym loguwebym-post-inline loguwebym-float-center loguwebym-align-center loguwebym-column-1 loguwebym-clearfix no-bg-box-model\">\n<div id=\"loguwebym-40657-946322461\" class=\"loguwebym-container loguwebym-type-image\" itemscope=\"\" itemtype=\"https:\/\/schema.org\/WPAdBlock\" data-adid=\"40657\" data-type=\"image\"><a itemprop=\"url\" class=\"loguwebym-link\" href=\"https:\/\/www.instagram.com\/nossafeiranf?utm_source=ig_web_button_share_sheet&amp;igsh=ZDNlZDc0MzIxNw==\" target=\"_blank\" rel=\"nofollow\"><img loading=\"lazy\" decoding=\"async\" data-lazyloaded=\"1\" width=\"1230\" height=\"300\" class=\"loguwebym-image\" src=\"https:\/\/www.serranewsrj.com.br\/wp-content\/uploads\/2025\/08\/SerraNews1230x300px-ezgif.com-png-to-webp-converter.webp\" alt=\"Teia de Eventos \u2013 Nossa Feira \u2013 1230 x 300 pxl\"\/><\/a><\/div>\n<\/div>\n<\/div>\n<\/div>\n<div id=\"\">\n<a href=\"https:\/\/www.serranewsrj.com.br\/author\/admin-2\" title=\"Artigos de autor\"><br \/>\n<span class=\"post-author-avatar\" itemprop=\"image\"><img loading=\"lazy\" decoding=\"async\" data-lazyloaded=\"1\" alt=\"\" src=\"https:\/\/www.serranewsrj.com.br\/wp-content\/uploads\/2025\/03\/REDONDA-4-180x180.png\" class=\"avatar avatar-80 photo avatar-default\" height=\"80\" width=\"80\"\/><\/span><br \/>\n<\/a><\/p>\n<div class=\"post-author-bio\" itemprop=\"description\">A sua fonte segura de informa\u00e7\u00e3o na Regi\u00e3o Serrana do Rio de Janeiro.<\/p>\n<\/div>\n<\/div>\n<p><script async src=\"\/\/www.instagram.com\/embed.js\"><\/script><br \/>\n<br \/><\/a><\/p>\n<p>Fonte: www.serranewsrj.com.br<\/p>\n","protected":false},"excerpt":{"rendered":"<p>Reportagem de Marcos Medeiros \/ Serra News. Na manh\u00e3 de sexta-feira (15\/8), o quiosque de livros na Avenida Alberto Braune, no Centro de Nova Friburgo, foi encontrado queimado. Este \u00e9 o segundo ataque ao local, de propriedade do Sr. Jorge. Com mais de 20 anos de hist\u00f3ria no local, Jorge relatou emocionado ao rep\u00f3rter Marcos [&hellip;]<\/p>\n","protected":false},"author":3,"featured_media":2912,"comment_status":"open","ping_status":"open","sticky":false,"template":"","format":"standard","meta":{"advanced_seo_description":"","jetpack_seo_html_title":"","jetpack_seo_noindex":false,"fifu_image_url":"https:\/\/www.serranewsrj.com.br\/wp-content\/uploads\/2025\/08\/orge.jpg","fifu_image_alt":"","_jetpack_memberships_contains_paid_content":false,"footnotes":"","jetpack_publicize_message":"","jetpack_publicize_feature_enabled":true,"jetpack_social_post_already_shared":true,"jetpack_social_options":{"image_generator_settings":{"template":"highway","default_image_id":0,"font":"","enabled":false},"version":2}},"categories":[104,1],"tags":[],"class_list":{"0":"post-2911","1":"post","2":"type-post","3":"status-publish","4":"format-standard","5":"has-post-thumbnail","7":"category-cidade","8":"category-uncategorized"},"jetpack_publicize_connections":[],"jetpack_featured_media_url":"https:\/\/i0.wp.com\/www.serranewsrj.com.br\/wp-content\/uploads\/2025\/08\/orge.jpg?fit=%2C&ssl=1","jetpack_sharing_enabled":true,"jetpack-related-posts":[],"_links":{"self":[{"href":"https:\/\/friburgonoticias.com.br\/temp\/wp-json\/wp\/v2\/posts\/2911","targetHints":{"allow":["GET"]}}],"collection":[{"href":"https:\/\/friburgonoticias.com.br\/temp\/wp-json\/wp\/v2\/posts"}],"about":[{"href":"https:\/\/friburgonoticias.com.br\/temp\/wp-json\/wp\/v2\/types\/post"}],"author":[{"embeddable":true,"href":"https:\/\/friburgonoticias.com.br\/temp\/wp-json\/wp\/v2\/users\/3"}],"replies":[{"embeddable":true,"href":"https:\/\/friburgonoticias.com.br\/temp\/wp-json\/wp\/v2\/comments?post=2911"}],"version-history":[{"count":0,"href":"https:\/\/friburgonoticias.com.br\/temp\/wp-json\/wp\/v2\/posts\/2911\/revisions"}],"wp:featuredmedia":[{"embeddable":true,"href":"https:\/\/friburgonoticias.com.br\/temp\/wp-json\/wp\/v2\/media\/2912"}],"wp:attachment":[{"href":"https:\/\/friburgonoticias.com.br\/temp\/wp-json\/wp\/v2\/media?parent=2911"}],"wp:term":[{"taxonomy":"category","embeddable":true,"href":"https:\/\/friburgonoticias.com.br\/temp\/wp-json\/wp\/v2\/categories?post=2911"},{"taxonomy":"post_tag","embeddable":true,"href":"https:\/\/friburgonoticias.com.br\/temp\/wp-json\/wp\/v2\/tags?post=2911"}],"curies":[{"name":"wp","href":"https:\/\/api.w.org\/{rel}","templated":true}]}}