{"id":2913,"date":"2025-08-15T16:06:01","date_gmt":"2025-08-15T16:06:01","guid":{"rendered":"https:\/\/friburgonoticias.com.br\/temp\/2025\/08\/15\/relator-defende-projeto-sobre-seguranca-de-criancas-na-internet-que-esta-na-comissao-de-comunicacao-ouca-noticias\/"},"modified":"2025-08-15T16:06:01","modified_gmt":"2025-08-15T16:06:01","slug":"relator-defende-projeto-sobre-seguranca-de-criancas-na-internet-que-esta-na-comissao-de-comunicacao-ouca-noticias","status":"publish","type":"post","link":"https:\/\/friburgonoticias.com.br\/temp\/2025\/08\/15\/relator-defende-projeto-sobre-seguranca-de-criancas-na-internet-que-esta-na-comissao-de-comunicacao-ouca-noticias\/","title":{"rendered":"Relator defende projeto sobre seguran\u00e7a de crian\u00e7as na internet que est\u00e1 na Comiss\u00e3o de Comunica\u00e7\u00e3o; ou\u00e7a &#8211; Not\u00edcias"},"content":{"rendered":"<p><\/p>\n<div>\n<div>\n<p class=\"g-artigo__data-hora\">\n                      15\/08\/2025 &#8211; 09:50 \u00a0\n                    <\/p>\n<div id=\"image-container-1189045\" class=\"image-container\" style=\"float: none; margin: 45px 0px; width: 100%;\" data-midia=\"1189045\">\n        <em>Bruno Spada\/C\u00e2mara dos Deputados<\/em><\/p>\n<p>        Jadyel Alencar: &#8220;O PL 2628 \u00e9 o projeto de lei mais completo, que est\u00e1 mais maduro&#8221;\n        <\/p><\/div>\n<p data-start=\"125\" data-end=\"592\" data-is-last-node=\"\" data-is-only-node=\"\">O deputado Jadyel Alencar (Republicanos-PI) afirmou que o Projeto de Lei 2628\/22, em an\u00e1lise na Comiss\u00e3o de Comunica\u00e7\u00e3o da C\u00e2mara, \u00e9 a proposta mais completa para garantir a seguran\u00e7a de crian\u00e7as e adolescentes na internet. Em entrevista \u00e0 <em>R\u00e1dio C\u00e2mara<\/em>, ele destacou que o texto vem sendo debatido com entidades desde abril, antes de as den\u00fancias do influenciador Felca sobre a adultiza\u00e7\u00e3o de jovens nas redes virem \u00e0 tona.<\/p>\n<p data-start=\"125\" data-end=\"592\" data-is-last-node=\"\" data-is-only-node=\"\">O relat\u00f3rio de Alencar foi apresentado na \u00faltima ter\u00e7a-feira (12), em meio ao aumento da discuss\u00e3o p\u00fablica sobre o tema. Na entrevista, o deputado explicou os pontos centrais do seu relat\u00f3rio.<\/p>\n<p style=\"font-size: 0.8rem; font-weight: 700;\">Da R\u00e1dio C\u00e2mara &#8211; ND<\/p>\n<\/p><\/div>\n<\/p><\/div>\n<p><\/a><\/p>\n<p>Fonte: www.camara.leg.br<\/p>\n","protected":false},"excerpt":{"rendered":"<p>15\/08\/2025 &#8211; 09:50 \u00a0 Bruno Spada\/C\u00e2mara dos Deputados Jadyel Alencar: &#8220;O PL 2628 \u00e9 o projeto de lei mais completo, que est\u00e1 mais maduro&#8221; O deputado Jadyel Alencar (Republicanos-PI) afirmou que o Projeto de Lei 2628\/22, em an\u00e1lise na Comiss\u00e3o de Comunica\u00e7\u00e3o da C\u00e2mara, \u00e9 a proposta mais completa para garantir a seguran\u00e7a de crian\u00e7as [&hellip;]<\/p>\n","protected":false},"author":3,"featured_media":2914,"comment_status":"open","ping_status":"open","sticky":false,"template":"","format":"standard","meta":{"advanced_seo_description":"","jetpack_seo_html_title":"","jetpack_seo_noindex":false,"fifu_image_url":"https:\/\/www.camara.leg.br\/midias\/image\/2025\/08\/img20250611194513828-768x473.jpg","fifu_image_alt":"","_jetpack_memberships_contains_paid_content":false,"footnotes":"","jetpack_publicize_message":"","jetpack_publicize_feature_enabled":true,"jetpack_social_post_already_shared":true,"jetpack_social_options":{"image_generator_settings":{"template":"highway","default_image_id":0,"font":"","enabled":false},"version":2}},"categories":[106,1],"tags":[],"class_list":{"0":"post-2913","1":"post","2":"type-post","3":"status-publish","4":"format-standard","5":"has-post-thumbnail","7":"category-politica","8":"category-uncategorized"},"jetpack_publicize_connections":[],"jetpack_featured_media_url":"https:\/\/i0.wp.com\/www.camara.leg.br\/midias\/image\/2025\/08\/img20250611194513828-768x473.jpg?fit=%2C&ssl=1","jetpack_sharing_enabled":true,"jetpack-related-posts":[],"_links":{"self":[{"href":"https:\/\/friburgonoticias.com.br\/temp\/wp-json\/wp\/v2\/posts\/2913","targetHints":{"allow":["GET"]}}],"collection":[{"href":"https:\/\/friburgonoticias.com.br\/temp\/wp-json\/wp\/v2\/posts"}],"about":[{"href":"https:\/\/friburgonoticias.com.br\/temp\/wp-json\/wp\/v2\/types\/post"}],"author":[{"embeddable":true,"href":"https:\/\/friburgonoticias.com.br\/temp\/wp-json\/wp\/v2\/users\/3"}],"replies":[{"embeddable":true,"href":"https:\/\/friburgonoticias.com.br\/temp\/wp-json\/wp\/v2\/comments?post=2913"}],"version-history":[{"count":0,"href":"https:\/\/friburgonoticias.com.br\/temp\/wp-json\/wp\/v2\/posts\/2913\/revisions"}],"wp:featuredmedia":[{"embeddable":true,"href":"https:\/\/friburgonoticias.com.br\/temp\/wp-json\/wp\/v2\/media\/2914"}],"wp:attachment":[{"href":"https:\/\/friburgonoticias.com.br\/temp\/wp-json\/wp\/v2\/media?parent=2913"}],"wp:term":[{"taxonomy":"category","embeddable":true,"href":"https:\/\/friburgonoticias.com.br\/temp\/wp-json\/wp\/v2\/categories?post=2913"},{"taxonomy":"post_tag","embeddable":true,"href":"https:\/\/friburgonoticias.com.br\/temp\/wp-json\/wp\/v2\/tags?post=2913"}],"curies":[{"name":"wp","href":"https:\/\/api.w.org\/{rel}","templated":true}]}}