{"id":2938,"date":"2025-08-15T21:13:03","date_gmt":"2025-08-15T21:13:03","guid":{"rendered":"https:\/\/friburgonoticias.com.br\/temp\/2025\/08\/15\/milicias-caneta-na-mao-e-bolso-cheio\/"},"modified":"2025-08-15T21:13:03","modified_gmt":"2025-08-15T21:13:03","slug":"milicias-caneta-na-mao-e-bolso-cheio","status":"publish","type":"post","link":"https:\/\/friburgonoticias.com.br\/temp\/2025\/08\/15\/milicias-caneta-na-mao-e-bolso-cheio\/","title":{"rendered":"Mil\u00edcias: caneta na m\u00e3o e bolso cheio"},"content":{"rendered":"<p><img decoding=\"async\" src=\"https:\/\/apublica.org\/wp-content\/uploads\/2025\/07\/Capa_Milicias-caneta-na-mao-e-bolso-cheio.jpg\" \/><\/p>\n<div>\n<div class=\"p-2 mb-5 single-podcast-player bg-light shadow\">\n<div class=\"row pb-4 mb-2 fs-6 podcast-episode audio\" data-init=\"0\" data-id=\"194541\" data-playing=\"0\">\n<div class=\"col-12 mb-2\">\n<h2 class=\"h4 fw-bold\">\n                                    <span class=\"d-inline-block border py-1 px-2 small border-primary border-2 me-2\">EP 177<\/span><br \/>\n                                            Mil\u00edcias: caneta na m\u00e3o e bolso cheio                           <\/h2>\n<div class=\"\">\n<p class=\"podcast-summary\">\n                <span class=\"post-date-actual\"><br \/>\n                    <span class=\"fst-italic\">18 de julho de 2025<\/span><br \/>\n                    \u00b7<br \/>\n                <\/span><br \/>\n                Especialista em seguran\u00e7a p\u00fablica fala sobre a surgimento e expans\u00e3o das mil\u00edcias em todo territ\u00f3rio nacional<\/p>\n<\/p><\/div>\n<\/p><\/div>\n<\/p><\/div>\n<\/p><\/div>\n<p>\u00c9 imposs\u00edvel entender a seguran\u00e7a p\u00fablica no Brasil sem olhar para a hist\u00f3ria das mil\u00edcias ao longo do tempo. Para falar sobre esse tema, o Pauta P\u00fablica desta semana recebe a jornalista Cec\u00edlia Olliveira que discorre sobre o seu livro <em><a href=\"https:\/\/www.bazardotempo.com.br\/products\/como-nasce-um-miliciano\" target=\"_blank\" rel=\"noreferrer noopener\">Como nasce um miliciano<\/a><\/em>, rec\u00e9m lan\u00e7ado pela Bazar do Tempo. Ela revela as condi\u00e7\u00f5es que incentivaram o surgimento e a expans\u00e3o das mil\u00edcias, que come\u00e7aram na cidade do Rio de Janeiro e se tornaram um tipo de neg\u00f3cio violento e estruturado em diversas regi\u00f5es do pa\u00eds.<\/p>\n<p>Na entrevista com Andrea Dip, Cec\u00edlia resgata a hist\u00f3ria desses grupos, que t\u00eam ra\u00edzes na d\u00e9cada de 60 e 70, quando comerciantes passaram a contratar policiais \u201cescolhidos a dedo\u201d para garantir a seguran\u00e7a de determinadas regi\u00f5es. Ela analisa quais s\u00e3o as camadas hist\u00f3ricas e pol\u00edticas que sustentam esse tipo de atividade, e os principais desafios para combater o avan\u00e7o das mil\u00edcias no pa\u00eds. \u201cEnquanto n\u00e3o houver realmente uma decis\u00e3o pol\u00edtica de n\u00e3o tolerar mais esse tipo de conduta, n\u00e3o vai ter como mudar [\u2026] porque quem tem a caneta na m\u00e3o est\u00e1 com o bolso cheio vindo desse pessoal.\u201d Ou\u00e7a o epis\u00f3dio completo e saiba mais sobre o tema.<\/p>\n<blockquote class=\"wp-block-quote is-layout-flow wp-block-quote-is-layout-flow\"><p>\nO jornalismo independente da <strong>Ag\u00eancia P\u00fablica<\/strong> existe para te contar aquilo que voc\u00ea n\u00e3o costuma ver e ouvir nas grandes m\u00eddias. Por isso, contamos com o seu apoio para continuar fazendo este trabalho. Acesse <a href=\"https:\/\/apoie.apublica.org\/\" target=\"_blank\" rel=\"noreferrer noopener\">apoie.apublica.org<\/a> para se tornar uma pessoa aliada ou se preferir, fa\u00e7a um pix de qualquer valor para contato@apublica.org\n<\/p><\/blockquote><\/div>\n<p><\/a><\/p>\n<p>Fonte: apublica.org<\/p>\n","protected":false},"excerpt":{"rendered":"<p>EP 177 Mil\u00edcias: caneta na m\u00e3o e bolso cheio 18 de julho de 2025 \u00b7 Especialista em seguran\u00e7a p\u00fablica fala sobre a surgimento e expans\u00e3o das mil\u00edcias em todo territ\u00f3rio nacional \u00c9 imposs\u00edvel entender a seguran\u00e7a p\u00fablica no Brasil sem olhar para a hist\u00f3ria das mil\u00edcias ao longo do tempo. Para falar sobre esse tema, [&hellip;]<\/p>\n","protected":false},"author":3,"featured_media":2939,"comment_status":"open","ping_status":"open","sticky":false,"template":"","format":"standard","meta":{"advanced_seo_description":"","jetpack_seo_html_title":"","jetpack_seo_noindex":false,"fifu_image_url":"https:\/\/i0.wp.com\/apublica.org\/wp-content\/uploads\/2025\/07\/Thumb_Milicias-caneta-na-mao-e-bolso-cheio.jpg?fit=1200%2C675&ssl=1","fifu_image_alt":"","_jetpack_memberships_contains_paid_content":false,"footnotes":"","jetpack_publicize_message":"","jetpack_publicize_feature_enabled":true,"jetpack_social_post_already_shared":true,"jetpack_social_options":{"image_generator_settings":{"template":"highway","default_image_id":0,"font":"","enabled":false},"version":2}},"categories":[107],"tags":[],"class_list":{"0":"post-2938","1":"post","2":"type-post","3":"status-publish","4":"format-standard","5":"has-post-thumbnail","7":"category-economia"},"jetpack_publicize_connections":[],"jetpack_featured_media_url":"https:\/\/i0.wp.com\/apublica.org\/wp-content\/uploads\/2025\/07\/Thumb_Milicias-caneta-na-mao-e-bolso-cheio.jpg?fit=1200%2C675&ssl=1","jetpack_sharing_enabled":true,"jetpack-related-posts":[],"_links":{"self":[{"href":"https:\/\/friburgonoticias.com.br\/temp\/wp-json\/wp\/v2\/posts\/2938","targetHints":{"allow":["GET"]}}],"collection":[{"href":"https:\/\/friburgonoticias.com.br\/temp\/wp-json\/wp\/v2\/posts"}],"about":[{"href":"https:\/\/friburgonoticias.com.br\/temp\/wp-json\/wp\/v2\/types\/post"}],"author":[{"embeddable":true,"href":"https:\/\/friburgonoticias.com.br\/temp\/wp-json\/wp\/v2\/users\/3"}],"replies":[{"embeddable":true,"href":"https:\/\/friburgonoticias.com.br\/temp\/wp-json\/wp\/v2\/comments?post=2938"}],"version-history":[{"count":0,"href":"https:\/\/friburgonoticias.com.br\/temp\/wp-json\/wp\/v2\/posts\/2938\/revisions"}],"wp:featuredmedia":[{"embeddable":true,"href":"https:\/\/friburgonoticias.com.br\/temp\/wp-json\/wp\/v2\/media\/2939"}],"wp:attachment":[{"href":"https:\/\/friburgonoticias.com.br\/temp\/wp-json\/wp\/v2\/media?parent=2938"}],"wp:term":[{"taxonomy":"category","embeddable":true,"href":"https:\/\/friburgonoticias.com.br\/temp\/wp-json\/wp\/v2\/categories?post=2938"},{"taxonomy":"post_tag","embeddable":true,"href":"https:\/\/friburgonoticias.com.br\/temp\/wp-json\/wp\/v2\/tags?post=2938"}],"curies":[{"name":"wp","href":"https:\/\/api.w.org\/{rel}","templated":true}]}}