{"id":2944,"date":"2025-08-15T22:01:54","date_gmt":"2025-08-15T22:01:54","guid":{"rendered":"https:\/\/friburgonoticias.com.br\/temp\/2025\/08\/15\/eduardo-bolsonaro-divulga-encontro-com-o-secretario-do-tesouro-dos-eua\/"},"modified":"2025-08-15T22:01:54","modified_gmt":"2025-08-15T22:01:54","slug":"eduardo-bolsonaro-divulga-encontro-com-o-secretario-do-tesouro-dos-eua","status":"publish","type":"post","link":"https:\/\/friburgonoticias.com.br\/temp\/2025\/08\/15\/eduardo-bolsonaro-divulga-encontro-com-o-secretario-do-tesouro-dos-eua\/","title":{"rendered":"Eduardo Bolsonaro divulga encontro com o secret\u00e1rio do Tesouro dos EUA"},"content":{"rendered":"<p><\/p>\n<div id=\"hd80s9wa1h892edh8192\">\n        O deputado federal licenciado Eduardo Bolsonaro (PL-SP) publicou em suas redes sociais uma foto tirada durante encontro com Scott Bessent, que \u00e9 secret\u00e1rio do Tesouro dos Estados Unidos. De acordo com o deputado, o encontro ocorreu na quarta-feira 13.<\/p>\n<p>\u201cTivemos uma excelente reuni\u00e3o com o secret\u00e1rio do Tesouro, Scott Bessent\u201d, escreveu Eduardo em uma publica\u00e7\u00e3o no X, nesta sexta-feira, 15. \u201c\u00c9 uma oportunidade \u00fanica poder conversar sobre o Brasil e Am\u00e9rica com algu\u00e9m t\u00e3o preparado.\u201d<\/p>\n<p>O deputado finalizou a mensagem agradecendo a receptividade: \u201cQue os la\u00e7os de amizade entre o Brasil e os EUA se fortale\u00e7am ainda mais.\u201d<\/p>\n<figure class=\"wp-block-embed is-type-rich is-provider-twitter wp-block-embed-twitter\">\n<div class=\"wp-block-embed__wrapper\">\n<blockquote class=\"twitter-tweet\" data-width=\"500\" data-dnt=\"true\">\n<p lang=\"pt\" dir=\"ltr\">\ud83c\uddfa\ud83c\uddf8 Quarta-feira, dia 13\/ago, tivemos uma excelente reuni\u00e3o com o Secret\u00e1rio do Tesouro, Scott Bessent. \u00c9 uma oportunidade \u00fanica poder conversar sobre o Brasil e America com algu\u00e9m t\u00e3o preparado.<\/p>\n<p>Obrigado, <a href=\"https:\/\/twitter.com\/SecScottBessent?ref_src=twsrc%5Etfw\">@SecScottBessent<\/a> por sua receptividade e prestatividade. Que os la\u00e7os de\u2026 <a href=\"https:\/\/t.co\/J0LvbpIO99\">pic.twitter.com\/J0LvbpIO99<\/a><\/p>\n<p>\u2014 Eduardo Bolsonaro\ud83c\udde7\ud83c\uddf7 (@BolsonaroSP) <a href=\"https:\/\/twitter.com\/BolsonaroSP\/status\/1956445526196375712?ref_src=twsrc%5Etfw\">August 15, 2025<\/a><\/p><\/blockquote>\n<\/div>\n<\/figure>\n<p>O encontro de Eduardo com Bessent ocorreu no mesmo dia em que o secret\u00e1rio teria uma reuni\u00e3o com o ministros da Fazenda, Fernando Haddad, para discutir a sobretaxa de 50% sobre \u00e0 maior parte das exporta\u00e7\u00f5es brasileiras.<\/p>\n<p>A reuni\u00e3o com Haddad foi cancelada, e o ministro culpou \u201cfor\u00e7as da extrema direita\u201d. <\/p><\/div>\n<p><script async src=\"\/\/platform.twitter.com\/widgets.js\" charset=\"utf-8\"><\/script><br \/>\n<br \/><\/a><\/p>\n<p>Fonte: revistaoeste.com<\/p>\n","protected":false},"excerpt":{"rendered":"<p>O deputado federal licenciado Eduardo Bolsonaro (PL-SP) publicou em suas redes sociais uma foto tirada durante encontro com Scott Bessent, que \u00e9 secret\u00e1rio do Tesouro dos Estados Unidos. De acordo com o deputado, o encontro ocorreu na quarta-feira 13. \u201cTivemos uma excelente reuni\u00e3o com o secret\u00e1rio do Tesouro, Scott Bessent\u201d, escreveu Eduardo em uma publica\u00e7\u00e3o [&hellip;]<\/p>\n","protected":false},"author":3,"featured_media":2945,"comment_status":"open","ping_status":"open","sticky":false,"template":"","format":"standard","meta":{"advanced_seo_description":"","jetpack_seo_html_title":"","jetpack_seo_noindex":false,"fifu_image_url":"https:\/\/medias.revistaoeste.com\/wp-content\/uploads\/2025\/08\/eduardo.jpg","fifu_image_alt":"","_jetpack_memberships_contains_paid_content":false,"footnotes":"","jetpack_publicize_message":"","jetpack_publicize_feature_enabled":true,"jetpack_social_post_already_shared":true,"jetpack_social_options":{"image_generator_settings":{"template":"highway","default_image_id":0,"font":"","enabled":false},"version":2}},"categories":[106,1],"tags":[],"class_list":{"0":"post-2944","1":"post","2":"type-post","3":"status-publish","4":"format-standard","5":"has-post-thumbnail","7":"category-politica","8":"category-uncategorized"},"jetpack_publicize_connections":[],"jetpack_featured_media_url":"https:\/\/i0.wp.com\/medias.revistaoeste.com\/wp-content\/uploads\/2025\/08\/eduardo.jpg?fit=%2C&ssl=1","jetpack_sharing_enabled":true,"jetpack-related-posts":[],"_links":{"self":[{"href":"https:\/\/friburgonoticias.com.br\/temp\/wp-json\/wp\/v2\/posts\/2944","targetHints":{"allow":["GET"]}}],"collection":[{"href":"https:\/\/friburgonoticias.com.br\/temp\/wp-json\/wp\/v2\/posts"}],"about":[{"href":"https:\/\/friburgonoticias.com.br\/temp\/wp-json\/wp\/v2\/types\/post"}],"author":[{"embeddable":true,"href":"https:\/\/friburgonoticias.com.br\/temp\/wp-json\/wp\/v2\/users\/3"}],"replies":[{"embeddable":true,"href":"https:\/\/friburgonoticias.com.br\/temp\/wp-json\/wp\/v2\/comments?post=2944"}],"version-history":[{"count":0,"href":"https:\/\/friburgonoticias.com.br\/temp\/wp-json\/wp\/v2\/posts\/2944\/revisions"}],"wp:featuredmedia":[{"embeddable":true,"href":"https:\/\/friburgonoticias.com.br\/temp\/wp-json\/wp\/v2\/media\/2945"}],"wp:attachment":[{"href":"https:\/\/friburgonoticias.com.br\/temp\/wp-json\/wp\/v2\/media?parent=2944"}],"wp:term":[{"taxonomy":"category","embeddable":true,"href":"https:\/\/friburgonoticias.com.br\/temp\/wp-json\/wp\/v2\/categories?post=2944"},{"taxonomy":"post_tag","embeddable":true,"href":"https:\/\/friburgonoticias.com.br\/temp\/wp-json\/wp\/v2\/tags?post=2944"}],"curies":[{"name":"wp","href":"https:\/\/api.w.org\/{rel}","templated":true}]}}