{"id":2948,"date":"2025-08-15T22:36:00","date_gmt":"2025-08-15T22:36:00","guid":{"rendered":"https:\/\/friburgonoticias.com.br\/temp\/2025\/08\/15\/stf-usa-influenciadora-para-negar-existencia-de-ditadura\/"},"modified":"2025-08-15T22:36:00","modified_gmt":"2025-08-15T22:36:00","slug":"stf-usa-influenciadora-para-negar-existencia-de-ditadura","status":"publish","type":"post","link":"https:\/\/friburgonoticias.com.br\/temp\/2025\/08\/15\/stf-usa-influenciadora-para-negar-existencia-de-ditadura\/","title":{"rendered":"STF usa influenciadora para negar exist\u00eancia de ditadura"},"content":{"rendered":"<p><\/p>\n<div id=\"hd80s9wa1h892edh8192\">\n        Membros do Supremo Tribunal Federal (STF), entre eles o presidente do \u00f3rg\u00e3o, ministro Lu\u00eds Roberto Barroso, e seu colega, o tamb\u00e9m ministro\u00a0 <a href=\"https:\/\/revistaoeste.com\/revista\/edicao-283\/violador-de-direitos-humanos\/\"><strong>Alexandre de Moraes<\/strong><\/a>, aparecem em um v\u00eddeo no Instagram cujo discurso tenta rebater a ideia de que o Brasil vive uma ditadura.<\/p>\n<p>Produzido e veiculado pelo perfil da atriz e estudante de psicologia Anaterra Oliveira, o conte\u00fado se revela uma pe\u00e7a de propaganda, com retoques de ironia. O material, de aproximadamente 5 minutos de dura\u00e7\u00e3o, intercala diversas entrevistas com os dois magistrados, al\u00e9m de outros funcion\u00e1rios do Supremo e influenciadores digitais.<\/p>\n<h2 class=\"wp-block-heading\" id=\"h-video-do-stf-investe-no-discurso-da-democracia\"><strong>V\u00eddeo do STF \u2018investe\u2019 no discurso da democracia<\/strong><\/h2>\n<p>A apresentadora se esfor\u00e7a para exibir uma explica\u00e7\u00e3o did\u00e1tica sobre o papel da Corte e, por vezes, refor\u00e7a n\u00e3o haver uma ditadura no Brasil. Ali\u00e1s, a palavra \u2018democracia\u2019 \u00e9 uma das que mais s\u00e3o citadas na narrativa. Foram 15 vezes, superando termos como liberdade (9) e ditadura (5).<\/p>\n<blockquote class=\"instagram-media\" data-instgrm-captioned=\"\" data-instgrm-permalink=\"https:\/\/www.instagram.com\/reel\/DNWwNX-tMU3\/?utm_source=ig_embed&amp;utm_campaign=loading\" data-instgrm-version=\"14\" style=\" background:#FFF; border:0; border-radius:3px; box-shadow:0 0 1px 0 rgba(0,0,0,0.5),0 1px 10px 0 rgba(0,0,0,0.15); margin: 1px; max-width:540px; min-width:326px; padding:0; width:99.375%; width:-webkit-calc(100% - 2px); width:calc(100% - 2px);\"\/>\n<p>O material descreve o STF como o \u201cguardi\u00e3o da Constitui\u00e7\u00e3o\u201d, contrariando o que a oposi\u00e7\u00e3o pol\u00edtica ao governo Lula da Silva e diversos juristas dizem na atualidade. Enquanto Moraes refere-se ao STF como o lugar onde se combate a discrimina\u00e7\u00e3o, Barroso exalta a import\u00e2ncia da Corte, referindo-se a ela\u00a0 \u201cinst\u00e2ncia da \u00faltima palavra\u201d e destino das \u201ccausas mais complexas\u201d.<\/p>\n<p><strong>A t\u00e9cnica da \u2018voz do outro\u2019<\/strong><\/p>\n<p>Com o uso de uma t\u00e9cnica cl\u00e1ssica do marketing pol\u00edtico, que \u00e9 recorrer \u00e0 \u2018voz do outro\u2019 para disfar\u00e7ar o discurso oficial, a influenciadora insiste na tese de que o STF \u00e9 a casa da democracia. Em um dos trechos, uma das fontes diz:\u00a0 \u201cNuma democracia, as pessoas podem criticar inclusive o STF; se fosse realmente uma ditadura, n\u00e3o seria poss\u00edvel nem dizer isso\u201d, em alus\u00e3o ao v\u00eddeo nas redes sociais.\u00a0<\/p>\n<p>O conte\u00fado \u00e9 mais um produto do evento <a href=\"https:\/\/revistaoeste.com\/politica\/moraes-se-encontra-com-influenciador-e-faz-piada-sobre-sancao-dos-eua\/\"><strong>\u201cLeis e Likes: o papel do Judici\u00e1rio e a influ\u00eancia digital\u201d<\/strong><\/a>. A iniciativa busca usar influenciadores previamente selecionados para disseminar, por meio de seus canais, uma propaganda positiva sobre o trabalho do STF. De acordo com uma recente pesquisa da empresa Atlas\/Bloomberg, de cada dez brasileiros, seis \u201ct\u00eam pouco ou nenhuma\u201d confian\u00e7a na capacidade do sistema judici\u00e1rio de aplicar a lei de forma justa e honesta.<\/p>\n<p><strong>Poderes: os l\u00edderes da desconfian\u00e7a<\/strong><\/p>\n<p>O desempenho do \u00f3rg\u00e3o s\u00f3 n\u00e3o \u00e9 pior que o do Congresso Nacional, em que mais de 80% dos brasileiros reprovam o trabalho dos parlamentares. J\u00e1 o Executivo, na figura do governo petista, tem 55% de reprova\u00e7\u00e3o.\u00a0<\/p>\n<p>+ <strong>Leia mais not\u00edcias de <\/strong><a href=\"https:\/\/revistaoeste.com\/politica\/\"><strong>Pol\u00edtica<\/strong><\/a><strong> na Oeste\u00a0\u00a0\u00a0\u00a0<\/strong><\/p><\/div>\n<p><script async src=\"\/\/www.instagram.com\/embed.js\"><\/script><br \/>\n<br \/><\/a><\/p>\n<p>Fonte: revistaoeste.com<\/p>\n","protected":false},"excerpt":{"rendered":"<p>Membros do Supremo Tribunal Federal (STF), entre eles o presidente do \u00f3rg\u00e3o, ministro Lu\u00eds Roberto Barroso, e seu colega, o tamb\u00e9m ministro\u00a0 Alexandre de Moraes, aparecem em um v\u00eddeo no Instagram cujo discurso tenta rebater a ideia de que o Brasil vive uma ditadura. Produzido e veiculado pelo perfil da atriz e estudante de psicologia [&hellip;]<\/p>\n","protected":false},"author":3,"featured_media":2949,"comment_status":"open","ping_status":"open","sticky":false,"template":"","format":"standard","meta":{"advanced_seo_description":"","jetpack_seo_html_title":"","jetpack_seo_noindex":false,"fifu_image_url":"https:\/\/medias.revistaoeste.com\/wp-content\/uploads\/2025\/08\/STF-rosa.jpeg","fifu_image_alt":"","_jetpack_memberships_contains_paid_content":false,"footnotes":"","jetpack_publicize_message":"","jetpack_publicize_feature_enabled":true,"jetpack_social_post_already_shared":true,"jetpack_social_options":{"image_generator_settings":{"template":"highway","default_image_id":0,"font":"","enabled":false},"version":2}},"categories":[106,1],"tags":[],"class_list":{"0":"post-2948","1":"post","2":"type-post","3":"status-publish","4":"format-standard","5":"has-post-thumbnail","7":"category-politica","8":"category-uncategorized"},"jetpack_publicize_connections":[],"jetpack_featured_media_url":"https:\/\/i0.wp.com\/medias.revistaoeste.com\/wp-content\/uploads\/2025\/08\/STF-rosa.jpeg?fit=%2C&ssl=1","jetpack_sharing_enabled":true,"jetpack-related-posts":[],"_links":{"self":[{"href":"https:\/\/friburgonoticias.com.br\/temp\/wp-json\/wp\/v2\/posts\/2948","targetHints":{"allow":["GET"]}}],"collection":[{"href":"https:\/\/friburgonoticias.com.br\/temp\/wp-json\/wp\/v2\/posts"}],"about":[{"href":"https:\/\/friburgonoticias.com.br\/temp\/wp-json\/wp\/v2\/types\/post"}],"author":[{"embeddable":true,"href":"https:\/\/friburgonoticias.com.br\/temp\/wp-json\/wp\/v2\/users\/3"}],"replies":[{"embeddable":true,"href":"https:\/\/friburgonoticias.com.br\/temp\/wp-json\/wp\/v2\/comments?post=2948"}],"version-history":[{"count":0,"href":"https:\/\/friburgonoticias.com.br\/temp\/wp-json\/wp\/v2\/posts\/2948\/revisions"}],"wp:featuredmedia":[{"embeddable":true,"href":"https:\/\/friburgonoticias.com.br\/temp\/wp-json\/wp\/v2\/media\/2949"}],"wp:attachment":[{"href":"https:\/\/friburgonoticias.com.br\/temp\/wp-json\/wp\/v2\/media?parent=2948"}],"wp:term":[{"taxonomy":"category","embeddable":true,"href":"https:\/\/friburgonoticias.com.br\/temp\/wp-json\/wp\/v2\/categories?post=2948"},{"taxonomy":"post_tag","embeddable":true,"href":"https:\/\/friburgonoticias.com.br\/temp\/wp-json\/wp\/v2\/tags?post=2948"}],"curies":[{"name":"wp","href":"https:\/\/api.w.org\/{rel}","templated":true}]}}