{"id":2996,"date":"2025-08-18T14:28:03","date_gmt":"2025-08-18T14:28:03","guid":{"rendered":"https:\/\/friburgonoticias.com.br\/temp\/2025\/08\/18\/moraes-desafia-sancoes-em-entrevista-ao-washington-post\/"},"modified":"2025-08-18T14:28:03","modified_gmt":"2025-08-18T14:28:03","slug":"moraes-desafia-sancoes-em-entrevista-ao-washington-post","status":"publish","type":"post","link":"https:\/\/friburgonoticias.com.br\/temp\/2025\/08\/18\/moraes-desafia-sancoes-em-entrevista-ao-washington-post\/","title":{"rendered":"Moraes desafia san\u00e7\u00f5es em entrevista ao Washington Post"},"content":{"rendered":"<p><\/p>\n<div id=\"hd80s9wa1h892edh8192\">\n        O ministro <strong><a href=\"https:\/\/revistaoeste.com\/tag\/alexandre-de-moraes\/\" target=\"_blank\" rel=\"noreferrer noopener\">Alexandre de Moraes<\/a><\/strong>, do Supremo Tribunal Federal (STF), falou ao jornal norte-americano <em>The Washington Post <\/em>sobre o julgamento do ex-presidente Jair Bolsonaro. O ve\u00edculo descreveu o magistrado como \u201co juiz que se recusa a ceder \u00e0 vontade de Trump\u201d, em refer\u00eancia \u00e0 press\u00e3o pol\u00edtica internacional depois da aplica\u00e7\u00e3o de san\u00e7\u00f5es dos Estados Unidos.<\/p>\n<p>Segundo a reportagem, Moraes estava no est\u00e1dio, acompanhando uma partida do Corinthians, quando recebeu alertas no celular de que Bolsonaro havia descumprido a ordem judicial que o impedia de usar as redes sociais.<\/p>\n<p><strong>+ Leia mais not\u00edcias de <a href=\"https:\/\/revistaoeste.com\/politica\/\" target=\"_blank\" rel=\"noreferrer noopener\">Pol\u00edtica<\/a> em Oeste<\/strong><\/p>\n<p>O ministro reagiu imediatamente e determinou a pris\u00e3o domiciliar do ex-presidente, acusado de suposta tentativa de golpe de Estado. Nesse sentido, o magistrado declarou que n\u00e3o h\u00e1 qualquer possibilidade de as puni\u00e7\u00f5es aplicadas pelo governo norte-americano afetarem as decis\u00f5es da Corte brasileira.<\/p>\n<blockquote class=\"wp-block-quote is-layout-flow wp-block-quote-is-layout-flow\"><p>\u201cN\u00e3o h\u00e1 a menor possibilidade de recuar um mil\u00edmetro sequer\u201d, disse Moraes. \u201cFaremos o que \u00e9 certo: receberemos a acusa\u00e7\u00e3o, analisaremos as provas, e quem deve ser condenado ser\u00e1 condenado, e quem deve ser absolvido ser\u00e1 absolvido.\u201d<\/p>\n<\/blockquote>\n<p>Moraes tamb\u00e9m comparou a experi\u00eancia hist\u00f3rica das duas na\u00e7\u00f5es. Para ele, a dificuldade dos EUA em compreender a rea\u00e7\u00e3o do Brasil contra movimentos classificados como antidemocr\u00e1ticos decorre da aus\u00eancia de golpes no pa\u00eds.<\/p>\n<figure class=\"wp-block-embed aligncenter is-type-video is-provider-youtube wp-block-embed-youtube wp-embed-aspect-16-9 wp-has-aspect-ratio\">\n<div class=\"wp-block-embed__wrapper\">\n<div class=\"perfmatters-lazy-youtube\" data-src=\"https:\/\/www.youtube.com\/embed\/Yze3Tl9iNvg\" data-id=\"Yze3Tl9iNvg\" data-query=\"feature=oembed\" onclick=\"perfmattersLazyLoadYouTube(this);\">\n<div><img loading=\"lazy\" decoding=\"async\" alt=\"YouTube video\" width=\"480\" height=\"360\" data-pin-nopin=\"true\" nopin=\"nopin\" class=\"perfmatters-lazy\" src=\"https:\/\/i.ytimg.com\/vi\/Yze3Tl9iNvg\/hqdefault.jpg\"\/><img loading=\"lazy\" decoding=\"async\" src=\"https:\/\/i.ytimg.com\/vi\/Yze3Tl9iNvg\/hqdefault.jpg\" alt=\"YouTube video\" width=\"480\" height=\"360\" data-pin-nopin=\"true\" nopin=\"nopin\"\/><\/div>\n<\/div>\n<p><noscript><iframe loading=\"lazy\" title=\"&#039;Vaza Toga 2&#039;: mensagens exp\u00f5em &#039;Justi\u00e7a paralela&#039; de Moraes no 8 de janeiro\" width=\"1170\" height=\"658\" src=\"https:\/\/www.youtube.com\/embed\/Yze3Tl9iNvg?feature=oembed\" frameborder=\"0\" allow=\"accelerometer; autoplay; clipboard-write; encrypted-media; gyroscope; picture-in-picture; web-share\" referrerpolicy=\"strict-origin-when-cross-origin\" allowfullscreen><\/iframe><\/noscript>\n<\/div>\n<\/figure>\n<p>O ministro recordou que o Brasil enfrentou o governo de Get\u00falio Vargas e mais de duas d\u00e9cadas de regime militar.<\/p>\n<p>\u201cMas o Brasil teve anos de ditadura sob o Vargas, outros 20 anos de ditadura militar e in\u00fameras tentativas de golpe\u201d, argumentou o magistrado. \u201cQuando voc\u00ea \u00e9 muito mais atacado por uma doen\u00e7a, forma anticorpos mais fortes e busca vacina preventiva.\u201d<\/p>\n<h2 class=\"wp-block-heading\" id=\"h-moraes-comenta-aplicacao-da-lei-magnitsky\"><strong>Moraes comenta aplica\u00e7\u00e3o da Lei Magnitsky<\/strong><\/h2>\n<p>Moraes tamb\u00e9m comentou as medidas impostas pelo governo do presidente Donald Trump. A <strong><a href=\"https:\/\/www.whitehouse.gov\/\" target=\"_blank\" rel=\"noreferrer noopener\">Casa Branca<\/a><\/strong> cancelou o seu visto e o enquadrou na chamada Lei Magnitsky, dispositivo que bloqueia transa\u00e7\u00f5es financeiras de indiv\u00edduos acusados de violar direitos humanos.<\/p>\n<p>\u201c\u00c9 agrad\u00e1vel passar por isso?\u201d, ressaltou Moraes. \u201cClaro que n\u00e3o \u00e9 agrad\u00e1vel. Todo constitucionalista tem uma grande admira\u00e7\u00e3o pelos Estados Unidos.\u201d<\/p>\n<p><strong>+ Leia tamb\u00e9m: <a href=\"https:\/\/revistaoeste.com\/politica\/defesa-de-bolsonaro-cita-fux-para-indagar-stf-e-delacao-de-cid\/\" target=\"_blank\" rel=\"noreferrer noopener\">\u201cDefesas de Bolsonaro e de aliados citam voto de Fux para impugnar compet\u00eancia do STF\u201d<\/a><\/strong><\/p>\n<p>Por fim, o magistrado atribuiu o desgaste diplom\u00e1tico a \u201cnarrativas falsas\u201d disseminadas nas redes sociais. Segundo ele, as supostas desinforma\u00e7\u00f5es prejudicaram o relacionamento entre Bras\u00edlia e Washington. \u201cEnt\u00e3o, o que precisamos fazer, e o que o Brasil est\u00e1 fazendo, \u00e9 esclarecer as coisas\u201d.<\/p><\/div>\n<p><\/a><\/p>\n<p>Fonte: revistaoeste.com<\/p>\n","protected":false},"excerpt":{"rendered":"<p>O ministro Alexandre de Moraes, do Supremo Tribunal Federal (STF), falou ao jornal norte-americano The Washington Post sobre o julgamento do ex-presidente Jair Bolsonaro. O ve\u00edculo descreveu o magistrado como \u201co juiz que se recusa a ceder \u00e0 vontade de Trump\u201d, em refer\u00eancia \u00e0 press\u00e3o pol\u00edtica internacional depois da aplica\u00e7\u00e3o de san\u00e7\u00f5es dos Estados Unidos. [&hellip;]<\/p>\n","protected":false},"author":3,"featured_media":2997,"comment_status":"open","ping_status":"open","sticky":false,"template":"","format":"standard","meta":{"advanced_seo_description":"","jetpack_seo_html_title":"","jetpack_seo_noindex":false,"fifu_image_url":"https:\/\/medias.revistaoeste.com\/wp-content\/uploads\/2025\/07\/54565867641_64654160e9_k.jpg","fifu_image_alt":"","_jetpack_memberships_contains_paid_content":false,"footnotes":"","jetpack_publicize_message":"","jetpack_publicize_feature_enabled":true,"jetpack_social_post_already_shared":true,"jetpack_social_options":{"image_generator_settings":{"template":"highway","default_image_id":0,"font":"","enabled":false},"version":2}},"categories":[106,1],"tags":[],"class_list":{"0":"post-2996","1":"post","2":"type-post","3":"status-publish","4":"format-standard","5":"has-post-thumbnail","7":"category-politica","8":"category-uncategorized"},"jetpack_publicize_connections":[],"jetpack_featured_media_url":"https:\/\/i0.wp.com\/medias.revistaoeste.com\/wp-content\/uploads\/2025\/07\/54565867641_64654160e9_k.jpg?fit=%2C&ssl=1","jetpack_sharing_enabled":true,"jetpack-related-posts":[],"_links":{"self":[{"href":"https:\/\/friburgonoticias.com.br\/temp\/wp-json\/wp\/v2\/posts\/2996","targetHints":{"allow":["GET"]}}],"collection":[{"href":"https:\/\/friburgonoticias.com.br\/temp\/wp-json\/wp\/v2\/posts"}],"about":[{"href":"https:\/\/friburgonoticias.com.br\/temp\/wp-json\/wp\/v2\/types\/post"}],"author":[{"embeddable":true,"href":"https:\/\/friburgonoticias.com.br\/temp\/wp-json\/wp\/v2\/users\/3"}],"replies":[{"embeddable":true,"href":"https:\/\/friburgonoticias.com.br\/temp\/wp-json\/wp\/v2\/comments?post=2996"}],"version-history":[{"count":0,"href":"https:\/\/friburgonoticias.com.br\/temp\/wp-json\/wp\/v2\/posts\/2996\/revisions"}],"wp:featuredmedia":[{"embeddable":true,"href":"https:\/\/friburgonoticias.com.br\/temp\/wp-json\/wp\/v2\/media\/2997"}],"wp:attachment":[{"href":"https:\/\/friburgonoticias.com.br\/temp\/wp-json\/wp\/v2\/media?parent=2996"}],"wp:term":[{"taxonomy":"category","embeddable":true,"href":"https:\/\/friburgonoticias.com.br\/temp\/wp-json\/wp\/v2\/categories?post=2996"},{"taxonomy":"post_tag","embeddable":true,"href":"https:\/\/friburgonoticias.com.br\/temp\/wp-json\/wp\/v2\/tags?post=2996"}],"curies":[{"name":"wp","href":"https:\/\/api.w.org\/{rel}","templated":true}]}}