{"id":3000,"date":"2025-08-18T15:08:02","date_gmt":"2025-08-18T15:08:02","guid":{"rendered":"https:\/\/friburgonoticias.com.br\/temp\/2025\/08\/18\/comissao-aprova-inclusao-de-adolescente-de-ate-14-anos-entre-vitimas-de-aliciamento-sexual-noticias\/"},"modified":"2025-08-18T15:08:02","modified_gmt":"2025-08-18T15:08:02","slug":"comissao-aprova-inclusao-de-adolescente-de-ate-14-anos-entre-vitimas-de-aliciamento-sexual-noticias","status":"publish","type":"post","link":"https:\/\/friburgonoticias.com.br\/temp\/2025\/08\/18\/comissao-aprova-inclusao-de-adolescente-de-ate-14-anos-entre-vitimas-de-aliciamento-sexual-noticias\/","title":{"rendered":"Comiss\u00e3o aprova inclus\u00e3o de adolescente de at\u00e9 14 anos entre v\u00edtimas de aliciamento sexual &#8211; Not\u00edcias"},"content":{"rendered":"<p><\/p>\n<div>\n<p class=\"g-artigo__data-hora\">\n                      18\/08\/2025 &#8211; 11:39 \u00a0\n                    <\/p>\n<div id=\"image-container-1189590\" class=\"image-container\" style=\"float: none; margin: 45px 0px; width: 100%;\" data-midia=\"1189590\">\n        <em>Bruno Spada \/ C\u00e2mara dos Deputados<\/em><\/p>\n<p>        Laura Carneiro recomendou a aprova\u00e7\u00e3o da proposta\n        <\/p><\/div>\n<p>        A Comiss\u00e3o de Previd\u00eancia, Assist\u00eancia Social, Inf\u00e2ncia, Adolesc\u00eancia e Fam\u00edlia da C\u00e2mara dos Deputados aprovou projeto que inclui o adolescente de at\u00e9 14 anos entre as v\u00edtimas do crime de aliciamento de crian\u00e7as para a pr\u00e1tica de ato sexual, previsto no <a href=\"https:\/\/www2.camara.leg.br\/legin\/fed\/lei\/1990\/lei-8069-13-julho-1990-372211-norma-pl.html\">Estatuto da Crian\u00e7a e do Adolescente (ECA)<\/a>.<br \/>\n        A pena para esse crime varia de um a tr\u00eas anos de pris\u00e3o e multa.<br \/>\n        O texto prev\u00ea aumento de um ter\u00e7o at\u00e9 a metade, se o crime for cometido mediante fraude ou outro meio que impe\u00e7a ou dificulte a livre manifesta\u00e7\u00e3o de vontade da v\u00edtima.<br \/>\n        <strong>Parecer favor\u00e1vel<\/strong><br \/>A comiss\u00e3o aprovou a vers\u00e3o (<span id=\"4098\" class=\"termoGlossario\" title=\"Nome que se d\u00e1 ao texto que altera substancialmente o conte\u00fado original da proposta. O substitutivo \u00e9 apresentado pelo relator e tem prefer\u00eancia na vota\u00e7\u00e3o sobre o projeto original.\" contenteditable=\"false\" data-toggle=\"tooltip\" data-placement=\"top\">substitutivo<\/span>) da relatora, deputada Laura Carneiro (PSD-RJ), ao Projeto de Lei 1741\/25, da deputada Rog\u00e9ria Santos (Republicanos-BA).<br \/>\n        Laura Carneiro fez altera\u00e7\u00f5es formais no texto que n\u00e3o prejudicam o objetivo principal do projeto original.<br \/>\n        <strong>Vulnerabilidade<\/strong><br \/>A relatora destacou que o adolescente de at\u00e9 14 anos possui presun\u00e7\u00e3o absoluta de vulnerabilidade, no que diz respeito ao delito de estupro de vulner\u00e1vel, previsto no <a href=\"https:\/\/www2.camara.leg.br\/legin\/fed\/declei\/1940-1949\/decreto-lei-2848-7-dezembro-1940-412868-norma-pe.html\">C\u00f3digo Penal<\/a>. Assim sendo, ele \u00e9 incapaz de consentir com a pr\u00e1tica de ato libidinoso.<br \/>\n        &#8220;Essa presun\u00e7\u00e3o visa a proteger a forma\u00e7\u00e3o f\u00edsica, ps\u00edquica e emocional da crian\u00e7a e do adolescente, impedindo que fatores externos, como manipula\u00e7\u00e3o, sedu\u00e7\u00e3o ou constrangimento, influenciem a livre manifesta\u00e7\u00e3o da vontade&#8221; , explicou Laura Carneiro.<br \/>\n        <strong>Pr\u00f3ximos passos<\/strong><br \/>A proposta ainda ser\u00e1 analisada pela Comiss\u00e3o da Constitui\u00e7\u00e3o e Justi\u00e7a e de Cidadania. Em seguida, ser\u00e1 apreciada pelo Plen\u00e1rio.<br \/>\n        Para virar lei, o projeto precisa ser aprovado pela C\u00e2mara e pelo Senado.<\/p>\n<p style=\"font-size: 0.8rem; font-weight: 700;\">Reportagem \u2013 Emanuelle Brasil<br \/>Edi\u00e7\u00e3o \u2013 Natalia Doederlein<\/p>\n<\/p><\/div>\n<p><\/a><\/p>\n<p>Fonte: www.camara.leg.br<\/p>\n","protected":false},"excerpt":{"rendered":"<p>18\/08\/2025 &#8211; 11:39 \u00a0 Bruno Spada \/ C\u00e2mara dos Deputados Laura Carneiro recomendou a aprova\u00e7\u00e3o da proposta A Comiss\u00e3o de Previd\u00eancia, Assist\u00eancia Social, Inf\u00e2ncia, Adolesc\u00eancia e Fam\u00edlia da C\u00e2mara dos Deputados aprovou projeto que inclui o adolescente de at\u00e9 14 anos entre as v\u00edtimas do crime de aliciamento de crian\u00e7as para a pr\u00e1tica de ato [&hellip;]<\/p>\n","protected":false},"author":3,"featured_media":3001,"comment_status":"open","ping_status":"open","sticky":false,"template":"","format":"standard","meta":{"advanced_seo_description":"","jetpack_seo_html_title":"","jetpack_seo_noindex":false,"fifu_image_url":"https:\/\/www.camara.leg.br\/midias\/image\/2025\/08\/img20250716103734164-1-768x473.jpg","fifu_image_alt":"","_jetpack_memberships_contains_paid_content":false,"footnotes":"","jetpack_publicize_message":"","jetpack_publicize_feature_enabled":true,"jetpack_social_post_already_shared":true,"jetpack_social_options":{"image_generator_settings":{"template":"highway","default_image_id":0,"font":"","enabled":false},"version":2}},"categories":[106,1],"tags":[],"class_list":{"0":"post-3000","1":"post","2":"type-post","3":"status-publish","4":"format-standard","5":"has-post-thumbnail","7":"category-politica","8":"category-uncategorized"},"jetpack_publicize_connections":[],"jetpack_featured_media_url":"https:\/\/i0.wp.com\/www.camara.leg.br\/midias\/image\/2025\/08\/img20250716103734164-1-768x473.jpg?fit=%2C&ssl=1","jetpack_sharing_enabled":true,"jetpack-related-posts":[],"_links":{"self":[{"href":"https:\/\/friburgonoticias.com.br\/temp\/wp-json\/wp\/v2\/posts\/3000","targetHints":{"allow":["GET"]}}],"collection":[{"href":"https:\/\/friburgonoticias.com.br\/temp\/wp-json\/wp\/v2\/posts"}],"about":[{"href":"https:\/\/friburgonoticias.com.br\/temp\/wp-json\/wp\/v2\/types\/post"}],"author":[{"embeddable":true,"href":"https:\/\/friburgonoticias.com.br\/temp\/wp-json\/wp\/v2\/users\/3"}],"replies":[{"embeddable":true,"href":"https:\/\/friburgonoticias.com.br\/temp\/wp-json\/wp\/v2\/comments?post=3000"}],"version-history":[{"count":0,"href":"https:\/\/friburgonoticias.com.br\/temp\/wp-json\/wp\/v2\/posts\/3000\/revisions"}],"wp:featuredmedia":[{"embeddable":true,"href":"https:\/\/friburgonoticias.com.br\/temp\/wp-json\/wp\/v2\/media\/3001"}],"wp:attachment":[{"href":"https:\/\/friburgonoticias.com.br\/temp\/wp-json\/wp\/v2\/media?parent=3000"}],"wp:term":[{"taxonomy":"category","embeddable":true,"href":"https:\/\/friburgonoticias.com.br\/temp\/wp-json\/wp\/v2\/categories?post=3000"},{"taxonomy":"post_tag","embeddable":true,"href":"https:\/\/friburgonoticias.com.br\/temp\/wp-json\/wp\/v2\/tags?post=3000"}],"curies":[{"name":"wp","href":"https:\/\/api.w.org\/{rel}","templated":true}]}}