{"id":3006,"date":"2025-08-18T16:16:03","date_gmt":"2025-08-18T16:16:03","guid":{"rendered":"https:\/\/friburgonoticias.com.br\/temp\/2025\/08\/18\/comissao-aprova-proposta-para-classificar-organizacao-criminosa-armada-como-crime-hediondo-noticias\/"},"modified":"2025-08-18T16:16:03","modified_gmt":"2025-08-18T16:16:03","slug":"comissao-aprova-proposta-para-classificar-organizacao-criminosa-armada-como-crime-hediondo-noticias","status":"publish","type":"post","link":"https:\/\/friburgonoticias.com.br\/temp\/2025\/08\/18\/comissao-aprova-proposta-para-classificar-organizacao-criminosa-armada-como-crime-hediondo-noticias\/","title":{"rendered":"Comiss\u00e3o aprova proposta para classificar organiza\u00e7\u00e3o criminosa armada como crime hediondo &#8211; Not\u00edcias"},"content":{"rendered":"<p><\/p>\n<div>\n<p class=\"g-artigo__data-hora\">\n                      18\/08\/2025 &#8211; 13:08 \u00a0\n                    <\/p>\n<div id=\"image-container-1189628\" class=\"image-container\" style=\"float: none; margin: 45px 0px; width: 100%;\" data-midia=\"1189628\">\n        <em>Vinicius Loures \/ C\u00e2mara dos Deputados<\/em><\/p>\n<p>        Deputado Delegado Ramagem, relator\n        <\/p><\/div>\n<p>        A Comiss\u00e3o de Seguran\u00e7a P\u00fablica da C\u00e2mara dos Deputados aprovou projeto de lei que classifica como <span id=\"4179\" class=\"termoGlossario\" title=\"A Lei 8.072\/90 define como hediondos os crimes de homic\u00eddio praticado por grupo de exterm\u00ednio; homic\u00eddio qualificado; latroc\u00ednio; genoc\u00eddio; extors\u00e3o qualificada por morte;  extors\u00e3o mediante sequestro; estupro; dissemina\u00e7\u00e3o de epidemia que provoque morte; falsifica\u00e7\u00e3o, corrup\u00e7\u00e3o, adultera\u00e7\u00e3o ou altera\u00e7\u00e3o de produto destinado a fins terap\u00eauticos ou medicinais; e favorecimento da prostitui\u00e7\u00e3o ou de outra forma de explora\u00e7\u00e3o sexual de crian\u00e7a ou adolescente ou de vulner\u00e1vel. Esse tipo de crime deve ser cumprido inicialmente em regime fechado e \u00e9 insuscet\u00edvel de anistia, gra\u00e7a, indulto e fian\u00e7a.\" contenteditable=\"false\" data-toggle=\"tooltip\" data-placement=\"top\">hediondo<\/span> o crime de organiza\u00e7\u00e3o criminosa armada. Conforme a proposta, a pena m\u00e1xima para quem comete esse crime sobe de 8 para 10 anos de <span id=\"4303\" class=\"termoGlossario\" title=\"A reclus\u00e3o \u00e9 a mais severa entre as penas privativas de liberdade. Destina-se a crimes dolosos (com inten\u00e7\u00e3o).\" contenteditable=\"false\" data-toggle=\"tooltip\" data-placement=\"top\">reclus\u00e3o<\/span>.<br \/>\n        O texto aprovado \u00e9 o <span id=\"4098\" class=\"termoGlossario\" title=\"Nome que se d\u00e1 ao texto que altera substancialmente o conte\u00fado original da proposta. O substitutivo \u00e9 apresentado pelo relator e tem prefer\u00eancia na vota\u00e7\u00e3o sobre o projeto original.\" contenteditable=\"false\" data-toggle=\"tooltip\" data-placement=\"top\">substitutivo<\/span> do deputado Delegado Ramagem (PL-RJ) ao Projeto de Lei 767\/25, do deputado C\u00e9lio Studart (PSD-CE). O texto original alterava o C\u00f3digo Penal para proibir completamente a progress\u00e3o de regime do preso com ind\u00edcios de lideran\u00e7a ou atua\u00e7\u00e3o interestadual em organiza\u00e7\u00f5es criminosas.<\/p>\n<p>        Segundo Ramagem, tratar como crime hediondo as condutas praticadas por grupos criminosos armados \u00e9 uma necessidade que faz parte da pauta de seguran\u00e7a p\u00fablica nacional. &#8220;A hediondez se justifica n\u00e3o apenas por eventuais resultados lesivos diretos, mas pela natureza repugnante, vil e socialmente destrutiva das pr\u00e1ticas adotadas por essas fac\u00e7\u00f5es e organiza\u00e7\u00f5es criminosas&#8221;, afirmou.<br \/>\n        Decis\u00e3o do Supremo Tribunal Federal (STF) estabeleceu que a progress\u00e3o de regime integra o princ\u00edpio de individualiza\u00e7\u00e3o da pena e deve ser garantida ao condenado. &#8220;A veda\u00e7\u00e3o absoluta \u00e0 progress\u00e3o de regime, embora bem-intencionada, \u00e9 um rem\u00e9dio que pode se transformar em veneno ao abrir caminho para sua anula\u00e7\u00e3o pelo STF sob o argumento de\u00a0 inconstitucionalidade&#8221;, afirmou Ramagem.<br \/>\n        <strong>Progress\u00e3o de pena<br \/><\/strong>A proposta altera a <a href=\"https:\/\/www2.camara.gov.br\/legin\/fed\/lei\/1980-1987\/lei-7210-11-julho-1984-356938-norma-pl.html\">Lei de Execu\u00e7\u00f5es Penais<\/a> para dificultar a progress\u00e3o de pena dos presos. Pelo projeto, a primeira possibilidade de progress\u00e3o de pena quando o preso for condenado pela primeira vez e o crime tiver sido cometido sem viol\u00eancia acontece com 30% da pena cumprida. Atualmente, o percentual \u00e9 de 16%.<br \/>\n        Para os casos de crimes hediondos, a proposta estabelece progress\u00e3o s\u00f3 ap\u00f3s 80% da pena cumprida, proibido o livramento condicional. \u00a0A lei atual estabelece cumprimento de 40% da pena.<br \/>\n        O Brasil tem 72 fac\u00e7\u00f5es criminosas com alcance local, 14 de n\u00edvel regional e outras 2 com influ\u00eancia nacional e internacional, de acordo com pesquisa da\u00a0 Secretaria Nacional de Pol\u00edticas Penais, ligada ao Minist\u00e9rio da Justi\u00e7a e Seguran\u00e7a P\u00fablica.<br \/>\n        <strong>Pr\u00f3ximos passos<\/strong><br \/>A proposta ser\u00e1 analisada pela Comiss\u00e3o de Constitui\u00e7\u00e3o e Justi\u00e7a e de Cidadania. Depois, seguir\u00e1 para o Plen\u00e1rio. Para virar lei, a proposta precisa ser aprovada pela C\u00e2mara e pelo Senado.<\/p>\n<p>        \u00a0<br \/>\n        <iframe class=\"infografico-container\" style=\"width: 100%; height: 100%;\" src=\"https:\/\/www.camara.leg.br\/internet\/agencia\/infograficos-html5\/crimes-hediondos\/index.html\" frameborder=\"0\" data-mce-fragment=\"1\"><\/iframe><br \/>\n        \u00a0<\/p>\n<p style=\"font-size: 0.8rem; font-weight: 700;\">Reportagem \u2013 Tiago Miranda<br \/>Edi\u00e7\u00e3o \u2013 Roberto Seabra<\/p>\n<\/p><\/div>\n<p><\/a><\/p>\n<p>Fonte: www.camara.leg.br<\/p>\n","protected":false},"excerpt":{"rendered":"<p>18\/08\/2025 &#8211; 13:08 \u00a0 Vinicius Loures \/ C\u00e2mara dos Deputados Deputado Delegado Ramagem, relator A Comiss\u00e3o de Seguran\u00e7a P\u00fablica da C\u00e2mara dos Deputados aprovou projeto de lei que classifica como hediondo o crime de organiza\u00e7\u00e3o criminosa armada. Conforme a proposta, a pena m\u00e1xima para quem comete esse crime sobe de 8 para 10 anos de [&hellip;]<\/p>\n","protected":false},"author":3,"featured_media":3007,"comment_status":"open","ping_status":"open","sticky":false,"template":"","format":"standard","meta":{"advanced_seo_description":"","jetpack_seo_html_title":"","jetpack_seo_noindex":false,"fifu_image_url":"https:\/\/www.camara.leg.br\/midias\/image\/2025\/08\/img20250807143450724-768x473.jpg","fifu_image_alt":"","_jetpack_memberships_contains_paid_content":false,"footnotes":"","jetpack_publicize_message":"","jetpack_publicize_feature_enabled":true,"jetpack_social_post_already_shared":true,"jetpack_social_options":{"image_generator_settings":{"template":"highway","default_image_id":0,"font":"","enabled":false},"version":2}},"categories":[106,1],"tags":[],"class_list":{"0":"post-3006","1":"post","2":"type-post","3":"status-publish","4":"format-standard","5":"has-post-thumbnail","7":"category-politica","8":"category-uncategorized"},"jetpack_publicize_connections":[],"jetpack_featured_media_url":"https:\/\/i0.wp.com\/www.camara.leg.br\/midias\/image\/2025\/08\/img20250807143450724-768x473.jpg?fit=%2C&ssl=1","jetpack_sharing_enabled":true,"jetpack-related-posts":[],"_links":{"self":[{"href":"https:\/\/friburgonoticias.com.br\/temp\/wp-json\/wp\/v2\/posts\/3006","targetHints":{"allow":["GET"]}}],"collection":[{"href":"https:\/\/friburgonoticias.com.br\/temp\/wp-json\/wp\/v2\/posts"}],"about":[{"href":"https:\/\/friburgonoticias.com.br\/temp\/wp-json\/wp\/v2\/types\/post"}],"author":[{"embeddable":true,"href":"https:\/\/friburgonoticias.com.br\/temp\/wp-json\/wp\/v2\/users\/3"}],"replies":[{"embeddable":true,"href":"https:\/\/friburgonoticias.com.br\/temp\/wp-json\/wp\/v2\/comments?post=3006"}],"version-history":[{"count":0,"href":"https:\/\/friburgonoticias.com.br\/temp\/wp-json\/wp\/v2\/posts\/3006\/revisions"}],"wp:featuredmedia":[{"embeddable":true,"href":"https:\/\/friburgonoticias.com.br\/temp\/wp-json\/wp\/v2\/media\/3007"}],"wp:attachment":[{"href":"https:\/\/friburgonoticias.com.br\/temp\/wp-json\/wp\/v2\/media?parent=3006"}],"wp:term":[{"taxonomy":"category","embeddable":true,"href":"https:\/\/friburgonoticias.com.br\/temp\/wp-json\/wp\/v2\/categories?post=3006"},{"taxonomy":"post_tag","embeddable":true,"href":"https:\/\/friburgonoticias.com.br\/temp\/wp-json\/wp\/v2\/tags?post=3006"}],"curies":[{"name":"wp","href":"https:\/\/api.w.org\/{rel}","templated":true}]}}