{"id":3012,"date":"2025-08-18T17:18:03","date_gmt":"2025-08-18T17:18:03","guid":{"rendered":"https:\/\/friburgonoticias.com.br\/temp\/2025\/08\/18\/conselho-de-etica-faz-novo-sorteio-para-escolha-de-relator-em-processo-contra-andre-janones-noticias\/"},"modified":"2025-08-18T17:18:03","modified_gmt":"2025-08-18T17:18:03","slug":"conselho-de-etica-faz-novo-sorteio-para-escolha-de-relator-em-processo-contra-andre-janones-noticias","status":"publish","type":"post","link":"https:\/\/friburgonoticias.com.br\/temp\/2025\/08\/18\/conselho-de-etica-faz-novo-sorteio-para-escolha-de-relator-em-processo-contra-andre-janones-noticias\/","title":{"rendered":"Conselho de \u00c9tica faz novo sorteio para escolha de relator em processo contra Andr\u00e9 Janones &#8211; Not\u00edcias"},"content":{"rendered":"<p><\/p>\n<div>\n<div>\n<p class=\"g-artigo__data-hora\">\n                      18\/08\/2025 &#8211; 13:23 \u00a0\n                    <\/p>\n<div id=\"image-container-1068376\" class=\"image-container\" style=\"float: none; margin: 45px 0px; width: 100%;\" data-midia=\"1068376\">\n        <em>Renato Ara\u00fajo\/C\u00e2mara dos Deputados<\/em><\/p>\n<p>        Andr\u00e9 Janones teve seu mandato suspenso\n        <\/p><\/div>\n<p>        O Conselho de \u00c9tica e Decoro Parlamentar da C\u00e2mara dos Deputados re\u00fane-se nesta ter\u00e7a-feira (19) para realizar novo sorteio de nomes para compor a lista tr\u00edplice a partir da qual ser\u00e1 escolhido o relator da representa\u00e7\u00e3o contra o deputado Andr\u00e9 Janones (Avante-MG).<br \/>\n        Os tr\u00eas parlamentares sorteados inicialmente \u2013 Julio Arcoverde (PP-PI), AJ Albuquerque (PP-CE) e Z\u00e9 Haroldo Cathedral (PSD-RR) \u2013 solicitaram a retirada de seus nomes da lista.<br \/>\n        A reuni\u00e3o ser\u00e1 realizada \u00e0s 15 horas, no plen\u00e1rio 11.<\/p>\n<p>        Andr\u00e9 Janones \u00e9 acusado de proferir manifesta\u00e7\u00f5es ofensivas contra o deputado Nikolas Ferreira (PL-MG) enquanto este discursava na tribuna em julho. Ele foi punido com a suspens\u00e3o do mandato por tr\u00eas meses e ficar\u00e1 afastado at\u00e9 12 de outubro.<\/p>\n<p style=\"font-size: 0.8rem; font-weight: 700;\">Da Reda\u00e7\u00e3o \u2013 RL<\/p>\n<\/p><\/div>\n<\/p><\/div>\n<p><\/a><\/p>\n<p>Fonte: www.camara.leg.br<\/p>\n","protected":false},"excerpt":{"rendered":"<p>18\/08\/2025 &#8211; 13:23 \u00a0 Renato Ara\u00fajo\/C\u00e2mara dos Deputados Andr\u00e9 Janones teve seu mandato suspenso O Conselho de \u00c9tica e Decoro Parlamentar da C\u00e2mara dos Deputados re\u00fane-se nesta ter\u00e7a-feira (19) para realizar novo sorteio de nomes para compor a lista tr\u00edplice a partir da qual ser\u00e1 escolhido o relator da representa\u00e7\u00e3o contra o deputado Andr\u00e9 Janones [&hellip;]<\/p>\n","protected":false},"author":3,"featured_media":3013,"comment_status":"open","ping_status":"open","sticky":false,"template":"","format":"standard","meta":{"advanced_seo_description":"","jetpack_seo_html_title":"","jetpack_seo_noindex":false,"fifu_image_url":"https:\/\/www.camara.leg.br\/midias\/image\/2024\/06\/img20231031163809276-768x437.jpg","fifu_image_alt":"","_jetpack_memberships_contains_paid_content":false,"footnotes":"","jetpack_publicize_message":"","jetpack_publicize_feature_enabled":true,"jetpack_social_post_already_shared":true,"jetpack_social_options":{"image_generator_settings":{"template":"highway","default_image_id":0,"font":"","enabled":false},"version":2}},"categories":[107],"tags":[],"class_list":{"0":"post-3012","1":"post","2":"type-post","3":"status-publish","4":"format-standard","5":"has-post-thumbnail","7":"category-economia"},"jetpack_publicize_connections":[],"jetpack_featured_media_url":"https:\/\/i0.wp.com\/www.camara.leg.br\/midias\/image\/2024\/06\/img20231031163809276-768x437.jpg?fit=%2C&ssl=1","jetpack_sharing_enabled":true,"jetpack-related-posts":[],"_links":{"self":[{"href":"https:\/\/friburgonoticias.com.br\/temp\/wp-json\/wp\/v2\/posts\/3012","targetHints":{"allow":["GET"]}}],"collection":[{"href":"https:\/\/friburgonoticias.com.br\/temp\/wp-json\/wp\/v2\/posts"}],"about":[{"href":"https:\/\/friburgonoticias.com.br\/temp\/wp-json\/wp\/v2\/types\/post"}],"author":[{"embeddable":true,"href":"https:\/\/friburgonoticias.com.br\/temp\/wp-json\/wp\/v2\/users\/3"}],"replies":[{"embeddable":true,"href":"https:\/\/friburgonoticias.com.br\/temp\/wp-json\/wp\/v2\/comments?post=3012"}],"version-history":[{"count":0,"href":"https:\/\/friburgonoticias.com.br\/temp\/wp-json\/wp\/v2\/posts\/3012\/revisions"}],"wp:featuredmedia":[{"embeddable":true,"href":"https:\/\/friburgonoticias.com.br\/temp\/wp-json\/wp\/v2\/media\/3013"}],"wp:attachment":[{"href":"https:\/\/friburgonoticias.com.br\/temp\/wp-json\/wp\/v2\/media?parent=3012"}],"wp:term":[{"taxonomy":"category","embeddable":true,"href":"https:\/\/friburgonoticias.com.br\/temp\/wp-json\/wp\/v2\/categories?post=3012"},{"taxonomy":"post_tag","embeddable":true,"href":"https:\/\/friburgonoticias.com.br\/temp\/wp-json\/wp\/v2\/tags?post=3012"}],"curies":[{"name":"wp","href":"https:\/\/api.w.org\/{rel}","templated":true}]}}