{"id":3058,"date":"2025-08-19T12:48:15","date_gmt":"2025-08-19T12:48:15","guid":{"rendered":"https:\/\/friburgonoticias.com.br\/temp\/2025\/08\/19\/seminario-aborda-questoes-relacionadas-a-parentalidade-e-cuidado-noticias\/"},"modified":"2025-08-19T12:48:15","modified_gmt":"2025-08-19T12:48:15","slug":"seminario-aborda-questoes-relacionadas-a-parentalidade-e-cuidado-noticias","status":"publish","type":"post","link":"https:\/\/friburgonoticias.com.br\/temp\/2025\/08\/19\/seminario-aborda-questoes-relacionadas-a-parentalidade-e-cuidado-noticias\/","title":{"rendered":"Semin\u00e1rio aborda quest\u00f5es relacionadas a parentalidade e cuidado &#8211; Not\u00edcias"},"content":{"rendered":"<p><\/p>\n<div>\n<div>\n<p class=\"g-artigo__data-hora\">\n                      19\/08\/2025 &#8211; 08:15 \u00a0\n                    <\/p>\n<div id=\"image-container-1189992\" class=\"image-container\" style=\"float: none; margin: 45px 0px; width: 100%;\" data-midia=\"1189992\">\n        <em>Depositphotos<\/em><\/p>\n<p>        Parentalidade \u00e9 o conjunto de responsabilidades para o cuidado de crian\u00e7as\n        <\/p><\/div>\n<p>        A Comiss\u00e3o de Previd\u00eancia, Assist\u00eancia Social, Inf\u00e2ncia, Adolesc\u00eancia e Fam\u00edlia da C\u00e2mara dos Deputados realiza, nesta ter\u00e7a- feira (19), o 2\u00ba Semin\u00e1rio Parentalidade e Cuidado. O objetivo \u00e9 promover um espa\u00e7o de di\u00e1logo e reflex\u00e3o sobre a parentalidade \u2013 conceito entendido como o conjunto de responsabilidades e cuidados assumidos por quem exerce o papel de pai, m\u00e3e ou respons\u00e1vel por crian\u00e7as e adolescentes.<br \/>\n        O semin\u00e1rio ser\u00e1 realizado a partir das 14 horas, no plen\u00e1rio 7, e atende a requerimento das deputadas Rog\u00e9ria Santos (Republicanos-BA) e Laura Carneiro (PSD-RJ).<br \/>\n        <a href=\"https:\/\/www.camara.leg.br\/evento-legislativo\/77326\">Veja os convidados para o debate<\/a><\/p>\n<p data-start=\"874\" data-end=\"1070\">As deputadas defendem que fortalecer a fam\u00edlia por meio de pol\u00edticas p\u00fablicas de apoio \u00e0 parentalidade \u00e9 estrat\u00e9gia fundamental para garantir os direitos e o bem-estar de crian\u00e7as e adolescentes.<\/p>\n<p data-start=\"874\" data-end=\"1070\">&#8220;Ao abordar a parentalidade e a valoriza\u00e7\u00e3o do papel fundamental da fam\u00edlia na forma\u00e7\u00e3o do indiv\u00edduo e na constru\u00e7\u00e3o de uma sociedade mais justa, solid\u00e1ria e inclusiva, o semin\u00e1rio prop\u00f5e discutir temas como pol\u00edticas p\u00fablicas de apoio \u00e0 maternidade e paternidade, cuidado compartilhado, fam\u00edlias at\u00edpicas, prote\u00e7\u00e3o \u00e0s crian\u00e7as e adolescentes, inclus\u00e3o social, desafios enfrentados por fam\u00edlias em situa\u00e7\u00e3o de vulnerabilidade, al\u00e9m de quest\u00f5es como licen\u00e7a parental, concilia\u00e7\u00e3o entre trabalho e cuidado&#8221;, escrevem as deputadas no requerimento que prop\u00f5e o debate.<\/p>\n<p style=\"font-size: 0.8rem; font-weight: 700;\">Da Reda\u00e7\u00e3o \u2013 RL<\/p>\n<\/p><\/div>\n<\/p><\/div>\n<p><\/a><\/p>\n<p>Fonte: www.camara.leg.br<\/p>\n","protected":false},"excerpt":{"rendered":"<p>19\/08\/2025 &#8211; 08:15 \u00a0 Depositphotos Parentalidade \u00e9 o conjunto de responsabilidades para o cuidado de crian\u00e7as A Comiss\u00e3o de Previd\u00eancia, Assist\u00eancia Social, Inf\u00e2ncia, Adolesc\u00eancia e Fam\u00edlia da C\u00e2mara dos Deputados realiza, nesta ter\u00e7a- feira (19), o 2\u00ba Semin\u00e1rio Parentalidade e Cuidado. O objetivo \u00e9 promover um espa\u00e7o de di\u00e1logo e reflex\u00e3o sobre a parentalidade \u2013 [&hellip;]<\/p>\n","protected":false},"author":3,"featured_media":3059,"comment_status":"open","ping_status":"open","sticky":false,"template":"","format":"standard","meta":{"advanced_seo_description":"","jetpack_seo_html_title":"","jetpack_seo_noindex":false,"fifu_image_url":"https:\/\/www.camara.leg.br\/midias\/image\/2025\/08\/img20210913115533601-1-768x512.jpg","fifu_image_alt":"","_jetpack_memberships_contains_paid_content":false,"footnotes":"","jetpack_publicize_message":"","jetpack_publicize_feature_enabled":true,"jetpack_social_post_already_shared":true,"jetpack_social_options":{"image_generator_settings":{"template":"highway","default_image_id":0,"font":"","enabled":false},"version":2}},"categories":[106,1],"tags":[],"class_list":{"0":"post-3058","1":"post","2":"type-post","3":"status-publish","4":"format-standard","5":"has-post-thumbnail","7":"category-politica","8":"category-uncategorized"},"jetpack_publicize_connections":[],"jetpack_featured_media_url":"https:\/\/i0.wp.com\/www.camara.leg.br\/midias\/image\/2025\/08\/img20210913115533601-1-768x512.jpg?fit=%2C&ssl=1","jetpack_sharing_enabled":true,"jetpack-related-posts":[],"_links":{"self":[{"href":"https:\/\/friburgonoticias.com.br\/temp\/wp-json\/wp\/v2\/posts\/3058","targetHints":{"allow":["GET"]}}],"collection":[{"href":"https:\/\/friburgonoticias.com.br\/temp\/wp-json\/wp\/v2\/posts"}],"about":[{"href":"https:\/\/friburgonoticias.com.br\/temp\/wp-json\/wp\/v2\/types\/post"}],"author":[{"embeddable":true,"href":"https:\/\/friburgonoticias.com.br\/temp\/wp-json\/wp\/v2\/users\/3"}],"replies":[{"embeddable":true,"href":"https:\/\/friburgonoticias.com.br\/temp\/wp-json\/wp\/v2\/comments?post=3058"}],"version-history":[{"count":0,"href":"https:\/\/friburgonoticias.com.br\/temp\/wp-json\/wp\/v2\/posts\/3058\/revisions"}],"wp:featuredmedia":[{"embeddable":true,"href":"https:\/\/friburgonoticias.com.br\/temp\/wp-json\/wp\/v2\/media\/3059"}],"wp:attachment":[{"href":"https:\/\/friburgonoticias.com.br\/temp\/wp-json\/wp\/v2\/media?parent=3058"}],"wp:term":[{"taxonomy":"category","embeddable":true,"href":"https:\/\/friburgonoticias.com.br\/temp\/wp-json\/wp\/v2\/categories?post=3058"},{"taxonomy":"post_tag","embeddable":true,"href":"https:\/\/friburgonoticias.com.br\/temp\/wp-json\/wp\/v2\/tags?post=3058"}],"curies":[{"name":"wp","href":"https:\/\/api.w.org\/{rel}","templated":true}]}}