{"id":3064,"date":"2025-08-19T17:07:19","date_gmt":"2025-08-19T17:07:19","guid":{"rendered":"https:\/\/friburgonoticias.com.br\/temp\/2025\/08\/19\/estado-libera-primeira-parcela-de-r-5-milhoes-para-o-novo-batalhao-de-nova-iguacu\/"},"modified":"2025-08-19T17:07:19","modified_gmt":"2025-08-19T17:07:19","slug":"estado-libera-primeira-parcela-de-r-5-milhoes-para-o-novo-batalhao-de-nova-iguacu","status":"publish","type":"post","link":"https:\/\/friburgonoticias.com.br\/temp\/2025\/08\/19\/estado-libera-primeira-parcela-de-r-5-milhoes-para-o-novo-batalhao-de-nova-iguacu\/","title":{"rendered":"Estado libera primeira parcela de R$ 5 milh\u00f5es para o novo Batalh\u00e3o de Nova Igua\u00e7u"},"content":{"rendered":"<p><\/p>\n<div itemprop=\"articleBody\">\nO governo estadual anunciou a libera\u00e7\u00e3o da primeira parcela de R$ 5 milh\u00f5es para a constru\u00e7\u00e3o do <a href=\"https:\/\/temporealrj.com\/licitacao-para-novo-batalhao-da-policia-militar-em-nova-iguacu-sera-anunciada-em-julho\/\">Batalh\u00e3o de Nova Igua\u00e7u<\/a> da Pol\u00edcia Militar, de um total de R$ 15 milh\u00f5es previstos. A informa\u00e7\u00e3o foi divulgada nesta segunda-feira (18) e j\u00e1 saiu no Di\u00e1rio Oficial.<\/p>\n<p>De acordo com o governador Cl\u00e1udio Castro (PL), o processo licitat\u00f3rio est\u00e1 em fase final para que a constru\u00e7\u00e3o seja iniciada ainda em <a href=\"https:\/\/www.instagram.com\/temporealrio\/\" target=\"_blank\" rel=\"noopener\">2025<\/a>.<\/p>\n<p>\u201cA obra come\u00e7a nesse semestre, queremos entregar o batalh\u00e3o antes do t\u00e9rmino do ano que vem\u201d, anunciou.<\/p>\n<h2 class=\"wp-block-heading\">Deputado destaca import\u00e2ncia do Batalh\u00e3o de Nova Igua\u00e7u<\/h2>\n<p>Morador de Nova Igua\u00e7u, o deputado Carlinhos BNH (PP) \u00e9 autor de indica\u00e7\u00e3o legislativa ao governo estadual pedindo a constru\u00e7\u00e3o do batalh\u00e3o da PM. O parlamentar apresentou, junto do governador, a planta da nova unidade e destacou sua import\u00e2ncia para aquela cidade.<\/p>\n<p>\u201cEssa obra \u00e9 uma demanda centen\u00e1ria que vai fazer muita diferen\u00e7a na vida da popula\u00e7\u00e3o de Nova Igua\u00e7u e da Baixada Fluminense. Agrade\u00e7o ao governador por cumprir uma promessa feita ainda na campanha\u201d, destacou.\n<\/p><\/div>\n<p><script async src=\"\/\/www.instagram.com\/embed.js\"><\/script><br \/>\n<br \/><\/a><\/p>\n<p>Fonte: temporealrj.com<\/p>\n","protected":false},"excerpt":{"rendered":"<p>O governo estadual anunciou a libera\u00e7\u00e3o da primeira parcela de R$ 5 milh\u00f5es para a constru\u00e7\u00e3o do Batalh\u00e3o de Nova Igua\u00e7u da Pol\u00edcia Militar, de um total de R$ 15 milh\u00f5es previstos. A informa\u00e7\u00e3o foi divulgada nesta segunda-feira (18) e j\u00e1 saiu no Di\u00e1rio Oficial. De acordo com o governador Cl\u00e1udio Castro (PL), o processo [&hellip;]<\/p>\n","protected":false},"author":3,"featured_media":3065,"comment_status":"open","ping_status":"open","sticky":false,"template":"","format":"standard","meta":{"advanced_seo_description":"","jetpack_seo_html_title":"","jetpack_seo_noindex":false,"fifu_image_url":"https:\/\/temporealrj.com\/wp-content\/uploads\/2025\/08\/WhatsApp-Image-2025-08-19-at-12.34.46-e1755617812397.jpeg","fifu_image_alt":"","_jetpack_memberships_contains_paid_content":false,"footnotes":"","jetpack_publicize_message":"","jetpack_publicize_feature_enabled":true,"jetpack_social_post_already_shared":true,"jetpack_social_options":{"image_generator_settings":{"template":"highway","default_image_id":0,"font":"","enabled":false},"version":2}},"categories":[106,1],"tags":[],"class_list":{"0":"post-3064","1":"post","2":"type-post","3":"status-publish","4":"format-standard","5":"has-post-thumbnail","7":"category-politica","8":"category-uncategorized"},"jetpack_publicize_connections":[],"jetpack_featured_media_url":"https:\/\/i0.wp.com\/temporealrj.com\/wp-content\/uploads\/2025\/08\/WhatsApp-Image-2025-08-19-at-12.34.46-e1755617812397.jpeg?fit=%2C&ssl=1","jetpack_sharing_enabled":true,"jetpack-related-posts":[],"_links":{"self":[{"href":"https:\/\/friburgonoticias.com.br\/temp\/wp-json\/wp\/v2\/posts\/3064","targetHints":{"allow":["GET"]}}],"collection":[{"href":"https:\/\/friburgonoticias.com.br\/temp\/wp-json\/wp\/v2\/posts"}],"about":[{"href":"https:\/\/friburgonoticias.com.br\/temp\/wp-json\/wp\/v2\/types\/post"}],"author":[{"embeddable":true,"href":"https:\/\/friburgonoticias.com.br\/temp\/wp-json\/wp\/v2\/users\/3"}],"replies":[{"embeddable":true,"href":"https:\/\/friburgonoticias.com.br\/temp\/wp-json\/wp\/v2\/comments?post=3064"}],"version-history":[{"count":0,"href":"https:\/\/friburgonoticias.com.br\/temp\/wp-json\/wp\/v2\/posts\/3064\/revisions"}],"wp:featuredmedia":[{"embeddable":true,"href":"https:\/\/friburgonoticias.com.br\/temp\/wp-json\/wp\/v2\/media\/3065"}],"wp:attachment":[{"href":"https:\/\/friburgonoticias.com.br\/temp\/wp-json\/wp\/v2\/media?parent=3064"}],"wp:term":[{"taxonomy":"category","embeddable":true,"href":"https:\/\/friburgonoticias.com.br\/temp\/wp-json\/wp\/v2\/categories?post=3064"},{"taxonomy":"post_tag","embeddable":true,"href":"https:\/\/friburgonoticias.com.br\/temp\/wp-json\/wp\/v2\/tags?post=3064"}],"curies":[{"name":"wp","href":"https:\/\/api.w.org\/{rel}","templated":true}]}}