{"id":3080,"date":"2025-08-19T21:43:05","date_gmt":"2025-08-19T21:43:05","guid":{"rendered":"https:\/\/friburgonoticias.com.br\/temp\/2025\/08\/19\/motta-defende-projeto-que-preve-suspensao-de-6-meses-a-deputado-que-impedir-funcionamento-de-atividade-legislativa-noticias\/"},"modified":"2025-08-19T21:43:05","modified_gmt":"2025-08-19T21:43:05","slug":"motta-defende-projeto-que-preve-suspensao-de-6-meses-a-deputado-que-impedir-funcionamento-de-atividade-legislativa-noticias","status":"publish","type":"post","link":"https:\/\/friburgonoticias.com.br\/temp\/2025\/08\/19\/motta-defende-projeto-que-preve-suspensao-de-6-meses-a-deputado-que-impedir-funcionamento-de-atividade-legislativa-noticias\/","title":{"rendered":"Motta defende projeto que prev\u00ea suspens\u00e3o de 6 meses a deputado que impedir funcionamento de atividade legislativa &#8211; Not\u00edcias"},"content":{"rendered":"<p><\/p>\n<div>\n<div>\n<p class=\"g-artigo__data-hora\">\n                      19\/08\/2025 &#8211; 18:19 \u00a0\n                    <\/p>\n<div id=\"image-container-1190502\" class=\"image-container\" style=\"float: none; margin: 45px 0px; width: 100%;\" data-midia=\"1190502\">\n        <em>Marina Ramos\/C\u00e2mara dos Deputados<\/em><\/p>\n<p>        Hugo Motta, presidente da C\u00e2mara dos Deputados\n        <\/p><\/div>\n<p>        O presidente da C\u00e2mara dos Deputados, Hugo Motta (Republicanos-PB), defendeu a an\u00e1lise do Projeto de Resolu\u00e7\u00e3o 63\/25, da <span id=\"4072\" class=\"termoGlossario\" title=\"\u00d3rg\u00e3o respons\u00e1vel pela dire\u00e7\u00e3o dos trabalhos legislativos e dos servi\u00e7os administrativos da C\u00e2mara. \u00c9 composta por presidente, dois vice-presidentes e quatro secret\u00e1rios, al\u00e9m de quatro suplentes de secret\u00e1rios.\" contenteditable=\"false\" data-toggle=\"tooltip\" data-placement=\"top\">Mesa Diretora<\/span> da C\u00e2mara, que prev\u00ea pedido de suspens\u00e3o por 6 meses para quem agredir fisicamente ou impedir, por a\u00e7\u00e3o f\u00edsica, o funcionamento das atividades legislativas. A <span id=\"4227\" class=\"termoGlossario\" title=\"Regime de tramita\u00e7\u00e3o que dispensa exig\u00eancias, interst\u00edcios e formalidades regimentais (salvo a publica\u00e7\u00e3o, o qu\u00f3rum e os pareceres) para que uma proposi\u00e7\u00e3o seja apreciada pela C\u00e2mara de forma mais c\u00e9lere. Pode-se dizer que as proposi\u00e7\u00f5es s\u00e3o urgentes em raz\u00e3o da natureza da mat\u00e9ria; em raz\u00e3o de serem de iniciativa do Poder Executivo, com solicita\u00e7\u00e3o de urg\u00eancia do presidente da Rep\u00fablica; ou em virtude de terem sido reconhecidas, por delibera\u00e7\u00e3o do Plen\u00e1rio, com esse car\u00e1ter. Alguns projetos j\u00e1 tramitam automaticamente em regime de urg\u00eancia, como os que tratam de acordos internacionais.\" contenteditable=\"false\" data-toggle=\"tooltip\" data-placement=\"top\">urg\u00eancia<\/span> da proposta foi aprovada h\u00e1 pouco no Plen\u00e1rio.<br \/>\n        &#8220;Defendo que o relat\u00f3rio possa ser negociado, n\u00e3o h\u00e1 necessidade de se votar isso hoje ou amanh\u00e3, pode se conversar com os partidos, mas algo precisa ser feito&#8221;, afirmou.<br \/>\n        Segundo Motta, a proposta \u00e9 uma demonstra\u00e7\u00e3o clara de que a Presid\u00eancia da C\u00e2mara n\u00e3o concordar\u00e1 com movimentos como o da oposi\u00e7\u00e3o na primeira semana de agosto, quando impediu as vota\u00e7\u00f5es em Plen\u00e1rio. &#8220;\u00c9 uma demonstra\u00e7\u00e3o de que devemos ser en\u00e9rgicos com esse tipo de atitude&#8221;, disse.<br \/>\n        Motta declarou que n\u00e3o h\u00e1 interesse dele em &#8220;hipertrofiar poderes da Presid\u00eancia&#8221;, mas de proteger o bom funcionamento da C\u00e2mara. &#8220;Como estamos tendo movimentos desequilibrados, s\u00f3 vamos conseguir controlar se tivermos sobre a Mesa a condi\u00e7\u00e3o de punir e sermos pedag\u00f3gicos com quem n\u00e3o cumprir o Regimento Interno&#8221;, disse.<\/p>\n<p style=\"font-size: 0.8rem; font-weight: 700;\">Reportagem \u2013 Tiago Miranda<br \/>Edi\u00e7\u00e3o \u2013 Pierre Triboli<\/p>\n<\/p><\/div>\n<\/p><\/div>\n<p><\/a><\/p>\n<p>Fonte: www.camara.leg.br<\/p>\n","protected":false},"excerpt":{"rendered":"<p>19\/08\/2025 &#8211; 18:19 \u00a0 Marina Ramos\/C\u00e2mara dos Deputados Hugo Motta, presidente da C\u00e2mara dos Deputados O presidente da C\u00e2mara dos Deputados, Hugo Motta (Republicanos-PB), defendeu a an\u00e1lise do Projeto de Resolu\u00e7\u00e3o 63\/25, da Mesa Diretora da C\u00e2mara, que prev\u00ea pedido de suspens\u00e3o por 6 meses para quem agredir fisicamente ou impedir, por a\u00e7\u00e3o f\u00edsica, o [&hellip;]<\/p>\n","protected":false},"author":3,"featured_media":3081,"comment_status":"open","ping_status":"open","sticky":false,"template":"","format":"standard","meta":{"advanced_seo_description":"","jetpack_seo_html_title":"","jetpack_seo_noindex":false,"fifu_image_url":"https:\/\/www.camara.leg.br\/midias\/image\/2025\/08\/img20250819113014185-768x473.jpg","fifu_image_alt":"","_jetpack_memberships_contains_paid_content":false,"footnotes":"","jetpack_publicize_message":"","jetpack_publicize_feature_enabled":true,"jetpack_social_post_already_shared":true,"jetpack_social_options":{"image_generator_settings":{"template":"highway","default_image_id":0,"font":"","enabled":false},"version":2}},"categories":[107],"tags":[],"class_list":{"0":"post-3080","1":"post","2":"type-post","3":"status-publish","4":"format-standard","5":"has-post-thumbnail","7":"category-economia"},"jetpack_publicize_connections":[],"jetpack_featured_media_url":"https:\/\/i0.wp.com\/www.camara.leg.br\/midias\/image\/2025\/08\/img20250819113014185-768x473.jpg?fit=%2C&ssl=1","jetpack_sharing_enabled":true,"jetpack-related-posts":[],"_links":{"self":[{"href":"https:\/\/friburgonoticias.com.br\/temp\/wp-json\/wp\/v2\/posts\/3080","targetHints":{"allow":["GET"]}}],"collection":[{"href":"https:\/\/friburgonoticias.com.br\/temp\/wp-json\/wp\/v2\/posts"}],"about":[{"href":"https:\/\/friburgonoticias.com.br\/temp\/wp-json\/wp\/v2\/types\/post"}],"author":[{"embeddable":true,"href":"https:\/\/friburgonoticias.com.br\/temp\/wp-json\/wp\/v2\/users\/3"}],"replies":[{"embeddable":true,"href":"https:\/\/friburgonoticias.com.br\/temp\/wp-json\/wp\/v2\/comments?post=3080"}],"version-history":[{"count":0,"href":"https:\/\/friburgonoticias.com.br\/temp\/wp-json\/wp\/v2\/posts\/3080\/revisions"}],"wp:featuredmedia":[{"embeddable":true,"href":"https:\/\/friburgonoticias.com.br\/temp\/wp-json\/wp\/v2\/media\/3081"}],"wp:attachment":[{"href":"https:\/\/friburgonoticias.com.br\/temp\/wp-json\/wp\/v2\/media?parent=3080"}],"wp:term":[{"taxonomy":"category","embeddable":true,"href":"https:\/\/friburgonoticias.com.br\/temp\/wp-json\/wp\/v2\/categories?post=3080"},{"taxonomy":"post_tag","embeddable":true,"href":"https:\/\/friburgonoticias.com.br\/temp\/wp-json\/wp\/v2\/tags?post=3080"}],"curies":[{"name":"wp","href":"https:\/\/api.w.org\/{rel}","templated":true}]}}