{"id":3082,"date":"2025-08-19T21:48:09","date_gmt":"2025-08-19T21:48:09","guid":{"rendered":"https:\/\/friburgonoticias.com.br\/temp\/2025\/08\/19\/camara-aprova-urgencia-para-projeto-que-preve-suspensao-de-6-meses-a-deputado-que-impedir-atividade-legislativa-noticias\/"},"modified":"2025-08-19T21:48:09","modified_gmt":"2025-08-19T21:48:09","slug":"camara-aprova-urgencia-para-projeto-que-preve-suspensao-de-6-meses-a-deputado-que-impedir-atividade-legislativa-noticias","status":"publish","type":"post","link":"https:\/\/friburgonoticias.com.br\/temp\/2025\/08\/19\/camara-aprova-urgencia-para-projeto-que-preve-suspensao-de-6-meses-a-deputado-que-impedir-atividade-legislativa-noticias\/","title":{"rendered":"C\u00e2mara aprova urg\u00eancia para projeto que prev\u00ea suspens\u00e3o de 6 meses a deputado que impedir atividade legislativa &#8211; Not\u00edcias"},"content":{"rendered":"<p><\/p>\n<div>\n<div>\n<p class=\"g-artigo__data-hora\">\n                      19\/08\/2025 &#8211; 18:26 \u00a0\n                    <\/p>\n<div id=\"image-container-1190385\" class=\"image-container\" style=\"float: none; margin: 45px 0px; width: 100%;\" data-midia=\"1190385\">\n        <em>Kayo Magalh\u00e3es\/C\u00e2mara dos Deputados<\/em><\/p>\n<p>        Plen\u00e1rio da C\u00e2mara dos Deputados\n        <\/p><\/div>\n<p>        A C\u00e2mara dos Deputados aprovou nesta ter\u00e7a-feira (19) o regime de <span id=\"4227\" class=\"termoGlossario\" title=\"Regime de tramita\u00e7\u00e3o que dispensa exig\u00eancias, interst\u00edcios e formalidades regimentais (salvo a publica\u00e7\u00e3o, o qu\u00f3rum e os pareceres) para que uma proposi\u00e7\u00e3o seja apreciada pela C\u00e2mara de forma mais c\u00e9lere. Pode-se dizer que as proposi\u00e7\u00f5es s\u00e3o urgentes em raz\u00e3o da natureza da mat\u00e9ria; em raz\u00e3o de serem de iniciativa do Poder Executivo, com solicita\u00e7\u00e3o de urg\u00eancia do presidente da Rep\u00fablica; ou em virtude de terem sido reconhecidas, por delibera\u00e7\u00e3o do Plen\u00e1rio, com esse car\u00e1ter. Alguns projetos j\u00e1 tramitam automaticamente em regime de urg\u00eancia, como os que tratam de acordos internacionais.\" contenteditable=\"false\" data-toggle=\"tooltip\" data-placement=\"top\">urg\u00eancia<\/span> para o <a href=\"https:\/\/www.camara.leg.br\/noticias\/1190279-projeto-permite-suspensao-de-deputados-que-praticarem-agressoes-fisicas-ou-impedirem-atividade-legislativa\/\">Projeto de Resolu\u00e7\u00e3o (PRC) 63\/25<\/a>, da <span id=\"4072\" class=\"termoGlossario\" title=\"\u00d3rg\u00e3o respons\u00e1vel pela dire\u00e7\u00e3o dos trabalhos legislativos e dos servi\u00e7os administrativos da C\u00e2mara. \u00c9 composta por presidente, dois vice-presidentes e quatro secret\u00e1rios, al\u00e9m de quatro suplentes de secret\u00e1rios.\" contenteditable=\"false\" data-toggle=\"tooltip\" data-placement=\"top\">Mesa Diretora<\/span> da C\u00e2mara, que prev\u00ea pedido de suspens\u00e3o por 6 meses para quem agredir fisicamente ou impedir, por a\u00e7\u00e3o f\u00edsica, o funcionamento das atividades legislativas.<br \/>\n        A proposta poder\u00e1 ser votada nas pr\u00f3ximas sess\u00f5es do Plen\u00e1rio.<\/p>\n<p style=\"font-size: 0.8rem; font-weight: 700;\">Reportagem \u2013 Tiago Miranda<br \/>Edi\u00e7\u00e3o \u2013 Pierre Triboli<\/p>\n<\/p><\/div>\n<\/p><\/div>\n<p><\/a><\/p>\n<p>Fonte: www.camara.leg.br<\/p>\n","protected":false},"excerpt":{"rendered":"<p>19\/08\/2025 &#8211; 18:26 \u00a0 Kayo Magalh\u00e3es\/C\u00e2mara dos Deputados Plen\u00e1rio da C\u00e2mara dos Deputados A C\u00e2mara dos Deputados aprovou nesta ter\u00e7a-feira (19) o regime de urg\u00eancia para o Projeto de Resolu\u00e7\u00e3o (PRC) 63\/25, da Mesa Diretora da C\u00e2mara, que prev\u00ea pedido de suspens\u00e3o por 6 meses para quem agredir fisicamente ou impedir, por a\u00e7\u00e3o f\u00edsica, o [&hellip;]<\/p>\n","protected":false},"author":3,"featured_media":3083,"comment_status":"open","ping_status":"open","sticky":false,"template":"","format":"standard","meta":{"advanced_seo_description":"","jetpack_seo_html_title":"","jetpack_seo_noindex":false,"fifu_image_url":"https:\/\/www.camara.leg.br\/midias\/image\/2025\/08\/img20250819142559840-768x473.jpg","fifu_image_alt":"","_jetpack_memberships_contains_paid_content":false,"footnotes":"","jetpack_publicize_message":"","jetpack_publicize_feature_enabled":true,"jetpack_social_post_already_shared":true,"jetpack_social_options":{"image_generator_settings":{"template":"highway","default_image_id":0,"font":"","enabled":false},"version":2}},"categories":[106,1],"tags":[],"class_list":{"0":"post-3082","1":"post","2":"type-post","3":"status-publish","4":"format-standard","5":"has-post-thumbnail","7":"category-politica","8":"category-uncategorized"},"jetpack_publicize_connections":[],"jetpack_featured_media_url":"https:\/\/i0.wp.com\/www.camara.leg.br\/midias\/image\/2025\/08\/img20250819142559840-768x473.jpg?fit=%2C&ssl=1","jetpack_sharing_enabled":true,"jetpack-related-posts":[],"_links":{"self":[{"href":"https:\/\/friburgonoticias.com.br\/temp\/wp-json\/wp\/v2\/posts\/3082","targetHints":{"allow":["GET"]}}],"collection":[{"href":"https:\/\/friburgonoticias.com.br\/temp\/wp-json\/wp\/v2\/posts"}],"about":[{"href":"https:\/\/friburgonoticias.com.br\/temp\/wp-json\/wp\/v2\/types\/post"}],"author":[{"embeddable":true,"href":"https:\/\/friburgonoticias.com.br\/temp\/wp-json\/wp\/v2\/users\/3"}],"replies":[{"embeddable":true,"href":"https:\/\/friburgonoticias.com.br\/temp\/wp-json\/wp\/v2\/comments?post=3082"}],"version-history":[{"count":0,"href":"https:\/\/friburgonoticias.com.br\/temp\/wp-json\/wp\/v2\/posts\/3082\/revisions"}],"wp:featuredmedia":[{"embeddable":true,"href":"https:\/\/friburgonoticias.com.br\/temp\/wp-json\/wp\/v2\/media\/3083"}],"wp:attachment":[{"href":"https:\/\/friburgonoticias.com.br\/temp\/wp-json\/wp\/v2\/media?parent=3082"}],"wp:term":[{"taxonomy":"category","embeddable":true,"href":"https:\/\/friburgonoticias.com.br\/temp\/wp-json\/wp\/v2\/categories?post=3082"},{"taxonomy":"post_tag","embeddable":true,"href":"https:\/\/friburgonoticias.com.br\/temp\/wp-json\/wp\/v2\/tags?post=3082"}],"curies":[{"name":"wp","href":"https:\/\/api.w.org\/{rel}","templated":true}]}}