{"id":3112,"date":"2025-08-20T13:29:38","date_gmt":"2025-08-20T13:29:38","guid":{"rendered":"https:\/\/friburgonoticias.com.br\/temp\/2025\/08\/20\/filho-de-george-soros-tem-reuniao-com-haddad\/"},"modified":"2025-08-20T13:29:38","modified_gmt":"2025-08-20T13:29:38","slug":"filho-de-george-soros-tem-reuniao-com-haddad","status":"publish","type":"post","link":"https:\/\/friburgonoticias.com.br\/temp\/2025\/08\/20\/filho-de-george-soros-tem-reuniao-com-haddad\/","title":{"rendered":"Filho de George Soros tem reuni\u00e3o com Haddad"},"content":{"rendered":"<p><\/p>\n<div id=\"hd80s9wa1h892edh8192\">\n        Alexander Soros, presidente da Open Society Foundations \u2014 financiadora de movimentos progressistas ao redor do mundo \u2014 se encontrou com o ministro da Fazenda, Fernando Haddad, e outros integrantes do governo Lula nesta ter\u00e7a-feira, 20, em Bras\u00edlia. O filho do bilion\u00e1rio George Soros, conhecido por seus projetos de engenharia social, disse ter discutido com autoridades brasileiras os preparativos para a Confer\u00eancia do Clima da ONU (COP30).<\/p>\n<p>Al\u00e9m de Haddad, o senador Randolfe Rodrigues e os deputados T\u00falio Gad\u00ealha, Erika Hilton e Dandara Tonantzin estiveram no encontro. Em publica\u00e7\u00e3o nas redes sociais, Alexander disse que, al\u00e9m da COP30, as conversas abordaram a constru\u00e7\u00e3o de \u201cum modelo progressista \u00fanico para a democracia em todo o mundo\u201d.<\/p>\n<p><strong>+ Leia mais not\u00edcias de <a href=\"https:\/\/revistaoeste.com\/politica\" target=\"_blank\" rel=\"noreferrer noopener\">Pol\u00edtica<\/a> em Oeste<\/strong><\/p>\n<p>A Open Society Foundations financia a promo\u00e7\u00e3o de pautas como o aborto e legaliza\u00e7\u00e3o das drogas. H\u00e1 registros de financiamento da organiza\u00e7\u00e3o \u00e0 Planned Parenthood, rede de cl\u00ednicas de aborto dos EUA, ao Sleeping Giants Brasil, promotora de boicote a empresas alinhadas ao conservadorismo, e at\u00e9 mesmo a ativistas como Greta Thunberg, que recentemente integrou a \u201cflotilha da liberdade\u201d, expedi\u00e7\u00e3o militante ao Oriente M\u00e9dio em apoio \u00e0 Palestina. <\/p>\n<figure class=\"wp-block-embed is-type-rich is-provider-twitter wp-block-embed-twitter\">\n<div class=\"wp-block-embed__wrapper\">\n<blockquote class=\"twitter-tweet\" data-width=\"500\" data-dnt=\"true\">\n<p lang=\"en\" dir=\"ltr\">Grateful for my exchanges with Minister Haddad; Senator Rodriguez; and Chamber of Deputies Members Gad\u00ealha, Hilton, and Tonantzin as Brazil gears up for COP30 and continues to chart a unique progressive model for democracy across the globe. <a href=\"https:\/\/t.co\/TLwh5rd21W\">pic.twitter.com\/TLwh5rd21W<\/a><\/p>\n<p>\u2014 Alex Soros (@AlexanderSoros) <a href=\"https:\/\/twitter.com\/AlexanderSoros\/status\/1957933018187755945?ref_src=twsrc%5Etfw\">August 19, 2025<\/a><\/p><\/blockquote>\n<\/div>\n<\/figure>\n<h2 class=\"wp-block-heading\" id=\"h-filho-de-soros-quer-lutar-contra-trump\">Filho de Soros quer \u201clutar\u201d contra Trump<\/h2>\n<p>O filho de George Soros assumiu os neg\u00f3cios do pai recentemente. Em janeiro, ele classificou o governo de Donald Trump como uma equipe de \u201cvalent\u00f5es\u201d que precisa ser contida. Em entrevista ao jornal brit\u00e2nico <em>Financial Times<\/em>, ele afirmou a pretens\u00e3o de \u201clutar\u201d contra o presidente dos EUA.<\/p>\n<p>\u201cEspero que [<em>Karl<\/em>] Marx estivesse certo de que primeiro vem a trag\u00e9dia e depois vem a farsa\u201d, disse na entrevista. Ele afirmou ainda que, ao lidar com pessoas como Trump, \u201cvoc\u00ea revida\u201d.<\/p>\n<p>Durante as elei\u00e7\u00f5es norte-americanas, o filho de Soros mostrou apoio expl\u00edcito \u00e0 candidata do Partido Democrata, Kamala Harris. De acordo com a apura\u00e7\u00e3o do <em>Financial Times<\/em>, a fam\u00edlia Soros injetou mais de US$ 85 milh\u00f5es na campanha dela. Como recompensa pelo \u201cesfor\u00e7o\u201d, Biden \u201cagradeceu\u201d o investimento ao conceder a\u00a0Medalha Presidencial da Liberdade\u00a0a George Soros.<\/p><\/div>\n<p><script async src=\"\/\/platform.twitter.com\/widgets.js\" charset=\"utf-8\"><\/script><br \/>\n<br \/><\/a><\/p>\n<p>Fonte: revistaoeste.com<\/p>\n","protected":false},"excerpt":{"rendered":"<p>Alexander Soros, presidente da Open Society Foundations \u2014 financiadora de movimentos progressistas ao redor do mundo \u2014 se encontrou com o ministro da Fazenda, Fernando Haddad, e outros integrantes do governo Lula nesta ter\u00e7a-feira, 20, em Bras\u00edlia. O filho do bilion\u00e1rio George Soros, conhecido por seus projetos de engenharia social, disse ter discutido com autoridades [&hellip;]<\/p>\n","protected":false},"author":3,"featured_media":3113,"comment_status":"open","ping_status":"open","sticky":false,"template":"","format":"standard","meta":{"advanced_seo_description":"","jetpack_seo_html_title":"","jetpack_seo_noindex":false,"fifu_image_url":"https:\/\/medias.revistaoeste.com\/wp-content\/uploads\/2025\/08\/soros-e-haddad.jpg","fifu_image_alt":"","_jetpack_memberships_contains_paid_content":false,"footnotes":"","jetpack_publicize_message":"","jetpack_publicize_feature_enabled":true,"jetpack_social_post_already_shared":true,"jetpack_social_options":{"image_generator_settings":{"template":"highway","default_image_id":0,"font":"","enabled":false},"version":2}},"categories":[106,1],"tags":[],"class_list":{"0":"post-3112","1":"post","2":"type-post","3":"status-publish","4":"format-standard","5":"has-post-thumbnail","7":"category-politica","8":"category-uncategorized"},"jetpack_publicize_connections":[],"jetpack_featured_media_url":"https:\/\/i0.wp.com\/medias.revistaoeste.com\/wp-content\/uploads\/2025\/08\/soros-e-haddad.jpg?fit=%2C&ssl=1","jetpack_sharing_enabled":true,"jetpack-related-posts":[],"_links":{"self":[{"href":"https:\/\/friburgonoticias.com.br\/temp\/wp-json\/wp\/v2\/posts\/3112","targetHints":{"allow":["GET"]}}],"collection":[{"href":"https:\/\/friburgonoticias.com.br\/temp\/wp-json\/wp\/v2\/posts"}],"about":[{"href":"https:\/\/friburgonoticias.com.br\/temp\/wp-json\/wp\/v2\/types\/post"}],"author":[{"embeddable":true,"href":"https:\/\/friburgonoticias.com.br\/temp\/wp-json\/wp\/v2\/users\/3"}],"replies":[{"embeddable":true,"href":"https:\/\/friburgonoticias.com.br\/temp\/wp-json\/wp\/v2\/comments?post=3112"}],"version-history":[{"count":0,"href":"https:\/\/friburgonoticias.com.br\/temp\/wp-json\/wp\/v2\/posts\/3112\/revisions"}],"wp:featuredmedia":[{"embeddable":true,"href":"https:\/\/friburgonoticias.com.br\/temp\/wp-json\/wp\/v2\/media\/3113"}],"wp:attachment":[{"href":"https:\/\/friburgonoticias.com.br\/temp\/wp-json\/wp\/v2\/media?parent=3112"}],"wp:term":[{"taxonomy":"category","embeddable":true,"href":"https:\/\/friburgonoticias.com.br\/temp\/wp-json\/wp\/v2\/categories?post=3112"},{"taxonomy":"post_tag","embeddable":true,"href":"https:\/\/friburgonoticias.com.br\/temp\/wp-json\/wp\/v2\/tags?post=3112"}],"curies":[{"name":"wp","href":"https:\/\/api.w.org\/{rel}","templated":true}]}}