{"id":3114,"date":"2025-08-20T14:08:09","date_gmt":"2025-08-20T14:08:09","guid":{"rendered":"https:\/\/friburgonoticias.com.br\/temp\/2025\/08\/20\/comissao-aprova-projeto-que-permite-julgar-crime-sexual-contra-vulneravel-na-cidade-da-vitima-noticias\/"},"modified":"2025-08-20T14:08:09","modified_gmt":"2025-08-20T14:08:09","slug":"comissao-aprova-projeto-que-permite-julgar-crime-sexual-contra-vulneravel-na-cidade-da-vitima-noticias","status":"publish","type":"post","link":"https:\/\/friburgonoticias.com.br\/temp\/2025\/08\/20\/comissao-aprova-projeto-que-permite-julgar-crime-sexual-contra-vulneravel-na-cidade-da-vitima-noticias\/","title":{"rendered":"Comiss\u00e3o aprova projeto que permite julgar crime sexual contra vulner\u00e1vel na cidade da v\u00edtima &#8211; Not\u00edcias"},"content":{"rendered":"<p><\/p>\n<div>\n<div>\n<p class=\"g-artigo__data-hora\">\n                      20\/08\/2025 &#8211; 10:14 \u00a0\n                    <\/p>\n<div id=\"image-container-1190778\" class=\"image-container\" style=\"float: none; margin: 45px 0px; width: 100%;\" data-midia=\"1190778\">\n        <em>Kayo Magalh\u00e3es \/ C\u00e2mara dos Deputados<\/em><\/p>\n<p>        Maria do Ros\u00e1rio \u00e9 a relatora da proposta\n        <\/p><\/div>\n<p>        A Comiss\u00e3o de Constitui\u00e7\u00e3o e Justi\u00e7a e de Cidadania da C\u00e2mara dos Deputados (CCJ) aprovou projeto de lei determinando que o julgamento de crimes sexuais cometidos pela internet contra crian\u00e7as e adolescentes e de estupro de vulner\u00e1vel seja realizado na cidade ou regi\u00e3o onde mora a v\u00edtima.<br \/>\n        A proposta\u00a0altera o <a href=\"https:\/\/www2.camara.leg.br\/legin\/fed\/declei\/1940-1949\/decreto-lei-3689-3-outubro-1941-322206-norma-pe.html\">C\u00f3digo de Processo Penal<\/a> e pode seguir para a vota\u00e7\u00e3o no Senado, caso n\u00e3o haja recurso para an\u00e1lise no Plen\u00e1rio da C\u00e2mara.<\/p>\n<p>        <strong>Parecer favor\u00e1vel<\/strong><br \/>A CCJ aprovou o <a class=\"linkProposicao\" href=\"https:\/\/www.camara.leg.br\/noticias\/1143488-projeto-determina-que-crime-de-estupro-de-vulneravel-seja-julgado-no-domicilio-da-vitima\">Projeto de Lei 2304\/21<\/a>, deputada Laura Carneiro (PSD-RJ), conforme recomendado pela relatora, a deputada Maria do Ros\u00e1rio (PT-RS). Ela\u00a0acolheu uma <span id=\"4028\" class=\"termoGlossario\" title=\"Proposta para alterar, no todo ou em parte, o texto de um projeto de lei submetido \u00e0 discuss\u00e3o ou vota\u00e7\u00e3o.\" contenteditable=\"false\" data-toggle=\"tooltip\" data-placement=\"top\">emenda<\/span> com sugest\u00e3o da deputada Caroline de Toni (PL-SC), para que o julgamento na regi\u00e3o onde vive a v\u00edtima tamb\u00e9m se aplique a crimes sexuais cometidos pela internet contra crian\u00e7as e adolescentes.<br \/>\n        Maria do Ros\u00e1rio destacou que o projeto facilita o acesso \u00e0 justi\u00e7a e reduz transtornos enfrentados pela v\u00edtima. \u201cA apura\u00e7\u00e3o em um ambiente mais familiar e acolhedor pode fazer com que a v\u00edtima se sinta mais confort\u00e1vel para relatar os acontecimentos e colaborar com a justi\u00e7a.&#8221;<\/p>\n<p style=\"font-size: 0.8rem; font-weight: 700;\">Reportagem \u2013 Murilo Souza <br \/>Edi\u00e7\u00e3o \u2013 Rachel Librelon<\/p>\n<\/p><\/div>\n<\/p><\/div>\n<p><\/a><\/p>\n<p>Fonte: www.camara.leg.br<\/p>\n","protected":false},"excerpt":{"rendered":"<p>20\/08\/2025 &#8211; 10:14 \u00a0 Kayo Magalh\u00e3es \/ C\u00e2mara dos Deputados Maria do Ros\u00e1rio \u00e9 a relatora da proposta A Comiss\u00e3o de Constitui\u00e7\u00e3o e Justi\u00e7a e de Cidadania da C\u00e2mara dos Deputados (CCJ) aprovou projeto de lei determinando que o julgamento de crimes sexuais cometidos pela internet contra crian\u00e7as e adolescentes e de estupro de vulner\u00e1vel [&hellip;]<\/p>\n","protected":false},"author":3,"featured_media":3115,"comment_status":"open","ping_status":"open","sticky":false,"template":"","format":"standard","meta":{"advanced_seo_description":"","jetpack_seo_html_title":"","jetpack_seo_noindex":false,"fifu_image_url":"https:\/\/www.camara.leg.br\/midias\/image\/2025\/08\/img20250819204637938-768x473.jpg","fifu_image_alt":"","_jetpack_memberships_contains_paid_content":false,"footnotes":"","jetpack_publicize_message":"","jetpack_publicize_feature_enabled":true,"jetpack_social_post_already_shared":true,"jetpack_social_options":{"image_generator_settings":{"template":"highway","default_image_id":0,"font":"","enabled":false},"version":2}},"categories":[106,1],"tags":[],"class_list":{"0":"post-3114","1":"post","2":"type-post","3":"status-publish","4":"format-standard","5":"has-post-thumbnail","7":"category-politica","8":"category-uncategorized"},"jetpack_publicize_connections":[],"jetpack_featured_media_url":"https:\/\/i0.wp.com\/www.camara.leg.br\/midias\/image\/2025\/08\/img20250819204637938-768x473.jpg?fit=%2C&ssl=1","jetpack_sharing_enabled":true,"jetpack-related-posts":[],"_links":{"self":[{"href":"https:\/\/friburgonoticias.com.br\/temp\/wp-json\/wp\/v2\/posts\/3114","targetHints":{"allow":["GET"]}}],"collection":[{"href":"https:\/\/friburgonoticias.com.br\/temp\/wp-json\/wp\/v2\/posts"}],"about":[{"href":"https:\/\/friburgonoticias.com.br\/temp\/wp-json\/wp\/v2\/types\/post"}],"author":[{"embeddable":true,"href":"https:\/\/friburgonoticias.com.br\/temp\/wp-json\/wp\/v2\/users\/3"}],"replies":[{"embeddable":true,"href":"https:\/\/friburgonoticias.com.br\/temp\/wp-json\/wp\/v2\/comments?post=3114"}],"version-history":[{"count":0,"href":"https:\/\/friburgonoticias.com.br\/temp\/wp-json\/wp\/v2\/posts\/3114\/revisions"}],"wp:featuredmedia":[{"embeddable":true,"href":"https:\/\/friburgonoticias.com.br\/temp\/wp-json\/wp\/v2\/media\/3115"}],"wp:attachment":[{"href":"https:\/\/friburgonoticias.com.br\/temp\/wp-json\/wp\/v2\/media?parent=3114"}],"wp:term":[{"taxonomy":"category","embeddable":true,"href":"https:\/\/friburgonoticias.com.br\/temp\/wp-json\/wp\/v2\/categories?post=3114"},{"taxonomy":"post_tag","embeddable":true,"href":"https:\/\/friburgonoticias.com.br\/temp\/wp-json\/wp\/v2\/tags?post=3114"}],"curies":[{"name":"wp","href":"https:\/\/api.w.org\/{rel}","templated":true}]}}