{"id":3116,"date":"2025-08-20T14:28:09","date_gmt":"2025-08-20T14:28:09","guid":{"rendered":"https:\/\/friburgonoticias.com.br\/temp\/2025\/08\/20\/motta-designa-deputado-lafayette-de-andrada-para-relator-da-proposta-sobre-prerrogativas-parlamentares-noticias\/"},"modified":"2025-08-20T14:28:09","modified_gmt":"2025-08-20T14:28:09","slug":"motta-designa-deputado-lafayette-de-andrada-para-relator-da-proposta-sobre-prerrogativas-parlamentares-noticias","status":"publish","type":"post","link":"https:\/\/friburgonoticias.com.br\/temp\/2025\/08\/20\/motta-designa-deputado-lafayette-de-andrada-para-relator-da-proposta-sobre-prerrogativas-parlamentares-noticias\/","title":{"rendered":"Motta designa deputado Lafayette de Andrada para relator da proposta sobre prerrogativas parlamentares &#8211; Not\u00edcias"},"content":{"rendered":"<p><\/p>\n<div>\n<div>\n<p class=\"g-artigo__data-hora\">\n                      20\/08\/2025 &#8211; 10:53 \u00a0\n                    <\/p>\n<div id=\"image-container-1187637\" class=\"image-container\" style=\"float: none; margin: 45px 0px; width: 100%;\" data-midia=\"1187637\">\n        <em>Kayo Magalh\u00e3es \/ C\u00e2mara dos Deputados<\/em><\/p>\n<p>        Lafayette de Andrada ser\u00e1 o relator da PEC 3\/21\n        <\/p><\/div>\n<p>        O presidente da C\u00e2mara dos Deputados, Hugo Motta (Republicanos-PB), designou o deputado Lafayette de Andrada (Republicanos-MG) como relator de Plen\u00e1rio da Proposta de Emenda \u00e0 Constitui\u00e7\u00e3o sobre as prerrogativas dos deputados federais e senadores (<a class=\"linkProposicao\" href=\"https:\/\/www.camara.leg.br\/noticias\/730361-proposta-limita-a-possibilidade-de-prisao-em-flagrante-de-deputado-ou-senador\">PEC 3\/21<\/a>). No que couber, a proposta tamb\u00e9m se aplica a deputados estaduais.<br \/>\n        Em decis\u00e3o publicada no Di\u00e1rio Oficial da C\u00e2mara dos Deputados desta ter\u00e7a-feira (19), Motta afirma que a legislatura atual n\u00e3o est\u00e1 condicionada \u00e0s conclus\u00f5es a que tenham chegado os membros de legislaturas anteriores sobre qualquer mat\u00e9ria ou textos que tenham produzido.<br \/>\n        \u201cOportuno ressaltar que cumpre ao relator ser construtor de caminhos que levem a um texto-base capaz de orientar a delibera\u00e7\u00e3o da mat\u00e9ria, ensejando o entendimento entre as diversas for\u00e7as pol\u00edticas ou, ao menos, a tomada da decis\u00e3o poss\u00edvel, considerado o panorama partid\u00e1rio que comp\u00f5e a Casa\u201d, afirmou o presidente.<br \/>\n        <strong>Entenda a PEC<\/strong><br \/>Conforme a proposta, somente poder\u00e1 haver pris\u00e3o em flagrante dos parlamentares nos casos de crimes inafian\u00e7\u00e1veis citados explicitamente pela Constitui\u00e7\u00e3o: racismo, crimes hediondos, tortura, tr\u00e1fico de drogas, terrorismo e a a\u00e7\u00e3o de grupos armados, civis ou militares, contra a ordem constitucional e o Estado Democr\u00e1tico.<br \/>\n        A PEC pro\u00edbe a pris\u00e3o cautelar por decis\u00e3o monocr\u00e1tica, ou seja, de um \u00fanico ministro do Supremo Tribunal Federal (STF).<br \/>\n        A <a class=\"linkProposicao\" href=\"https:\/\/www.camara.leg.br\/noticias\/730361-proposta-limita-a-possibilidade-de-prisao-em-flagrante-de-deputado-ou-senador\">PEC 3\/21<\/a> foi apresentada ap\u00f3s a pris\u00e3o do ex-deputado Daniel Silveira, determinada pelo ministro Alexandre de Moraes e s\u00f3 depois confirmada pelos demais ministros.<\/p>\n<p style=\"font-size: 0.8rem; font-weight: 700;\">Reportagem \u2013 Luiz Gustavo Xavier<br \/>Edi\u00e7\u00e3o \u2013 Wilson Silveira<\/p>\n<\/p><\/div>\n<\/p><\/div>\n<p><\/a><\/p>\n<p>Fonte: www.camara.leg.br<\/p>\n","protected":false},"excerpt":{"rendered":"<p>20\/08\/2025 &#8211; 10:53 \u00a0 Kayo Magalh\u00e3es \/ C\u00e2mara dos Deputados Lafayette de Andrada ser\u00e1 o relator da PEC 3\/21 O presidente da C\u00e2mara dos Deputados, Hugo Motta (Republicanos-PB), designou o deputado Lafayette de Andrada (Republicanos-MG) como relator de Plen\u00e1rio da Proposta de Emenda \u00e0 Constitui\u00e7\u00e3o sobre as prerrogativas dos deputados federais e senadores (PEC 3\/21). [&hellip;]<\/p>\n","protected":false},"author":3,"featured_media":3117,"comment_status":"open","ping_status":"open","sticky":false,"template":"","format":"standard","meta":{"advanced_seo_description":"","jetpack_seo_html_title":"","jetpack_seo_noindex":false,"fifu_image_url":"https:\/\/www.camara.leg.br\/midias\/image\/2025\/08\/img20250529131253807-768x473.jpg","fifu_image_alt":"","_jetpack_memberships_contains_paid_content":false,"footnotes":"","jetpack_publicize_message":"","jetpack_publicize_feature_enabled":true,"jetpack_social_post_already_shared":true,"jetpack_social_options":{"image_generator_settings":{"template":"highway","default_image_id":0,"font":"","enabled":false},"version":2}},"categories":[107],"tags":[],"class_list":{"0":"post-3116","1":"post","2":"type-post","3":"status-publish","4":"format-standard","5":"has-post-thumbnail","7":"category-economia"},"jetpack_publicize_connections":[],"jetpack_featured_media_url":"https:\/\/i0.wp.com\/www.camara.leg.br\/midias\/image\/2025\/08\/img20250529131253807-768x473.jpg?fit=%2C&ssl=1","jetpack_sharing_enabled":true,"jetpack-related-posts":[],"_links":{"self":[{"href":"https:\/\/friburgonoticias.com.br\/temp\/wp-json\/wp\/v2\/posts\/3116","targetHints":{"allow":["GET"]}}],"collection":[{"href":"https:\/\/friburgonoticias.com.br\/temp\/wp-json\/wp\/v2\/posts"}],"about":[{"href":"https:\/\/friburgonoticias.com.br\/temp\/wp-json\/wp\/v2\/types\/post"}],"author":[{"embeddable":true,"href":"https:\/\/friburgonoticias.com.br\/temp\/wp-json\/wp\/v2\/users\/3"}],"replies":[{"embeddable":true,"href":"https:\/\/friburgonoticias.com.br\/temp\/wp-json\/wp\/v2\/comments?post=3116"}],"version-history":[{"count":0,"href":"https:\/\/friburgonoticias.com.br\/temp\/wp-json\/wp\/v2\/posts\/3116\/revisions"}],"wp:featuredmedia":[{"embeddable":true,"href":"https:\/\/friburgonoticias.com.br\/temp\/wp-json\/wp\/v2\/media\/3117"}],"wp:attachment":[{"href":"https:\/\/friburgonoticias.com.br\/temp\/wp-json\/wp\/v2\/media?parent=3116"}],"wp:term":[{"taxonomy":"category","embeddable":true,"href":"https:\/\/friburgonoticias.com.br\/temp\/wp-json\/wp\/v2\/categories?post=3116"},{"taxonomy":"post_tag","embeddable":true,"href":"https:\/\/friburgonoticias.com.br\/temp\/wp-json\/wp\/v2\/tags?post=3116"}],"curies":[{"name":"wp","href":"https:\/\/api.w.org\/{rel}","templated":true}]}}