{"id":3186,"date":"2025-08-21T18:13:09","date_gmt":"2025-08-21T18:13:09","guid":{"rendered":"https:\/\/friburgonoticias.com.br\/temp\/2025\/08\/21\/tarcisio-critica-vazamento-de-audios-apreendidos-pela-pf\/"},"modified":"2025-08-21T18:13:09","modified_gmt":"2025-08-21T18:13:09","slug":"tarcisio-critica-vazamento-de-audios-apreendidos-pela-pf","status":"publish","type":"post","link":"https:\/\/friburgonoticias.com.br\/temp\/2025\/08\/21\/tarcisio-critica-vazamento-de-audios-apreendidos-pela-pf\/","title":{"rendered":"Tarc\u00edsio critica vazamento de \u00e1udios apreendidos pela PF"},"content":{"rendered":"<br><p><\/p>\n<p>O governador de S\u00e3o Paulo, Tarc\u00edsio de Freitas, questionou os motivos do vazamento de \u00e1udios apreendidos pela Pol\u00edcia Federal (PF), que cont\u00eam conversas entre o deputado federal licenciado <strong><a href=\"https:\/\/revistaoeste.com\/tag\/eduardo-bolsonaro\" target=\"_blank\" rel=\"noreferrer noopener\">Eduardo Bolsonaro (PL-SP)<\/a><\/strong> e o ex-presidente Jair Bolsonaro. <\/p>\n<p><\/p>\n<p><\/p>\n<p>Para o governador, os \u00e1udios mostram apenas um di\u00e1logo entre pai e filho, e n\u00e3o t\u00eam &#8220;interesse p\u00fablico&#8221;. Tarc\u00edsio tamb\u00e9m disse ver com apreens\u00e3o o cen\u00e1rio em que autoridades investigam cidad\u00e3os por expressar opini\u00f5es.<\/p>\n<p><\/p>\n<p><\/p>\n<p><strong>+ Leia mais not\u00edcias de\u00a0<a href=\"https:\/\/revistaoeste.com\/politica\" target=\"_blank\" rel=\"noreferrer noopener\">Pol\u00edtica<\/a>\u00a0em Oeste<\/strong><\/p>\n<p><\/p>\n<p><\/p>\n<p> \u201cPreocupa-me um pouco o rumo que as coisas est\u00e3o tomando&#8221;, afirmou o governador durante compromisso na regi\u00e3o de Mar\u00edlia, nesta quinta-feira, 21. &#8220;Preocupa-me um pouco o fato de voc\u00ea ver pessoas sendo investigadas em a\u00e7\u00f5es judiciais simplesmente por fazerem cr\u00edticas. \u00c0s vezes, eu vejo que isso n\u00e3o faz sentido. Onde \u00e9 que a gente quer chegar com isso? Onde \u00e9 que o Brasil vai parar? N\u00e3o vejo a\u00ed um bom caminho.\u201d<\/p>\n<p><\/p>\n<p><\/p>\n<p>O governador evitou comentar os \u00e1udios que Eduardo trocou com o ex-presidente, nos quais mencionam seu nome.<\/p>\n<p><\/p>\n<p><\/p>\n<p>&#8220;Primeiro, eu n\u00e3o vou comentar, \u00e9 uma conversa privada de pai para filho, \u00e9 uma quest\u00e3o que s\u00f3 interessa aos dois e eu nem sei porque essas conversas foram divulgadas&#8221;, completou. &#8220;Realmente, n\u00e3o vejo interesse p\u00fablico nisso.&#8221;<\/p>\n<p><\/p>\n<p><\/p>\n<figure class=\"wp-block-embed is-type-video is-provider-youtube wp-block-embed-youtube wp-embed-aspect-16-9 wp-has-aspect-ratio\">\n<div class=\"wp-block-embed__wrapper\">\n<iframe loading=\"lazy\" title=\"Silas Malafaia \u00e9 investigado junto a Jair e Eduardo Bolsonaro\" width=\"1170\" height=\"658\" src=\"https:\/\/www.youtube.com\/embed\/3IYUFWVyceY?feature=oembed\" frameborder=\"0\" allow=\"accelerometer; autoplay; clipboard-write; encrypted-media; gyroscope; picture-in-picture; web-share\" referrerpolicy=\"strict-origin-when-cross-origin\" allowfullscreen><\/iframe>\n<\/div>\n<\/figure>\n<p><\/p>\n<p><\/p>\n<h2 class=\"wp-block-heading\" id=\"reacao-sobre-a-divulgacao-das-conversas\">Tarc\u00edsio destacou la\u00e7o de amizade com Bolsonaro<a href=\"https:\/\/wainews-homolog.streamlit.app\/~\/+\/#relacao-com-jair-bolsonaro\"><\/a><\/h2>\n<p><\/p>\n<p><\/p>\n<p>Sobre sua rela\u00e7\u00e3o com Jair Bolsonaro, Tarc\u00edsio refor\u00e7ou que mant\u00e9m la\u00e7os de amizade e gratid\u00e3o. <\/p>\n<p><\/p>\n<p><\/p>\n<p>\u201cA minha rela\u00e7\u00e3o com o Bolsonaro vai ser como sempre foi, rela\u00e7\u00e3o de lealdade, rela\u00e7\u00e3o de amizade, rela\u00e7\u00e3o de gratid\u00e3o com uma pessoa que eu entendo que fez muito pelo Brasil, fez muito por mim, me abriu a porta, sempre foi muito amigo e eu vou ser amigo, vou estar sempre do lado, vou estar sempre trabalhando para ajudar na medida do poss\u00edvel\u201d, declarou o governador.<\/p>\n<p><\/p>\n<p><\/p>\n<p><strong>Leia tamb\u00e9m: <a href=\"https:\/\/revistaoeste.com\/revista\/edicao-283\/a-descrenca-na-imprensa\" target=\"_blank\" rel=\"noreferrer noopener\">&#8220;A descren\u00e7a na imprensa&#8221;<\/a>, artigo de Ubiratan Jorge Iorio publicado na Edi\u00e7\u00e3o 283 da Revista Oeste<\/strong><\/p>\n<p><\/p>\n<p><\/p>\n<p><a href=\"https:\/\/revistaoeste.com\/colunista\/ubiratan\/\"><\/a><\/p>\n<p><\/p>\n<p><\/p>\n<p><a href=\"https:\/\/revistaoeste.com\/colunista\/ubiratan\/\"><\/a><\/p>\n<p><\/p>\n<p><\/p>\n<p><a href=\"https:\/\/revistaoeste.com\/colunista\/ubiratan\/\"><\/a><\/p>\n<p><\/p>\n<p>O post <a href=\"https:\/\/revistaoeste.com\/politica\/tarcisio-critica-vazamento-de-audios-apreendidos-pela-pf\/\">Tarc\u00edsio critica vazamento de \u00e1udios apreendidos pela PF<\/a> apareceu primeiro em <a href=\"https:\/\/revistaoeste.com\">Revista Oeste<\/a>.<\/p>\r\n<br><\/a>\r\n\r\nFonte: revistaoeste.com ","protected":false},"excerpt":{"rendered":"<p>O governador de S\u00e3o Paulo, Tarc\u00edsio de Freitas, questionou os motivos do vazamento de \u00e1udios apreendidos pela Pol\u00edcia Federal (PF), que cont\u00eam conversas entre o deputado federal licenciado Eduardo Bolsonaro (PL-SP) e o ex-presidente Jair Bolsonaro. Para o governador, os \u00e1udios mostram apenas um di\u00e1logo entre pai e filho, e n\u00e3o t\u00eam &#8220;interesse p\u00fablico&#8221;. Tarc\u00edsio [&hellip;]<\/p>\n","protected":false},"author":3,"featured_media":0,"comment_status":"open","ping_status":"open","sticky":false,"template":"","format":"standard","meta":{"advanced_seo_description":"","jetpack_seo_html_title":"","jetpack_seo_noindex":false,"fifu_image_url":"","fifu_image_alt":"","_jetpack_memberships_contains_paid_content":false,"footnotes":"","jetpack_publicize_message":"","jetpack_publicize_feature_enabled":true,"jetpack_social_post_already_shared":true,"jetpack_social_options":{"image_generator_settings":{"template":"highway","default_image_id":0,"font":"","enabled":false},"version":2}},"categories":[106,1],"tags":[],"class_list":{"0":"post-3186","1":"post","2":"type-post","3":"status-publish","4":"format-standard","6":"category-politica","7":"category-uncategorized"},"jetpack_publicize_connections":[],"jetpack_featured_media_url":"","jetpack_sharing_enabled":true,"jetpack-related-posts":[],"_links":{"self":[{"href":"https:\/\/friburgonoticias.com.br\/temp\/wp-json\/wp\/v2\/posts\/3186","targetHints":{"allow":["GET"]}}],"collection":[{"href":"https:\/\/friburgonoticias.com.br\/temp\/wp-json\/wp\/v2\/posts"}],"about":[{"href":"https:\/\/friburgonoticias.com.br\/temp\/wp-json\/wp\/v2\/types\/post"}],"author":[{"embeddable":true,"href":"https:\/\/friburgonoticias.com.br\/temp\/wp-json\/wp\/v2\/users\/3"}],"replies":[{"embeddable":true,"href":"https:\/\/friburgonoticias.com.br\/temp\/wp-json\/wp\/v2\/comments?post=3186"}],"version-history":[{"count":0,"href":"https:\/\/friburgonoticias.com.br\/temp\/wp-json\/wp\/v2\/posts\/3186\/revisions"}],"wp:attachment":[{"href":"https:\/\/friburgonoticias.com.br\/temp\/wp-json\/wp\/v2\/media?parent=3186"}],"wp:term":[{"taxonomy":"category","embeddable":true,"href":"https:\/\/friburgonoticias.com.br\/temp\/wp-json\/wp\/v2\/categories?post=3186"},{"taxonomy":"post_tag","embeddable":true,"href":"https:\/\/friburgonoticias.com.br\/temp\/wp-json\/wp\/v2\/tags?post=3186"}],"curies":[{"name":"wp","href":"https:\/\/api.w.org\/{rel}","templated":true}]}}