{"id":3199,"date":"2025-08-21T21:03:12","date_gmt":"2025-08-21T21:03:12","guid":{"rendered":"https:\/\/friburgonoticias.com.br\/temp\/2025\/08\/21\/ir-aprovada-a-urgencia-do-projeto-que-amplia-a-isencao-para-quem-ganha-ate-r-5-mil\/"},"modified":"2025-08-21T21:03:12","modified_gmt":"2025-08-21T21:03:12","slug":"ir-aprovada-a-urgencia-do-projeto-que-amplia-a-isencao-para-quem-ganha-ate-r-5-mil","status":"publish","type":"post","link":"https:\/\/friburgonoticias.com.br\/temp\/2025\/08\/21\/ir-aprovada-a-urgencia-do-projeto-que-amplia-a-isencao-para-quem-ganha-ate-r-5-mil\/","title":{"rendered":"IR: Aprovada a urg\u00eancia do projeto que amplia a isen\u00e7\u00e3o para quem ganha at\u00e9 R$ 5 mil"},"content":{"rendered":"<br><p><\/p>\n<p>A C\u00e2mara dos Deputados aprovou, nesta quinta-feira, 21, o requerimento de urg\u00eancia para a tramita\u00e7\u00e3o do Projeto de Lei 1087\/25, enviada pela equipe econ\u00f4mica do governo Lula, que concede isen\u00e7\u00e3o de Imposto de Renda para quem ganha at\u00e9 R$ 5 mil por m\u00eas.<\/p>\n<p><\/p>\n<p><\/p>\n<p><strong>+ <a href=\"https:\/\/revistaoeste.com\/politica\/lula-assina-pl-da-isencao-do-imposto-de-renda-para-quem-ganha-ate-r-5-mil\/\" target=\"_blank\" rel=\"noreferrer noopener\">Lula assina PL da isen\u00e7\u00e3o do Imposto de Renda para quem ganha at\u00e9 R$ 5 mil<\/a><\/strong><\/p>\n<p><\/p>\n<p><\/p>\n<p>O presidente da Casa, Hugo Motta (Republicanos-PB), anunciou que a data para vota\u00e7\u00e3o do texto da proposta que aumenta a faixa de isen\u00e7\u00e3o do Imposto de Renda em plen\u00e1rio vai ser definido depois de reuni\u00e3o no Col\u00e9gio de L\u00edderes.&nbsp;<\/p>\n<p><\/p>\n<p><\/p>\n<p>O relat\u00f3rio foi elaborado pelo deputado Arthur Lira (PP-AL) e j\u00e1 foi aprovado por uma comiss\u00e3o especial. O substitutivo manteve a isen\u00e7\u00e3o total para sal\u00e1rios de at\u00e9 R$ 5 mil, medida que deve beneficiar cerca de 10 milh\u00f5es de trabalhadores.&nbsp;<\/p>\n<p><\/p>\n<p><\/p>\n<p><strong>+ <a href=\"https:\/\/revistaoeste.com\/politica\/ir-lira-mantem-taxacao-de-10-para-super-ricos-e-amplia-faixa-de-isencao\/\" target=\"_blank\" rel=\"noreferrer noopener\">IR: Lira mant\u00e9m taxa\u00e7\u00e3o de 10% para \u2018super-ricos\u2019 e amplia faixa de isen\u00e7\u00e3o<\/a><\/strong><\/p>\n<p><\/p>\n<p><\/p>\n<p>Al\u00e9m disso, o texto prev\u00ea redu\u00e7\u00e3o parcial da tributa\u00e7\u00e3o para rendas entre R$ 5 mil e R$ 7,3 mil \u2014 acima do valor de R$ 7 mil previsto inicialmente no texto enviado pelo Planalto.<\/p>\n<p><\/p>\n<p><\/p>\n<p>A proposta estabelece ainda que contribuintes de alta renda (\u201csuper-ricos\u201d) devem ter a taxa\u00e7\u00e3o m\u00ednima de 10%, que incidir\u00e1 tamb\u00e9m sobre lucros e dividendos recebidos por pessoas f\u00edsicas. Espera-se que a medida compense parte da ren\u00fancia fiscal estimada em quase R$ 26 bilh\u00f5es.<\/p>\n<p><\/p>\n<p><\/p>\n<figure class=\"wp-block-embed is-type-video is-provider-youtube wp-block-embed-youtube wp-embed-aspect-9-16 wp-has-aspect-ratio\">\n<div class=\"wp-block-embed__wrapper\">\n<iframe loading=\"lazy\" title=\"Lula defende Haddad e aumento de impostos\" width=\"563\" height=\"1000\" src=\"https:\/\/www.youtube.com\/embed\/r2zhSXrooHA?feature=oembed\" frameborder=\"0\" allow=\"accelerometer; autoplay; clipboard-write; encrypted-media; gyroscope; picture-in-picture; web-share\" referrerpolicy=\"strict-origin-when-cross-origin\" allowfullscreen><\/iframe>\n<\/div>\n<\/figure>\n<p><\/p>\n<p><\/p>\n<h2 class=\"wp-block-heading\" id=\"h-motta-anuncia-votacao-do-pl-do-imposto-de-renda\"><strong>Motta anuncia vota\u00e7\u00e3o do PL do Imposto de Renda<\/strong><\/h2>\n<p><\/p>\n<p><\/p>\n<p>Mais cedo, Motta publicou em sua conta na rede social X que o tema teria prioridade na pauta do dia. \u201cHoje vamos pautar a urg\u00eancia do PL de Isen\u00e7\u00e3o de Imposto de Renda pra quem ganha at\u00e9 R$ 5 mil. \u00c9 um assunto de interesse do Brasil e vai ajudar milh\u00f5es de brasileiros\u201d, escreveu.<\/p>\n<p><\/p>\n<p><\/p>\n<p>Com a urg\u00eancia aprovada, o projeto pode ser votado diretamente em plen\u00e1rio, sem precisar passar novamente por comiss\u00f5es. O avan\u00e7o da proposta ocorre um dia depois da derrota do governo na Comiss\u00e3o Parlamentar Mista de Inqu\u00e9rito (CPMI) do INSS, aumentando a expectativa sobre a mobiliza\u00e7\u00e3o da base governista para garantir a aprova\u00e7\u00e3o do texto.<\/p>\n<p><\/p>\n<p>O post <a href=\"https:\/\/revistaoeste.com\/politica\/ir-aprovada-a-urgencia-do-projeto-que-amplia-a-isencao-para-quem-ganha-ate-r-5-mil\/\">IR: Aprovada a urg\u00eancia do projeto que amplia a isen\u00e7\u00e3o para quem ganha at\u00e9 R$ 5 mil<\/a> apareceu primeiro em <a href=\"https:\/\/revistaoeste.com\">Revista Oeste<\/a>.<\/p>\r\n<br><\/a>\r\n\r\nFonte: revistaoeste.com ","protected":false},"excerpt":{"rendered":"<p>A C\u00e2mara dos Deputados aprovou, nesta quinta-feira, 21, o requerimento de urg\u00eancia para a tramita\u00e7\u00e3o do Projeto de Lei 1087\/25, enviada pela equipe econ\u00f4mica do governo Lula, que concede isen\u00e7\u00e3o de Imposto de Renda para quem ganha at\u00e9 R$ 5 mil por m\u00eas. + Lula assina PL da isen\u00e7\u00e3o do Imposto de Renda para quem [&hellip;]<\/p>\n","protected":false},"author":3,"featured_media":0,"comment_status":"open","ping_status":"open","sticky":false,"template":"","format":"standard","meta":{"advanced_seo_description":"","jetpack_seo_html_title":"","jetpack_seo_noindex":false,"fifu_image_url":"","fifu_image_alt":"","_jetpack_memberships_contains_paid_content":false,"footnotes":"","jetpack_publicize_message":"","jetpack_publicize_feature_enabled":true,"jetpack_social_post_already_shared":true,"jetpack_social_options":{"image_generator_settings":{"template":"highway","default_image_id":0,"font":"","enabled":false},"version":2}},"categories":[106,1],"tags":[],"class_list":{"0":"post-3199","1":"post","2":"type-post","3":"status-publish","4":"format-standard","6":"category-politica","7":"category-uncategorized"},"jetpack_publicize_connections":[],"jetpack_featured_media_url":"","jetpack_sharing_enabled":true,"jetpack-related-posts":[],"_links":{"self":[{"href":"https:\/\/friburgonoticias.com.br\/temp\/wp-json\/wp\/v2\/posts\/3199","targetHints":{"allow":["GET"]}}],"collection":[{"href":"https:\/\/friburgonoticias.com.br\/temp\/wp-json\/wp\/v2\/posts"}],"about":[{"href":"https:\/\/friburgonoticias.com.br\/temp\/wp-json\/wp\/v2\/types\/post"}],"author":[{"embeddable":true,"href":"https:\/\/friburgonoticias.com.br\/temp\/wp-json\/wp\/v2\/users\/3"}],"replies":[{"embeddable":true,"href":"https:\/\/friburgonoticias.com.br\/temp\/wp-json\/wp\/v2\/comments?post=3199"}],"version-history":[{"count":0,"href":"https:\/\/friburgonoticias.com.br\/temp\/wp-json\/wp\/v2\/posts\/3199\/revisions"}],"wp:attachment":[{"href":"https:\/\/friburgonoticias.com.br\/temp\/wp-json\/wp\/v2\/media?parent=3199"}],"wp:term":[{"taxonomy":"category","embeddable":true,"href":"https:\/\/friburgonoticias.com.br\/temp\/wp-json\/wp\/v2\/categories?post=3199"},{"taxonomy":"post_tag","embeddable":true,"href":"https:\/\/friburgonoticias.com.br\/temp\/wp-json\/wp\/v2\/tags?post=3199"}],"curies":[{"name":"wp","href":"https:\/\/api.w.org\/{rel}","templated":true}]}}