{"id":3200,"date":"2025-08-21T22:18:10","date_gmt":"2025-08-21T22:18:10","guid":{"rendered":"https:\/\/friburgonoticias.com.br\/temp\/2025\/08\/21\/justica-nega-pedido-de-rubao-para-suspender-investigacoes-da-operacao-teatro-invisivel\/"},"modified":"2025-08-21T22:18:10","modified_gmt":"2025-08-21T22:18:10","slug":"justica-nega-pedido-de-rubao-para-suspender-investigacoes-da-operacao-teatro-invisivel","status":"publish","type":"post","link":"https:\/\/friburgonoticias.com.br\/temp\/2025\/08\/21\/justica-nega-pedido-de-rubao-para-suspender-investigacoes-da-operacao-teatro-invisivel\/","title":{"rendered":"Justi\u00e7a nega pedido de Rub\u00e3o para suspender investiga\u00e7\u00f5es da opera\u00e7\u00e3o Teatro Invis\u00edvel"},"content":{"rendered":"<p><\/p>\n<div itemprop=\"articleBody\">\nA ministra Isabel Gallotti, do Tribunal Superior Eleitoral (TSE), negou pedido de Dr. Rub\u00e3o (Podemos), prefeito de Itagua\u00ed, na <a href=\"https:\/\/www.instagram.com\/temporealrio\/\" target=\"_blank\" rel=\"noopener\">Baixada Fluminense<\/a>, para suspender as investiga\u00e7\u00f5es contra ele na opera\u00e7\u00e3o Teatro Invis\u00edvel.<\/p>\n<p>A decis\u00e3o foi proferida nesta quinta-feira (21). Rub\u00e3o argumentava que as medidas investigativas autorizadas judicialmente seriam nulas por incompet\u00eancia do ju\u00edzo que as autorizou. A ministra, no entanto, rebateu a argumenta\u00e7\u00e3o.<\/p>\n<p>\u201cA jurisprud\u00eancia deste tribunal \u00e9 no sentido de que a aus\u00eancia de amea\u00e7a ao direto de locomo\u00e7\u00e3o do paciente afasta a urg\u00eancia necess\u00e1ria para a concess\u00e3o liminar da ordem\u201d, escreveu a magistrada, ao rejeitar a concess\u00e3o da liminar.<\/p>\n<h2 class=\"wp-block-heading\">Rub\u00e3o no Teatro Invis\u00edvel<\/h2>\n<p>Em 15 de abril, <a href=\"https:\/\/temporealrj.com\/teatro-invisivel-investigacao-sobre-rubao-e-desmembrada-e-vai-para-o-tre\/\">Rub\u00e3o foi um dos alvos de mandados de busca e apreens\u00e3o da opera\u00e7\u00e3o Teatro Invis\u00edvel 2<\/a>, contra supostas fraudes eleitorais. Segundo a Pol\u00edcia Federal, os alvos s\u00e3o acusados de de obstru\u00e7\u00e3o de justi\u00e7a, caixa dois, fraudes em licita\u00e7\u00f5es e lavagem de dinheiro.<\/p>\n<p>A a\u00e7\u00e3o foi um desdobramento da primeira fase, realizada em setembro de 2024, que mirava uma quadrilha especializada em disseminar not\u00edcias falsas contra candidatos a prefeito em v\u00e1rias cidades do estado. A sede do \u201cTeatro Invis\u00edvel\u201d estava localizada em S\u00e3o Jo\u00e3o de Meriti, na Baixada Fluminense, mas a atua\u00e7\u00e3o se estendia a outros 12 munic\u00edpios.<\/p>\n<p>Al\u00e9m de Rub\u00e3o, tamb\u00e9m s\u00e3o investigados o prefeito de Cabo Frio, Dr. Serginho (PL); o deputado estadual Valdecy da Sa\u00fade (PL); o candidato derrotado \u00e0 Prefeitura de Mangaratiba, Aar\u00e3o (PP); e o presidente do Instituto Rio Metr\u00f3pole, Davi Perini Vermelho (PSDB), o Did\u00ea.<\/p>\n<div class=\"wp-block-image\">\n<figure class=\"aligncenter size-full is-resized\"><img loading=\"lazy\" decoding=\"async\" width=\"734\" height=\"698\" src=\"https:\/\/temporealrj.com\/wp-content\/uploads\/2025\/08\/WhatsApp-Image-2025-08-21-at-19.11.49.jpeg\" alt=\"WhatsApp Image 2025 08 21 at 19.11.49\" class=\"wp-image-91597\" style=\"width:512px;height:auto\" title=\"Justi\u00e7a nega pedido de Rub\u00e3o para suspender investiga\u00e7\u00f5es da opera\u00e7\u00e3o Teatro Invis\u00edvel 62\" srcset=\"https:\/\/temporealrj.com\/wp-content\/uploads\/2025\/08\/WhatsApp-Image-2025-08-21-at-19.11.49.jpeg 734w, https:\/\/temporealrj.com\/wp-content\/uploads\/2025\/08\/WhatsApp-Image-2025-08-21-at-19.11.49-300x285.jpeg 300w\" sizes=\"auto, (max-width: 734px) 100vw, 734px\"\/><figcaption class=\"wp-element-caption\">Trecho da decis\u00e3o \u2013 Foto: Reprodu\u00e7\u00e3o<\/figcaption><\/figure>\n<\/div>\n<\/div>\n<p><script async src=\"\/\/www.instagram.com\/embed.js\"><\/script><br \/>\n<br \/><\/a><\/p>\n<p>Fonte: temporealrj.com<\/p>\n","protected":false},"excerpt":{"rendered":"<p>A ministra Isabel Gallotti, do Tribunal Superior Eleitoral (TSE), negou pedido de Dr. Rub\u00e3o (Podemos), prefeito de Itagua\u00ed, na Baixada Fluminense, para suspender as investiga\u00e7\u00f5es contra ele na opera\u00e7\u00e3o Teatro Invis\u00edvel. A decis\u00e3o foi proferida nesta quinta-feira (21). Rub\u00e3o argumentava que as medidas investigativas autorizadas judicialmente seriam nulas por incompet\u00eancia do ju\u00edzo que as autorizou. [&hellip;]<\/p>\n","protected":false},"author":3,"featured_media":3201,"comment_status":"open","ping_status":"open","sticky":false,"template":"","format":"standard","meta":{"advanced_seo_description":"","jetpack_seo_html_title":"","jetpack_seo_noindex":false,"fifu_image_url":"https:\/\/temporealrj.com\/wp-content\/uploads\/2025\/08\/WhatsApp-Image-2025-08-21-at-19.14.30-e1755814497171.jpeg","fifu_image_alt":"","_jetpack_memberships_contains_paid_content":false,"footnotes":"","jetpack_publicize_message":"","jetpack_publicize_feature_enabled":true,"jetpack_social_post_already_shared":true,"jetpack_social_options":{"image_generator_settings":{"template":"highway","default_image_id":0,"font":"","enabled":false},"version":2}},"categories":[106,1],"tags":[],"class_list":{"0":"post-3200","1":"post","2":"type-post","3":"status-publish","4":"format-standard","5":"has-post-thumbnail","7":"category-politica","8":"category-uncategorized"},"jetpack_publicize_connections":[],"jetpack_featured_media_url":"https:\/\/i0.wp.com\/temporealrj.com\/wp-content\/uploads\/2025\/08\/WhatsApp-Image-2025-08-21-at-19.14.30-e1755814497171.jpeg?fit=%2C&ssl=1","jetpack_sharing_enabled":true,"jetpack-related-posts":[],"_links":{"self":[{"href":"https:\/\/friburgonoticias.com.br\/temp\/wp-json\/wp\/v2\/posts\/3200","targetHints":{"allow":["GET"]}}],"collection":[{"href":"https:\/\/friburgonoticias.com.br\/temp\/wp-json\/wp\/v2\/posts"}],"about":[{"href":"https:\/\/friburgonoticias.com.br\/temp\/wp-json\/wp\/v2\/types\/post"}],"author":[{"embeddable":true,"href":"https:\/\/friburgonoticias.com.br\/temp\/wp-json\/wp\/v2\/users\/3"}],"replies":[{"embeddable":true,"href":"https:\/\/friburgonoticias.com.br\/temp\/wp-json\/wp\/v2\/comments?post=3200"}],"version-history":[{"count":0,"href":"https:\/\/friburgonoticias.com.br\/temp\/wp-json\/wp\/v2\/posts\/3200\/revisions"}],"wp:featuredmedia":[{"embeddable":true,"href":"https:\/\/friburgonoticias.com.br\/temp\/wp-json\/wp\/v2\/media\/3201"}],"wp:attachment":[{"href":"https:\/\/friburgonoticias.com.br\/temp\/wp-json\/wp\/v2\/media?parent=3200"}],"wp:term":[{"taxonomy":"category","embeddable":true,"href":"https:\/\/friburgonoticias.com.br\/temp\/wp-json\/wp\/v2\/categories?post=3200"},{"taxonomy":"post_tag","embeddable":true,"href":"https:\/\/friburgonoticias.com.br\/temp\/wp-json\/wp\/v2\/tags?post=3200"}],"curies":[{"name":"wp","href":"https:\/\/api.w.org\/{rel}","templated":true}]}}