{"id":3204,"date":"2025-08-21T23:08:09","date_gmt":"2025-08-21T23:08:09","guid":{"rendered":"https:\/\/friburgonoticias.com.br\/temp\/2025\/08\/21\/comissao-aprova-garantia-de-alimentos-a-mulheres-vitimas-de-violencia-domestica-noticias\/"},"modified":"2025-08-21T23:08:09","modified_gmt":"2025-08-21T23:08:09","slug":"comissao-aprova-garantia-de-alimentos-a-mulheres-vitimas-de-violencia-domestica-noticias","status":"publish","type":"post","link":"https:\/\/friburgonoticias.com.br\/temp\/2025\/08\/21\/comissao-aprova-garantia-de-alimentos-a-mulheres-vitimas-de-violencia-domestica-noticias\/","title":{"rendered":"Comiss\u00e3o aprova garantia de alimentos a mulheres v\u00edtimas de viol\u00eancia dom\u00e9stica &#8211; Not\u00edcias"},"content":{"rendered":"<p><\/p>\n<div>\n<div>\n<p class=\"g-artigo__data-hora\">\n                      21\/08\/2025 &#8211; 16:51 \u00a0\n                    <\/p>\n<div id=\"image-container-1191634\" class=\"image-container\" style=\"float: none; margin: 45px 0px; width: 100%;\" data-midia=\"1191634\">\n        <em>Renato Ara\u00fajo\/C\u00e2mara dos Deputados<\/em><\/p>\n<p>        Laura Carneiro \u00e9 a relatora do projeto\n        <\/p><\/div>\n<p>        A Comiss\u00e3o de Previd\u00eancia, Assist\u00eancia Social, Inf\u00e2ncia, Adolesc\u00eancia e Fam\u00edlia da C\u00e2mara dos Deputados aprovou o <a class=\"linkProposicao\" href=\"https:\/\/www.camara.leg.br\/noticias\/1129097-projeto-preve-garantia-de-alimentos-a-mulheres-vitimas-de-violencia-domestica\">Projeto de Lei 996\/23<\/a>, do Senado, que garante a oferta de alimentos a mulheres v\u00edtimas de viol\u00eancia dom\u00e9stica e familiar.<\/p>\n<p data-start=\"258\" data-end=\"516\">O texto altera a <a href=\"https:\/\/www2.camara.leg.br\/legin\/fed\/lei\/2006\/lei-11346-15-setembro-2006-545529-norma-pl.html\">Lei Org\u00e2nica de Seguran\u00e7a Alimentar e Nutricional<\/a> para incluir os locais de acolhimento e apoio \u00e0s mulheres e seus dependentes, como as casas-abrigo, entre os destinat\u00e1rios do Sistema Nacional de Seguran\u00e7a Alimentar e Nutricional (Sisan).<\/p>\n<p>        O Sisan \u00e9 um programa do governo federal respons\u00e1vel pela implementa\u00e7\u00e3o de pol\u00edticas e planos de seguran\u00e7a alimentar e nutricional.<\/p>\n<p data-start=\"653\" data-end=\"1025\"><strong>Supera\u00e7\u00e3o<br \/><\/strong>De acordo com a relatora, deputada Laura Carneiro (PSD-RJ), o objetivo do projeto \u00e9 garantir a seguran\u00e7a alimentar \u00e0s v\u00edtimas e aos seus dependentes durante o per\u00edodo de acolhimento.<\/p>\n<p data-start=\"653\" data-end=\"1025\">\u201cTrata-se de proposta que fortalece as condi\u00e7\u00f5es para a supera\u00e7\u00e3o do ciclo de viol\u00eancia, mitigando fatores de vulnerabilidade econ\u00f4mica que, frequentemente, dificultam o rompimento desse ciclo\u201d, disse.<\/p>\n<p>        <strong>Pr\u00f3ximos passos<br \/><\/strong>O projeto ser\u00e1 analisado agora, em <span id=\"4322\" class=\"termoGlossario\" title=\"Rito de tramita\u00e7\u00e3o pelo qual o projeto \u00e9 votado apenas pelas comiss\u00f5es designadas para analis\u00e1-lo, dispensada a delibera\u00e7\u00e3o do Plen\u00e1rio. O projeto perde o car\u00e1ter conclusivo se houver decis\u00e3o divergente entre as comiss\u00f5es ou se, independentemente de ser aprovado ou rejeitado, houver recurso assinado por 52 deputados para a aprecia\u00e7\u00e3o da mat\u00e9ria no Plen\u00e1rio.\" contenteditable=\"false\" data-toggle=\"tooltip\" data-placement=\"top\">car\u00e1ter conclusivo<\/span>, pela Comiss\u00e3o de Constitui\u00e7\u00e3o e Justi\u00e7a e de Cidadania (CCJ). Para virar lei, a proposta precisa ser aprovada pela C\u00e2mara e pelo Senado.<\/p>\n<p style=\"font-size: 0.8rem; font-weight: 700;\">Reportagem \u2013 Janary J\u00fanior<br \/>Edi\u00e7\u00e3o \u2013 Rachel Librelon<\/p>\n<\/p><\/div>\n<\/p><\/div>\n<p><\/a><\/p>\n<p>Fonte: www.camara.leg.br<\/p>\n","protected":false},"excerpt":{"rendered":"<p>21\/08\/2025 &#8211; 16:51 \u00a0 Renato Ara\u00fajo\/C\u00e2mara dos Deputados Laura Carneiro \u00e9 a relatora do projeto A Comiss\u00e3o de Previd\u00eancia, Assist\u00eancia Social, Inf\u00e2ncia, Adolesc\u00eancia e Fam\u00edlia da C\u00e2mara dos Deputados aprovou o Projeto de Lei 996\/23, do Senado, que garante a oferta de alimentos a mulheres v\u00edtimas de viol\u00eancia dom\u00e9stica e familiar. O texto altera a [&hellip;]<\/p>\n","protected":false},"author":3,"featured_media":3205,"comment_status":"open","ping_status":"open","sticky":false,"template":"","format":"standard","meta":{"advanced_seo_description":"","jetpack_seo_html_title":"","jetpack_seo_noindex":false,"fifu_image_url":"https:\/\/www.camara.leg.br\/midias\/image\/2025\/08\/img20250819144649721-1-768x473.jpg","fifu_image_alt":"","_jetpack_memberships_contains_paid_content":false,"footnotes":"","jetpack_publicize_message":"","jetpack_publicize_feature_enabled":true,"jetpack_social_post_already_shared":true,"jetpack_social_options":{"image_generator_settings":{"template":"highway","default_image_id":0,"font":"","enabled":false},"version":2}},"categories":[106,1],"tags":[],"class_list":{"0":"post-3204","1":"post","2":"type-post","3":"status-publish","4":"format-standard","5":"has-post-thumbnail","7":"category-politica","8":"category-uncategorized"},"jetpack_publicize_connections":[],"jetpack_featured_media_url":"https:\/\/i0.wp.com\/www.camara.leg.br\/midias\/image\/2025\/08\/img20250819144649721-1-768x473.jpg?fit=%2C&ssl=1","jetpack_sharing_enabled":true,"jetpack-related-posts":[],"_links":{"self":[{"href":"https:\/\/friburgonoticias.com.br\/temp\/wp-json\/wp\/v2\/posts\/3204","targetHints":{"allow":["GET"]}}],"collection":[{"href":"https:\/\/friburgonoticias.com.br\/temp\/wp-json\/wp\/v2\/posts"}],"about":[{"href":"https:\/\/friburgonoticias.com.br\/temp\/wp-json\/wp\/v2\/types\/post"}],"author":[{"embeddable":true,"href":"https:\/\/friburgonoticias.com.br\/temp\/wp-json\/wp\/v2\/users\/3"}],"replies":[{"embeddable":true,"href":"https:\/\/friburgonoticias.com.br\/temp\/wp-json\/wp\/v2\/comments?post=3204"}],"version-history":[{"count":0,"href":"https:\/\/friburgonoticias.com.br\/temp\/wp-json\/wp\/v2\/posts\/3204\/revisions"}],"wp:featuredmedia":[{"embeddable":true,"href":"https:\/\/friburgonoticias.com.br\/temp\/wp-json\/wp\/v2\/media\/3205"}],"wp:attachment":[{"href":"https:\/\/friburgonoticias.com.br\/temp\/wp-json\/wp\/v2\/media?parent=3204"}],"wp:term":[{"taxonomy":"category","embeddable":true,"href":"https:\/\/friburgonoticias.com.br\/temp\/wp-json\/wp\/v2\/categories?post=3204"},{"taxonomy":"post_tag","embeddable":true,"href":"https:\/\/friburgonoticias.com.br\/temp\/wp-json\/wp\/v2\/tags?post=3204"}],"curies":[{"name":"wp","href":"https:\/\/api.w.org\/{rel}","templated":true}]}}