{"id":3213,"date":"2025-08-22T05:51:07","date_gmt":"2025-08-22T05:51:07","guid":{"rendered":"https:\/\/friburgonoticias.com.br\/temp\/2025\/08\/22\/em-1o-culto-depois-de-acao-da-pf-malafaia-diz-que-moraes-vai-cair\/"},"modified":"2025-08-22T05:51:07","modified_gmt":"2025-08-22T05:51:07","slug":"em-1o-culto-depois-de-acao-da-pf-malafaia-diz-que-moraes-vai-cair","status":"publish","type":"post","link":"https:\/\/friburgonoticias.com.br\/temp\/2025\/08\/22\/em-1o-culto-depois-de-acao-da-pf-malafaia-diz-que-moraes-vai-cair\/","title":{"rendered":"Em 1\u00ba culto depois de a\u00e7\u00e3o da PF, Malafaia diz que Moraes \u2018vai cair\u2019"},"content":{"rendered":"<br><p><\/p>\n<p>Em culto realizado na Assembleia de Deus Vit\u00f3ria em Cristo, no Rio de Janeiro, nesta quinta-feira, 21, o pastor Silas Malafaia voltou a criticar o ministro do Supremo Tribunal Federal Alexandre de Moraes e disse que ele \u201cvai cair\u201d. A declara\u00e7\u00e3o ocorreu depois da opera\u00e7\u00e3o que resultou na apreens\u00e3o de seu celular, passaporte e cadernos pela Pol\u00edcia Federal.<\/p>\n<p><\/p>\n<p><\/p>\n<p>\u201cN\u00e3o tenho medo de ser preso, n\u00e3o tenho medo de ser retaliado, e a pior coisa \u00e9 voc\u00ea lutar com algu\u00e9m que n\u00e3o tenha medo&#8221;, disse. &#8220;Declaro aqui, em nome de Jesus, esse homem vai ser julgado pelas leis desse pa\u00eds, ou pela a\u00e7\u00e3o de Deus, ou as duas coisas juntas, mas ele vai cair, vai chegar a hora dele.\u201d<\/p>\n<p><\/p>\n<p><\/p>\n<p><strong>+ Leia mais not\u00edcias de\u00a0<a href=\"https:\/\/revistaoeste.com\/politica\/\" target=\"_blank\" rel=\"noreferrer noopener\">Pol\u00edtica<\/a>\u00a0em Oeste<\/strong><\/p>\n<p><\/p>\n<p><\/p>\n<p>Malafaia relatou como ocorreu a a\u00e7\u00e3o no Aeroporto Internacional do Gale\u00e3o, quando retornava de Portugal, e explicou que agentes abriram suas malas e recolheram quatro cadernos, tr\u00eas com esbo\u00e7os de mensagens e um com discursos de manifesta\u00e7\u00f5es.<\/p>\n<p><\/p>\n<p><\/p>\n<p>\u201cO delegado federal abriu e folheou os cadernos&#8221;, afirmou, ao acrescentar que considerou injustificada a reten\u00e7\u00e3o de seu passaporte. &#8220;Falei, amigo, me devolve esses cadernos, porque s\u00e3o esbo\u00e7os de mensagens que eu prego. <em>(\u2026)<\/em> Ele estava debaixo de ordem do chefe da <a href=\"https:\/\/encyclopedia.ushmm.org\/content\/pt-br\/article\/gestapo\" target=\"_blank\" rel=\"noreferrer noopener\"><strong>Gestapo<\/strong><\/a> de Moraes, em Bras\u00edlia.\u201d<\/p>\n<p><\/p>\n<p><\/p>\n<p>\u201cPergunte a qualquer juiz: um ministro s\u00f3 pede apreens\u00e3o de passaporte se houver provas de fuga iminente&#8221;, disse. &#8220;Na quinta-feira eu estava em Portugal, soltei v\u00e1rios v\u00eddeos, voltei para o Brasil. Como \u00e9 que eu vou fugir?\u201d<\/p>\n<p><\/p>\n<p><\/p>\n<figure class=\"wp-block-embed is-type-video is-provider-youtube wp-block-embed-youtube wp-embed-aspect-16-9 wp-has-aspect-ratio\">\n<div class=\"wp-block-embed__wrapper\">\n<iframe loading=\"lazy\" title=\"CULTO DA VIT\u00d3RIA | Pr. Silas Malafaia e Pr\u00aa Jozyanne | 21\/08\/2025\" width=\"1170\" height=\"658\" src=\"https:\/\/www.youtube.com\/embed\/fJcWIw5X0oY?feature=oembed\" frameborder=\"0\" allow=\"accelerometer; autoplay; clipboard-write; encrypted-media; gyroscope; picture-in-picture; web-share\" referrerpolicy=\"strict-origin-when-cross-origin\" allowfullscreen><\/iframe>\n<\/div>\n<\/figure>\n<p><\/p>\n<p><\/p>\n<p>O pastor afirmou que suas cr\u00edticas ao magistrado se baseiam em fundamentos constitucionais. \u201cTodas as vezes que eu falo do ministro, eu cito a Constitui\u00e7\u00e3o, que \u00e9 a lei maior, que ele foi feito pra zelar&#8221;, declarou. &#8220;N\u00e3o xingo o ministro, porque se eu caluniar, difamar, injuriar, vai ter processo contra mim.\u201d<\/p>\n<p><\/p>\n<p><\/p>\n<p>Ele tamb\u00e9m contestou o vazamento de mensagens trocadas com Jair Bolsonaro, ao destacar que os conte\u00fados revelam sua independ\u00eancia. \u201cO que o vazamento trouxe? A minha integridade, a minha honestidade, de criticar o que tem que criticar, de falar bem o que tem que falar bem&#8221;, afirmou. &#8220;Artigo 5\u00ba, inciso 10\u00ba da Constitui\u00e7\u00e3o: \u00e9 inviol\u00e1vel o sigilo das pessoas.\u201d<\/p>\n<p><\/p>\n<p><\/p>\n<h2 class=\"wp-block-heading\" id=\"h-malafaia-revisita-trajetoria-politica\">Malafaia revisita trajet\u00f3ria pol\u00edtica<\/h2>\n<p><\/p>\n<p><\/p>\n<p>Em sua fala, Malafaia revisitou sua trajet\u00f3ria pol\u00edtica e lembrou o apoio dado a diferentes candidatos ao longo dos anos. Disse que votou em Lula no segundo turno de 2002, quando o petista disputava contra Jos\u00e9 Serra, mas se afastou do governo depois de presenciar, segundo ele, diverg\u00eancia entre discursos p\u00fablicos e a\u00e7\u00f5es de bastidores.<\/p>\n<p><\/p>\n<p><\/p>\n<p>\u201cFeio \u00e9 depois que voc\u00ea sabe que ele est\u00e1 envolvido em roubalheira e continuar apoiando\u201d, afirmou, em refer\u00eancia a pol\u00edticos acusados de corrup\u00e7\u00e3o. Durante os governos do PT, vieram \u00e0 tona esc\u00e2ndalos como o Mensal\u00e3o e a <a href=\"https:\/\/revistaoeste.com\/politica\/stf-anula-atos-da-lava-jato-contra-antonio-palocci\/\" target=\"_blank\" rel=\"noreferrer noopener\"><strong>Opera\u00e7\u00e3o Lava Jato<\/strong><\/a>, que envolviam o desvio de bilh\u00f5es de reais dos cofres p\u00fablicos.<\/p>\n<p><\/p>\n<p><\/p>\n<p>O pastor recordou ter apoiado A\u00e9cio Neves em 2014 e, mais tarde, Bolsonaro em 2018, ao ressaltar que exerce seu papel de cidad\u00e3o. \u201cMessias, pra mim, s\u00f3 tem um: Jesus Cristo&#8221;, disse. &#8220;Apenas desempenho a minha fun\u00e7\u00e3o de cidad\u00e3o, de apoiar um ou outro.\u201d<\/p>\n<p><\/p>\n<p><\/p>\n<p>A prega\u00e7\u00e3o terminou com um chamado \u00e0 ora\u00e7\u00e3o pelo pa\u00eds. Malafaia citou o livro de Jeremias para pregar que a paz social depende do engajamento coletivo da igreja. \u201cPaz pessoal voc\u00ea s\u00f3 encontra em Cristo&#8221;, disse, em convoca\u00e7\u00e3o \u00e0 comunidade para interceder pelo Brasil. &#8220;Paz social vem quando oramos pela cidade, porque na Sua paz v\u00f3s tereis paz.\u201d<\/p>\n<p><\/p>\n<p><\/p>\n<p>Antes de encerrar, Malafaia fez quest\u00e3o de esclarecer que a igreja, como institui\u00e7\u00e3o, n\u00e3o apoia candidatos. \u201cA igreja de Jesus n\u00e3o apoia presidente, governador, senador, vereador, deputado&#8221;, disse. &#8220;A igreja est\u00e1 acima disso. Quem apoia sou eu e voc\u00ea.\u201d<\/p>\n<p><\/p>\n<p><\/p>\n<p><strong>Leia tamb\u00e9m:\u00a0<a href=\"https:\/\/revistaoeste.com\/revista\/edicao-245\/togas-fora-da-lei\/\" target=\"_blank\" rel=\"noreferrer noopener\">\u201cTogas fora da lei\u201d<\/a>, artigo de Augusto Nunes publicado na Edi\u00e7\u00e3o 245 da Revista Oeste<\/strong><\/p>\n<p><\/p>\n<p>O post <a href=\"https:\/\/revistaoeste.com\/politica\/em-1o-culto-depois-de-acao-da-pf-malafaia-diz-que-moraes-vai-cair\/\">Em 1\u00ba culto depois de a\u00e7\u00e3o da PF, Malafaia diz que Moraes \u2018vai cair\u2019<\/a> apareceu primeiro em <a href=\"https:\/\/revistaoeste.com\">Revista Oeste<\/a>.<\/p>\r\n<br><\/a>\r\n\r\nFonte: revistaoeste.com ","protected":false},"excerpt":{"rendered":"<p>Em culto realizado na Assembleia de Deus Vit\u00f3ria em Cristo, no Rio de Janeiro, nesta quinta-feira, 21, o pastor Silas Malafaia voltou a criticar o ministro do Supremo Tribunal Federal Alexandre de Moraes e disse que ele \u201cvai cair\u201d. A declara\u00e7\u00e3o ocorreu depois da opera\u00e7\u00e3o que resultou na apreens\u00e3o de seu celular, passaporte e cadernos [&hellip;]<\/p>\n","protected":false},"author":3,"featured_media":0,"comment_status":"open","ping_status":"open","sticky":false,"template":"","format":"standard","meta":{"advanced_seo_description":"","jetpack_seo_html_title":"","jetpack_seo_noindex":false,"fifu_image_url":"","fifu_image_alt":"","_jetpack_memberships_contains_paid_content":false,"footnotes":"","jetpack_publicize_message":"","jetpack_publicize_feature_enabled":true,"jetpack_social_post_already_shared":true,"jetpack_social_options":{"image_generator_settings":{"template":"highway","default_image_id":0,"font":"","enabled":false},"version":2}},"categories":[106,1],"tags":[],"class_list":{"0":"post-3213","1":"post","2":"type-post","3":"status-publish","4":"format-standard","6":"category-politica","7":"category-uncategorized"},"jetpack_publicize_connections":[],"jetpack_featured_media_url":"","jetpack_sharing_enabled":true,"jetpack-related-posts":[],"_links":{"self":[{"href":"https:\/\/friburgonoticias.com.br\/temp\/wp-json\/wp\/v2\/posts\/3213","targetHints":{"allow":["GET"]}}],"collection":[{"href":"https:\/\/friburgonoticias.com.br\/temp\/wp-json\/wp\/v2\/posts"}],"about":[{"href":"https:\/\/friburgonoticias.com.br\/temp\/wp-json\/wp\/v2\/types\/post"}],"author":[{"embeddable":true,"href":"https:\/\/friburgonoticias.com.br\/temp\/wp-json\/wp\/v2\/users\/3"}],"replies":[{"embeddable":true,"href":"https:\/\/friburgonoticias.com.br\/temp\/wp-json\/wp\/v2\/comments?post=3213"}],"version-history":[{"count":0,"href":"https:\/\/friburgonoticias.com.br\/temp\/wp-json\/wp\/v2\/posts\/3213\/revisions"}],"wp:attachment":[{"href":"https:\/\/friburgonoticias.com.br\/temp\/wp-json\/wp\/v2\/media?parent=3213"}],"wp:term":[{"taxonomy":"category","embeddable":true,"href":"https:\/\/friburgonoticias.com.br\/temp\/wp-json\/wp\/v2\/categories?post=3213"},{"taxonomy":"post_tag","embeddable":true,"href":"https:\/\/friburgonoticias.com.br\/temp\/wp-json\/wp\/v2\/tags?post=3213"}],"curies":[{"name":"wp","href":"https:\/\/api.w.org\/{rel}","templated":true}]}}