{"id":3214,"date":"2025-08-22T09:48:11","date_gmt":"2025-08-22T09:48:11","guid":{"rendered":"https:\/\/friburgonoticias.com.br\/temp\/2025\/08\/22\/cavaliere-publica-decreto-proibindo-a-concessao-de-alvara-a-estabelecimentos-equipados-com-maquinas-de-jogos-da-loterj\/"},"modified":"2025-08-22T09:48:11","modified_gmt":"2025-08-22T09:48:11","slug":"cavaliere-publica-decreto-proibindo-a-concessao-de-alvara-a-estabelecimentos-equipados-com-maquinas-de-jogos-da-loterj","status":"publish","type":"post","link":"https:\/\/friburgonoticias.com.br\/temp\/2025\/08\/22\/cavaliere-publica-decreto-proibindo-a-concessao-de-alvara-a-estabelecimentos-equipados-com-maquinas-de-jogos-da-loterj\/","title":{"rendered":"Cavaliere publica decreto proibindo a concess\u00e3o de alvar\u00e1 a estabelecimentos equipados com m\u00e1quinas de jogos da Loterj"},"content":{"rendered":"<p><\/p>\n<div itemprop=\"articleBody\">\nO primeiro-ministro (ops!, prefeito em exerc\u00edcio) Eduardo Cavaliere (PSD) publicou, no Di\u00e1rio Oficial desta sexta-feira (22), um decreto proibindo a emiss\u00e3o de alvar\u00e1 de funcionamento para lojas e bares que instalem equipamentos de apostas lot\u00e9ricas, como totens, terminais e VLTs (que, em ingl\u00eas, significa terminais de loterias em v\u00eddeo) e Smart POS.<\/p>\n<p>O ato tem alvo certo: a Loterj. O prefeito Eduardo Paes (PSD) havia feito duras cr\u00edticas ao decreto do governador Cl\u00e1udio Castro (PL) que\u00a0<a href=\"https:\/\/temporealrj.com\/castro-regulamenta-a-instalacao-de-totens-e-terminais-para-apostas-expectativa-do-governo-e-gerar-ate-65-mil-empregos\/\">regulamenta o funcionamento de m\u00e1quinas de apostas e jogos de azar em estabelecimentos comerciais no estado<\/a>, sob a supervis\u00e3o da autarquia estadual.<\/p>\n<p><a href=\"https:\/\/temporealrj.com\/paes-pede-r-200-mil-em-queixa-crime-contra-familia-poubel-por-calunia-e-difamacao\/\">De Nova York, nos Estados Unidos, onde est\u00e1 conhecendo projetos na \u00e1rea de seguran\u00e7a p\u00fablica, <\/a>Paes classificou a medida como, no m\u00ednimo, \u201cequivocada\u201d e afirmou que procurar\u00e1 o governador para tratar do assunto, quando voltar. Ele lembrou que bingos e cassinos est\u00e3o proibidos no Brasil desde 1946 e destacou que o tema voltou recentemente ao debate no Congresso Nacional, sem que houvesse consenso.<\/p>\n<p>\u201cSair liberando essas m\u00e1quinas de jogos por a\u00ed, atrav\u00e9s de um decreto, sem respaldo dos legisladores, sem debater o tema de maneira adequada, \u00e9 uma medida, enfim, eu acho que no m\u00ednimo equivocada. A gente sabe que esse assunto deve envolver muita responsabilidade, di\u00e1logo, cuidado\u201d, afirmou, em v\u00eddeo publicado nas redes sociais.<\/p>\n<h2 class=\"wp-block-heading\">Cavaliere p\u00f4s na pr\u00e1tica o que havia sido anunciado pelo titular<\/h2>\n<p>Ainda nesta quinta, o prefeito anunciou que a Prefeitura do Rio n\u00e3o concederia os alvar\u00e1s de funcionamento aos estabelecimentos equipados com as m\u00e1quinas de jogo. <\/p>\n<p>Cavaliere cumpriu a promessa.<\/p>\n<p>Na sequ\u00eancia, o prefeito afirmou que vai procurar Castro j\u00e1 na pr\u00f3xima semana.<\/p>\n<p>\u201cAcho que quest\u00f5es como essa precisam ser discutidas de forma profunda, s\u00e9ria, antes de serem definidas, porque os interesses da popula\u00e7\u00e3o t\u00eam que estar acima de qualquer outro interesse que seja. Ent\u00e3o, essa \u00e9 a posi\u00e7\u00e3o da Prefeitura do Rio e assim vai funcionar na cidade do Rio\u201d, finalizou.<\/p>\n<figure class=\"wp-block-image size-large\"><img loading=\"lazy\" decoding=\"async\" width=\"785\" height=\"1024\" src=\"https:\/\/temporealrj.com\/wp-content\/uploads\/2025\/08\/WhatsApp-Image-2025-08-22-at-06.09.45-785x1024.jpeg\" alt=\"WhatsApp Image 2025 08 22 at 06.09.45\" class=\"wp-image-91620\" title=\"Cavaliere publica decreto proibindo a concess\u00e3o de alvar\u00e1 a estabelecimentos equipados com m\u00e1quinas de jogos da Loterj 62\" srcset=\"https:\/\/temporealrj.com\/wp-content\/uploads\/2025\/08\/WhatsApp-Image-2025-08-22-at-06.09.45-785x1024.jpeg 785w, https:\/\/temporealrj.com\/wp-content\/uploads\/2025\/08\/WhatsApp-Image-2025-08-22-at-06.09.45-230x300.jpeg 230w, https:\/\/temporealrj.com\/wp-content\/uploads\/2025\/08\/WhatsApp-Image-2025-08-22-at-06.09.45-768x1002.jpeg 768w, https:\/\/temporealrj.com\/wp-content\/uploads\/2025\/08\/WhatsApp-Image-2025-08-22-at-06.09.45-860x1122.jpeg 860w, https:\/\/temporealrj.com\/wp-content\/uploads\/2025\/08\/WhatsApp-Image-2025-08-22-at-06.09.45.jpeg 1026w\" sizes=\"auto, (max-width: 785px) 100vw, 785px\"\/><\/figure>\n<\/div>\n<p><\/a><\/p>\n<p>Fonte: temporealrj.com<\/p>\n","protected":false},"excerpt":{"rendered":"<p>O primeiro-ministro (ops!, prefeito em exerc\u00edcio) Eduardo Cavaliere (PSD) publicou, no Di\u00e1rio Oficial desta sexta-feira (22), um decreto proibindo a emiss\u00e3o de alvar\u00e1 de funcionamento para lojas e bares que instalem equipamentos de apostas lot\u00e9ricas, como totens, terminais e VLTs (que, em ingl\u00eas, significa terminais de loterias em v\u00eddeo) e Smart POS. O ato tem [&hellip;]<\/p>\n","protected":false},"author":3,"featured_media":3215,"comment_status":"open","ping_status":"open","sticky":false,"template":"","format":"standard","meta":{"advanced_seo_description":"","jetpack_seo_html_title":"","jetpack_seo_noindex":false,"fifu_image_url":"https:\/\/temporealrj.com\/wp-content\/uploads\/2025\/08\/WhatsApp-Image-2025-08-21-at-22.25.32-e1755826191583.jpeg","fifu_image_alt":"","_jetpack_memberships_contains_paid_content":false,"footnotes":"","jetpack_publicize_message":"","jetpack_publicize_feature_enabled":true,"jetpack_social_post_already_shared":true,"jetpack_social_options":{"image_generator_settings":{"template":"highway","default_image_id":0,"font":"","enabled":false},"version":2}},"categories":[107],"tags":[],"class_list":{"0":"post-3214","1":"post","2":"type-post","3":"status-publish","4":"format-standard","5":"has-post-thumbnail","7":"category-economia"},"jetpack_publicize_connections":[],"jetpack_featured_media_url":"https:\/\/i0.wp.com\/temporealrj.com\/wp-content\/uploads\/2025\/08\/WhatsApp-Image-2025-08-21-at-22.25.32-e1755826191583.jpeg?fit=%2C&ssl=1","jetpack_sharing_enabled":true,"jetpack-related-posts":[],"_links":{"self":[{"href":"https:\/\/friburgonoticias.com.br\/temp\/wp-json\/wp\/v2\/posts\/3214","targetHints":{"allow":["GET"]}}],"collection":[{"href":"https:\/\/friburgonoticias.com.br\/temp\/wp-json\/wp\/v2\/posts"}],"about":[{"href":"https:\/\/friburgonoticias.com.br\/temp\/wp-json\/wp\/v2\/types\/post"}],"author":[{"embeddable":true,"href":"https:\/\/friburgonoticias.com.br\/temp\/wp-json\/wp\/v2\/users\/3"}],"replies":[{"embeddable":true,"href":"https:\/\/friburgonoticias.com.br\/temp\/wp-json\/wp\/v2\/comments?post=3214"}],"version-history":[{"count":0,"href":"https:\/\/friburgonoticias.com.br\/temp\/wp-json\/wp\/v2\/posts\/3214\/revisions"}],"wp:featuredmedia":[{"embeddable":true,"href":"https:\/\/friburgonoticias.com.br\/temp\/wp-json\/wp\/v2\/media\/3215"}],"wp:attachment":[{"href":"https:\/\/friburgonoticias.com.br\/temp\/wp-json\/wp\/v2\/media?parent=3214"}],"wp:term":[{"taxonomy":"category","embeddable":true,"href":"https:\/\/friburgonoticias.com.br\/temp\/wp-json\/wp\/v2\/categories?post=3214"},{"taxonomy":"post_tag","embeddable":true,"href":"https:\/\/friburgonoticias.com.br\/temp\/wp-json\/wp\/v2\/tags?post=3214"}],"curies":[{"name":"wp","href":"https:\/\/api.w.org\/{rel}","templated":true}]}}