{"id":3220,"date":"2025-08-22T13:17:16","date_gmt":"2025-08-22T13:17:16","guid":{"rendered":"https:\/\/friburgonoticias.com.br\/temp\/2025\/08\/22\/mariana-realiza-o-16o-encontro-nacional-de-motociclistas-e-18o-aniversario-do-vira-latas-moto-clube\/"},"modified":"2025-08-22T13:17:16","modified_gmt":"2025-08-22T13:17:16","slug":"mariana-realiza-o-16o-encontro-nacional-de-motociclistas-e-18o-aniversario-do-vira-latas-moto-clube","status":"publish","type":"post","link":"https:\/\/friburgonoticias.com.br\/temp\/2025\/08\/22\/mariana-realiza-o-16o-encontro-nacional-de-motociclistas-e-18o-aniversario-do-vira-latas-moto-clube\/","title":{"rendered":"Mariana realiza o 16\u00ba Encontro Nacional de Motociclistas e 18\u00ba Anivers\u00e1rio do Vira Latas Moto Clube."},"content":{"rendered":"<p><\/p>\n<h2 class=\"elementor-heading-title elementor-size-default\">Mariana realiza o 16\u00ba Encontro Nacional de Motociclistas e 18\u00ba Anivers\u00e1rio do Vira Latas Moto Clube.<\/h2>\n<\/p>\n<div data-id=\"e4a9c54\" data-element_type=\"widget\" data-widget_type=\"theme-post-content.default\">\n<p>No final de semana dos dias 29, 30 e 31 agosto, Mariana ser\u00e1 sede do 16\u00ba Encontro Nacional de Motociclistas, realizado em conjunto com a comemora\u00e7\u00e3o do 18\u00ba Anivers\u00e1rio do Vira Latas Moto Clube.<\/p>\n<p>O evento, tradicional da cidade, acontece na pra\u00e7a Pra\u00e7a Gomes Freire e contar\u00e1 com uma programa\u00e7\u00e3o repleta de shows e apresenta\u00e7\u00f5es.\u00a0<\/p>\n<p>Para os viajantes, ser\u00e1 disponibilizada uma \u00e1rea de camping coberta, com presen\u00e7a de seguran\u00e7as 24h, chuveiros quentes e caf\u00e9 da manh\u00e3. Tamb\u00e9m haver\u00e1 sorteio de brindes e distribui\u00e7\u00e3o de trof\u00e9us para motoclubes e motogrupos participantes.<\/p>\n<p>Durante o encontro tamb\u00e9m ser\u00e3o arrecadados alimentos n\u00e3o perec\u00edveis destinados \u00e0 institui\u00e7\u00f5es filantr\u00f3picas da cidade.<\/p>\n<p>Fique atento \u00e0 programa\u00e7\u00e3o para n\u00e3o perder nada!<\/p>\n<p><strong>Programa\u00e7\u00e3o<\/strong><\/p>\n<p><em><strong>Sexta Feira \u2013 29\/08<\/strong><\/em><\/p>\n<p>20h \u2013 Vinil<\/p>\n<p>22h \u2013 Velotrol<\/p>\n<p><em><strong>S\u00e1bado \u2013 30\/08<\/strong><\/em><\/p>\n<p>10h \u2013 Banda da Pra\u00e7a \u2013 Rock Concert<\/p>\n<p>12h \u2013 Honey Bomb<\/p>\n<p>14h30 \u2013 Lurex<\/p>\n<p>17h \u2013 R\u00fasticos<\/p>\n<p>19h30 \u2013 Rocknights<\/p>\n<p>22h \u2013 Black Jack<\/p>\n<p><em><strong>Domingo \u2013 31\/08<\/strong><\/em><\/p>\n<p>13h \u2013 Som do Cora\u00e7\u00e3o<\/p>\n<p>15h \u2013 Nina Guimar\u00e3es<\/p>\n<p>17h30 \u2013 Mago Zen<\/p>\n<p>20h \u2013 Legi\u00e3o II\n                <\/p><\/div>\n<p><\/a><\/p>\n<p>Fonte: territorionoticias.com.br<\/p>\n","protected":false},"excerpt":{"rendered":"<p>Mariana realiza o 16\u00ba Encontro Nacional de Motociclistas e 18\u00ba Anivers\u00e1rio do Vira Latas Moto Clube. No final de semana dos dias 29, 30 e 31 agosto, Mariana ser\u00e1 sede do 16\u00ba Encontro Nacional de Motociclistas, realizado em conjunto com a comemora\u00e7\u00e3o do 18\u00ba Anivers\u00e1rio do Vira Latas Moto Clube. O evento, tradicional da cidade, [&hellip;]<\/p>\n","protected":false},"author":3,"featured_media":3221,"comment_status":"open","ping_status":"open","sticky":false,"template":"","format":"standard","meta":{"advanced_seo_description":"","jetpack_seo_html_title":"","jetpack_seo_noindex":false,"fifu_image_url":"https:\/\/territorionoticias.com.br\/wp-content\/uploads\/2025\/08\/Encontro-de-Motociclistas-site-1-1.jpg","fifu_image_alt":"","_jetpack_memberships_contains_paid_content":false,"footnotes":"","jetpack_publicize_message":"","jetpack_publicize_feature_enabled":true,"jetpack_social_post_already_shared":true,"jetpack_social_options":{"image_generator_settings":{"template":"highway","default_image_id":0,"font":"","enabled":false},"version":2}},"categories":[105],"tags":[],"class_list":{"0":"post-3220","1":"post","2":"type-post","3":"status-publish","4":"format-standard","5":"has-post-thumbnail","7":"category-entretenimento"},"jetpack_publicize_connections":[],"jetpack_featured_media_url":"https:\/\/i0.wp.com\/territorionoticias.com.br\/wp-content\/uploads\/2025\/08\/Encontro-de-Motociclistas-site-1-1.jpg?fit=%2C&ssl=1","jetpack_sharing_enabled":true,"jetpack-related-posts":[],"_links":{"self":[{"href":"https:\/\/friburgonoticias.com.br\/temp\/wp-json\/wp\/v2\/posts\/3220","targetHints":{"allow":["GET"]}}],"collection":[{"href":"https:\/\/friburgonoticias.com.br\/temp\/wp-json\/wp\/v2\/posts"}],"about":[{"href":"https:\/\/friburgonoticias.com.br\/temp\/wp-json\/wp\/v2\/types\/post"}],"author":[{"embeddable":true,"href":"https:\/\/friburgonoticias.com.br\/temp\/wp-json\/wp\/v2\/users\/3"}],"replies":[{"embeddable":true,"href":"https:\/\/friburgonoticias.com.br\/temp\/wp-json\/wp\/v2\/comments?post=3220"}],"version-history":[{"count":0,"href":"https:\/\/friburgonoticias.com.br\/temp\/wp-json\/wp\/v2\/posts\/3220\/revisions"}],"wp:featuredmedia":[{"embeddable":true,"href":"https:\/\/friburgonoticias.com.br\/temp\/wp-json\/wp\/v2\/media\/3221"}],"wp:attachment":[{"href":"https:\/\/friburgonoticias.com.br\/temp\/wp-json\/wp\/v2\/media?parent=3220"}],"wp:term":[{"taxonomy":"category","embeddable":true,"href":"https:\/\/friburgonoticias.com.br\/temp\/wp-json\/wp\/v2\/categories?post=3220"},{"taxonomy":"post_tag","embeddable":true,"href":"https:\/\/friburgonoticias.com.br\/temp\/wp-json\/wp\/v2\/tags?post=3220"}],"curies":[{"name":"wp","href":"https:\/\/api.w.org\/{rel}","templated":true}]}}