{"id":3232,"date":"2025-08-22T20:41:13","date_gmt":"2025-08-22T20:41:13","guid":{"rendered":"https:\/\/friburgonoticias.com.br\/temp\/2025\/08\/22\/agenda-cultural-programacao-diversa-movimenta-o-final-de-semana\/"},"modified":"2025-08-22T20:41:13","modified_gmt":"2025-08-22T20:41:13","slug":"agenda-cultural-programacao-diversa-movimenta-o-final-de-semana","status":"publish","type":"post","link":"https:\/\/friburgonoticias.com.br\/temp\/2025\/08\/22\/agenda-cultural-programacao-diversa-movimenta-o-final-de-semana\/","title":{"rendered":"Agenda Cultural: Programa\u00e7\u00e3o diversa movimenta o final de semana!"},"content":{"rendered":"<p><\/p>\n<div data-id=\"e4a9c54\" data-element_type=\"widget\" data-widget_type=\"theme-post-content.default\">\n<p>A programa\u00e7\u00e3o cultural desta semana \u00e9 para todos os gostos e interesses! Al\u00e9m das tradicionais Feira Noturna e Feira Municipal, neste final de semana a cidade receber\u00e1 competi\u00e7\u00f5es esportivas, al\u00e9m de mais uma edi\u00e7\u00e3o do Impulsa Mariana.\u00a0<\/p>\n<p>Data: 21 de agosto<\/p>\n<p>Hor\u00e1rio: A partir das 18h<\/p>\n<p>Local: Pra\u00e7a dos Ferrovi\u00e1rios<\/p>\n<p>Na Praia Open Beach Tennis<\/p>\n<p>Prepare a raquete e o protetor solar venha conferir esse torneio que promete disputas acirradas e jogos repletos de energia, garra e divers\u00e3o! O evento receber\u00e1 atletas de diversas categorias, com direito a premia\u00e7\u00e3o em dinheiro e brindes especiais.<\/p>\n<p>Data: 22 a 24 de agosto<\/p>\n<p>Local: Na Praia Beach Place<\/p>\n<p><strong>Feira Municipal\u00a0<\/strong><\/p>\n<p>No s\u00e1bado, o estacionamento do Centro de Conven\u00e7\u00f5es recebe a Feira Livre Municipal, das 07h \u00e0s 12h. O evento conta com exposi\u00e7\u00e3o e venda de produtos variados, como doces tradicionais, artesanato, plantas, frutas e legumes frescos, sendo uma excelente oportunidade para apoiar os produtores locais.<\/p>\n<p>Data: 23 de agosto<\/p>\n<p>Hor\u00e1rio: 7h \u00e0s 12h<\/p>\n<p>Local: Estacionamento do Centro de Conven\u00e7\u00f5es<\/p>\n<p><strong>Festividade da Igreja Pentecostal\u00a0<\/strong><\/p>\n<p>Comemora\u00e7\u00e3o do anivers\u00e1rio da Igreja e do c\u00edrculo de ora\u00e7\u00e3o Avante por Cristo<\/p>\n<p>Data: 23 de agosto<\/p>\n<p>Hor\u00e1rio: 19h<\/p>\n<p>Local: Rua Conselheiro Lafaiete n\u00ba186 (Cabanas)<\/p>\n<p><strong>20\u00aa Corrida de S\u00e3o Luiz<\/strong><\/p>\n<p>O evento esportivo ter\u00e1 largada de Mountain Bike \u00e0s 8h e da Corrida R\u00fastica \u00e0s 9h.\u00a0<\/p>\n<p>Data: 24 de agosto<\/p>\n<p>Hor\u00e1rio: A partir das 8h<\/p>\n<p>Local: \u00c1guas Claras (distrito)<\/p>\n<p><strong>4\u00ba Circuito de Marcha \u2013 Marchadores dos inconfidentes<\/strong><\/p>\n<p>A 4\u00aa etapa do Circuito de Marcha ocorrer\u00e1 neste domingo. As delibera\u00e7\u00f5es dos ju\u00edzes come\u00e7ar\u00e3o, \u00e0s 11h, e as premia\u00e7\u00f5es ser\u00e3o distribu\u00eddas aos vencedores ao final do dia.<\/p>\n<p>Data: 24 de agosto<\/p>\n<p>Hor\u00e1rio: A partir das 10h<\/p>\n<p>Local: Monsenhor Horta<\/p>\n<p><strong>Festa de S\u00e3o Luiz Rei de Fran\u00e7a<\/strong><\/p>\n<p>Nesta segunda-feira, o distrito de \u00c1guas Claras celebra o seu padroeiro, S\u00e3o Luiz Rei de Fran\u00e7a, com diversas celebra\u00e7\u00f5es ao longo do dia, encerrando com missa e prociss\u00e3o, \u00e0s 18h.<\/p>\n<p>Data: 25 de agosto<\/p>\n<p>Local: Igreja de S\u00e3o Luiz Rei de Fran\u00e7a<\/p>\n<p><strong>Impulso Mariana<\/strong><\/p>\n<p>O encontro promove discuss\u00f5es estrat\u00e9gicas sobre tend\u00eancias e desafios do mercado, al\u00e9m da troca de experi\u00eancias e o aprendizado cont\u00ednuo. Nesta edi\u00e7\u00e3o, teremos a presen\u00e7a do empres\u00e1rio Juliano Neves, da Seven Bike, marca que se consolidou no mercado regional como refer\u00eancia em performance, qualidade e inova\u00e7\u00e3o no segmento cicl\u00edstico. A participa\u00e7\u00e3o \u00e9 gratuita,com vagas vagas ilimitadas, e as inscri\u00e7\u00f5es podem ser feitas por meio do link.<\/p>\n<p>Data: 26 de agosto<\/p>\n<p>Hor\u00e1rio: 19h<\/p>\n<p>Local: Audit\u00f3rio da Samarco\n                <\/p><\/div>\n<p><\/a><\/p>\n<p>Fonte: territorionoticias.com.br<\/p>\n","protected":false},"excerpt":{"rendered":"<p>A programa\u00e7\u00e3o cultural desta semana \u00e9 para todos os gostos e interesses! Al\u00e9m das tradicionais Feira Noturna e Feira Municipal, neste final de semana a cidade receber\u00e1 competi\u00e7\u00f5es esportivas, al\u00e9m de mais uma edi\u00e7\u00e3o do Impulsa Mariana.\u00a0 Data: 21 de agosto Hor\u00e1rio: A partir das 18h Local: Pra\u00e7a dos Ferrovi\u00e1rios Na Praia Open Beach Tennis [&hellip;]<\/p>\n","protected":false},"author":3,"featured_media":3233,"comment_status":"open","ping_status":"open","sticky":false,"template":"","format":"standard","meta":{"advanced_seo_description":"","jetpack_seo_html_title":"","jetpack_seo_noindex":false,"fifu_image_url":"https:\/\/territorionoticias.com.br\/wp-content\/uploads\/2025\/08\/Agenda-Cultural-1.png","fifu_image_alt":"","_jetpack_memberships_contains_paid_content":false,"footnotes":"","jetpack_publicize_message":"","jetpack_publicize_feature_enabled":true,"jetpack_social_post_already_shared":true,"jetpack_social_options":{"image_generator_settings":{"template":"highway","default_image_id":0,"font":"","enabled":false},"version":2}},"categories":[105],"tags":[],"class_list":{"0":"post-3232","1":"post","2":"type-post","3":"status-publish","4":"format-standard","5":"has-post-thumbnail","7":"category-entretenimento"},"jetpack_publicize_connections":[],"jetpack_featured_media_url":"https:\/\/i0.wp.com\/territorionoticias.com.br\/wp-content\/uploads\/2025\/08\/Agenda-Cultural-1.png?fit=%2C&ssl=1","jetpack_sharing_enabled":true,"jetpack-related-posts":[],"_links":{"self":[{"href":"https:\/\/friburgonoticias.com.br\/temp\/wp-json\/wp\/v2\/posts\/3232","targetHints":{"allow":["GET"]}}],"collection":[{"href":"https:\/\/friburgonoticias.com.br\/temp\/wp-json\/wp\/v2\/posts"}],"about":[{"href":"https:\/\/friburgonoticias.com.br\/temp\/wp-json\/wp\/v2\/types\/post"}],"author":[{"embeddable":true,"href":"https:\/\/friburgonoticias.com.br\/temp\/wp-json\/wp\/v2\/users\/3"}],"replies":[{"embeddable":true,"href":"https:\/\/friburgonoticias.com.br\/temp\/wp-json\/wp\/v2\/comments?post=3232"}],"version-history":[{"count":0,"href":"https:\/\/friburgonoticias.com.br\/temp\/wp-json\/wp\/v2\/posts\/3232\/revisions"}],"wp:featuredmedia":[{"embeddable":true,"href":"https:\/\/friburgonoticias.com.br\/temp\/wp-json\/wp\/v2\/media\/3233"}],"wp:attachment":[{"href":"https:\/\/friburgonoticias.com.br\/temp\/wp-json\/wp\/v2\/media?parent=3232"}],"wp:term":[{"taxonomy":"category","embeddable":true,"href":"https:\/\/friburgonoticias.com.br\/temp\/wp-json\/wp\/v2\/categories?post=3232"},{"taxonomy":"post_tag","embeddable":true,"href":"https:\/\/friburgonoticias.com.br\/temp\/wp-json\/wp\/v2\/tags?post=3232"}],"curies":[{"name":"wp","href":"https:\/\/api.w.org\/{rel}","templated":true}]}}