{"id":3240,"date":"2025-08-22T23:59:40","date_gmt":"2025-08-22T23:59:40","guid":{"rendered":"https:\/\/friburgonoticias.com.br\/temp\/2025\/08\/22\/governo-apresenta-regras-para-as-big-techs\/"},"modified":"2025-08-22T23:59:40","modified_gmt":"2025-08-22T23:59:40","slug":"governo-apresenta-regras-para-as-big-techs","status":"publish","type":"post","link":"https:\/\/friburgonoticias.com.br\/temp\/2025\/08\/22\/governo-apresenta-regras-para-as-big-techs\/","title":{"rendered":"Governo apresenta regras para as big techs"},"content":{"rendered":"<br><p><\/p>\n<p><a href=\"https:\/\/revistaoeste.com\/politica\/ministra-quer-fim-da-dependencia-do-brasil-das-big-techs\/\" target=\"_blank\" rel=\"noreferrer noopener\"><strong>Representantes do governo do presidente Lula da Silva<\/strong><\/a> receberam nesta sexta-feira, 22, as maiores empresas de tecnologia e do com\u00e9rcio digital para detalhar os projetos de <a href=\"https:\/\/revistaoeste.com\/tecnologia\/governo-quer-criar-whatsapp-estatal-para-comunicacao-interna\/\" target=\"_blank\" rel=\"noreferrer noopener\"><strong>regulamenta\u00e7\u00e3o dos servi\u00e7os digitais no pa\u00eds<\/strong><\/a>. A apresenta\u00e7\u00e3o define obriga\u00e7\u00f5es espec\u00edficas para empresas de diferentes portes, incluindo medidas sobre a remo\u00e7\u00e3o imediata de publica\u00e7\u00f5es com teor criminoso.<\/p>\n<p><\/p>\n<p><\/p>\n<p>Do lado do governo, estiveram presentes Samara Castro, chefe de gabinete do ministro Sid\u00f4nio Palmeira (Secretaria de Comunica\u00e7\u00e3o Social); Jo\u00e3o Brant e Nina Santos, secret\u00e1rios de Pol\u00edticas Digitais; Fabio Bello, do Minist\u00e9rio da Fazenda; Ricardo Horta, do Minist\u00e9rio da Justi\u00e7a; e Guilherme Cintia, da Advocacia-Geral da Uni\u00e3o.<\/p>\n<p><\/p>\n<p><\/p>\n<h2 class=\"wp-block-heading\" id=\"h-governo-exige-medidas-imediatas\"><strong>Governo exige medidas imediatas<\/strong><\/h2>\n<p><\/p>\n<p><\/p>\n<p>Entre as empresas e entidades, compareceram: Kawai, Amazon, Google, YouTube, Apple, Uber, Mercado Livre, Amobitec, Brasscom, CamaraNet, Shopee, Expedia, 99, TikTok, Magalu, Shein, Hotmart, iFood, Airbnb, Microsoft, B., OLX, Meta e OpenAI.<\/p>\n<p><\/p>\n<p><\/p>\n<p>O governo definiu que as plataformas devem detectar e remover imediatamente conte\u00fados relacionados a crimes contra crian\u00e7as e adolescentes, terrorismo e atentados ao Estado democr\u00e1tico de direito. Isso inclui conte\u00fados sobre golpe de Estado e aboli\u00e7\u00e3o violenta do regime democr\u00e1tico.&nbsp;<\/p>\n<p><\/p>\n<p><\/p>\n<figure class=\"wp-block-embed is-type-video is-provider-youtube wp-block-embed-youtube wp-embed-aspect-16-9 wp-has-aspect-ratio\">\n<div class=\"wp-block-embed__wrapper\">\n<iframe loading=\"lazy\" title=\"EXCLUSIVO: Oposi\u00e7\u00e3o no Senado menciona censura \u00e0 Oeste e pede impeachment de Moraes\" width=\"1170\" height=\"658\" src=\"https:\/\/www.youtube.com\/embed\/HXCV5_FfLus?feature=oembed\" frameborder=\"0\" allow=\"accelerometer; autoplay; clipboard-write; encrypted-media; gyroscope; picture-in-picture; web-share\" referrerpolicy=\"strict-origin-when-cross-origin\" allowfullscreen><\/iframe>\n<\/div>\n<\/figure>\n<p><\/p>\n<p><\/p>\n<p>Tamb\u00e9m entram na lista crimes como les\u00e3o corporal, tr\u00e1fico de pessoas, crimes sexuais, epidemias e viol\u00eancia contra mulheres, inclusive conte\u00fados que promovam \u00f3dio ou avers\u00e3o de g\u00eanero.<\/p>\n<p><\/p>\n<p><\/p>\n<p>As empresas ter\u00e3o ainda o dever de prevenir e interromper: crimes listados no artigo sobre notifica\u00e7\u00e3o, viola\u00e7\u00f5es de direitos de grupos vulner\u00e1veis, condutas que comprometam elei\u00e7\u00f5es e fraudes que usem indevidamente identidades de pessoas p\u00fablicas, contas ou marcas.<\/p>\n<p><\/p>\n<p><\/p>\n<p><strong>Leia tamb\u00e9m: <\/strong><a href=\"https:\/\/revistaoeste.com\/revista\/edicao-284\/a-ditadura-veste-toga\/\" target=\"_blank\" rel=\"noreferrer noopener\"><strong>\u201cA ditadura veste toga\u201d<\/strong><\/a><strong>, reportagem de Silvio Navarro publicada na Edi\u00e7\u00e3o 284 da Revista Oeste<\/strong><\/p>\n<p><\/p>\n<p><\/p>\n<p>Para as big techs, as regras incluem preven\u00e7\u00e3o de crimes, remo\u00e7\u00e3o de conte\u00fados il\u00edcitos e envio de relat\u00f3rios de transpar\u00eancia \u00e0 Autoridade Nacional de Prote\u00e7\u00e3o de Dados (ANPD), garantindo maior controle e fiscaliza\u00e7\u00e3o sobre suas opera\u00e7\u00f5es no Brasil.<\/p>\n<p><\/p>\n<p><\/p>\n<p>+ <strong>Leia mais not\u00edcias de <\/strong><a href=\"https:\/\/revistaoeste.com\/politica\/\" target=\"_blank\" rel=\"noreferrer noopener\"><strong>Pol\u00edtica<\/strong><\/a><strong> na Oeste<\/strong><\/p>\n<p><\/p>\n<p><\/p>\n<p><\/p>\n<p>O post <a href=\"https:\/\/revistaoeste.com\/politica\/governo-apresenta-regras-para-as-big-techs\/\">Governo apresenta regras para as big techs<\/a> apareceu primeiro em <a href=\"https:\/\/revistaoeste.com\">Revista Oeste<\/a>.<\/p>\r\n<br><\/a>\r\n\r\nFonte: revistaoeste.com ","protected":false},"excerpt":{"rendered":"<p>Representantes do governo do presidente Lula da Silva receberam nesta sexta-feira, 22, as maiores empresas de tecnologia e do com\u00e9rcio digital para detalhar os projetos de regulamenta\u00e7\u00e3o dos servi\u00e7os digitais no pa\u00eds. A apresenta\u00e7\u00e3o define obriga\u00e7\u00f5es espec\u00edficas para empresas de diferentes portes, incluindo medidas sobre a remo\u00e7\u00e3o imediata de publica\u00e7\u00f5es com teor criminoso. Do lado [&hellip;]<\/p>\n","protected":false},"author":3,"featured_media":0,"comment_status":"open","ping_status":"open","sticky":false,"template":"","format":"standard","meta":{"advanced_seo_description":"","jetpack_seo_html_title":"","jetpack_seo_noindex":false,"fifu_image_url":"","fifu_image_alt":"","_jetpack_memberships_contains_paid_content":false,"footnotes":"","jetpack_publicize_message":"","jetpack_publicize_feature_enabled":true,"jetpack_social_post_already_shared":true,"jetpack_social_options":{"image_generator_settings":{"template":"highway","default_image_id":0,"font":"","enabled":false},"version":2}},"categories":[106,1],"tags":[],"class_list":{"0":"post-3240","1":"post","2":"type-post","3":"status-publish","4":"format-standard","6":"category-politica","7":"category-uncategorized"},"jetpack_publicize_connections":[],"jetpack_featured_media_url":"","jetpack_sharing_enabled":true,"jetpack-related-posts":[],"_links":{"self":[{"href":"https:\/\/friburgonoticias.com.br\/temp\/wp-json\/wp\/v2\/posts\/3240","targetHints":{"allow":["GET"]}}],"collection":[{"href":"https:\/\/friburgonoticias.com.br\/temp\/wp-json\/wp\/v2\/posts"}],"about":[{"href":"https:\/\/friburgonoticias.com.br\/temp\/wp-json\/wp\/v2\/types\/post"}],"author":[{"embeddable":true,"href":"https:\/\/friburgonoticias.com.br\/temp\/wp-json\/wp\/v2\/users\/3"}],"replies":[{"embeddable":true,"href":"https:\/\/friburgonoticias.com.br\/temp\/wp-json\/wp\/v2\/comments?post=3240"}],"version-history":[{"count":0,"href":"https:\/\/friburgonoticias.com.br\/temp\/wp-json\/wp\/v2\/posts\/3240\/revisions"}],"wp:attachment":[{"href":"https:\/\/friburgonoticias.com.br\/temp\/wp-json\/wp\/v2\/media?parent=3240"}],"wp:term":[{"taxonomy":"category","embeddable":true,"href":"https:\/\/friburgonoticias.com.br\/temp\/wp-json\/wp\/v2\/categories?post=3240"},{"taxonomy":"post_tag","embeddable":true,"href":"https:\/\/friburgonoticias.com.br\/temp\/wp-json\/wp\/v2\/tags?post=3240"}],"curies":[{"name":"wp","href":"https:\/\/api.w.org\/{rel}","templated":true}]}}