{"id":3258,"date":"2025-08-23T20:22:12","date_gmt":"2025-08-23T20:22:12","guid":{"rendered":"https:\/\/friburgonoticias.com.br\/temp\/2025\/08\/23\/stj-concede-liberdade-a-investigado-em-operacao-que-afastou-prefeito-de-sao-bernardo\/"},"modified":"2025-08-23T20:22:12","modified_gmt":"2025-08-23T20:22:12","slug":"stj-concede-liberdade-a-investigado-em-operacao-que-afastou-prefeito-de-sao-bernardo","status":"publish","type":"post","link":"https:\/\/friburgonoticias.com.br\/temp\/2025\/08\/23\/stj-concede-liberdade-a-investigado-em-operacao-que-afastou-prefeito-de-sao-bernardo\/","title":{"rendered":"STJ concede liberdade a investigado em opera\u00e7\u00e3o que afastou prefeito de S\u00e3o Bernardo"},"content":{"rendered":"<br><p><\/p>\n<p>O ministro Reinaldo Fonseca, do Superior Tribunal de Justi\u00e7a (STJ), decidiu na revogar a pris\u00e3o preventiva de Ant\u00f4nio Rene da Silva Chagas, investigado na Opera\u00e7\u00e3o Estafeta. A a\u00e7\u00e3o, deflagrada pela Pol\u00edcia Federal em agosto de 2024, levou ao afastamento do prefeito de S\u00e3o Bernardo do Campo, Marcelo de Lima Fernandes (Podemos).<\/p>\n<p><\/p>\n<p><\/p>\n<p><strong>+ Leia mais not\u00edcias de <a href=\"https:\/\/revistaoeste.com\/politica\/\" target=\"_blank\" rel=\"noreferrer noopener\">Pol\u00edtica<\/a> em Oeste<\/strong><\/p>\n<p><\/p>\n<p><\/p>\n<p>Na decis\u00e3o da \u00faltima sexta-feira, 22, obtida pelo jornal CNN, o magistrado do STJ substituiu a pris\u00e3o por medidas cautelares mais brandas. Entre elas est\u00e3o:&nbsp;<\/p>\n<p><\/p>\n<p><\/p>\n<ul class=\"wp-block-list\"><\/p>\n<li>Comparecimento peri\u00f3dico em ju\u00edzo;<\/li>\n<p><\/p>\n<p><\/p>\n<li>Proibi\u00e7\u00e3o de contato com outros investigados e testemunhas;<\/li>\n<p><\/p>\n<p><\/p>\n<li>Restri\u00e7\u00e3o para deixar a comarca;<\/li>\n<p><\/p>\n<p><\/p>\n<li>Recolhimento domiciliar noturno; e&nbsp;<\/li>\n<p><\/p>\n<p><\/p>\n<li>Entrega do passaporte.<\/li>\n<p><\/ul>\n<p><\/p>\n<p><\/p>\n<p>O relator avaliou que, embora haja ind\u00edcios de que Ant\u00f4nio estivesse envolvido no manuseio de grandes volumes de dinheiro ligados ao esquema, n\u00e3o h\u00e1 risco atual para o andamento da investiga\u00e7\u00e3o nem amea\u00e7a \u00e0 ordem p\u00fablica.&nbsp;<\/p>\n<p><\/p>\n<p><\/p>\n<p>O ministro destacou ainda que o investigado \u00e9 r\u00e9u prim\u00e1rio e n\u00e3o exerce posi\u00e7\u00e3o de comando dentro da organiza\u00e7\u00e3o criminosa apontada. As medidas dever\u00e3o ser reavaliadas em at\u00e9 90 dias.<\/p>\n<p><\/p>\n<p><\/p>\n<h2 class=\"wp-block-heading\" id=\"h-operacao-estafeta\">Opera\u00e7\u00e3o Estafeta<\/h2>\n<p><\/p>\n<p><\/p>\n<p>Ant\u00f4nio, conhecido pelo codinome \u201cRenegade\u201d, \u00e9 apontado pela PF como respons\u00e1vel pela divis\u00e3o e transporte de valores. A Opera\u00e7\u00e3o Estafeta investiga crimes de corrup\u00e7\u00e3o, lavagem de dinheiro e organiza\u00e7\u00e3o criminosa. Foram cumpridos mandados em S\u00e3o Bernardo, S\u00e3o Paulo, Santo Andr\u00e9, Mau\u00e1 e Diadema.<\/p>\n<p><\/p>\n<p><\/p>\n<p>O prefeito Marcelo de Lima Fernandes, alvo central da opera\u00e7\u00e3o, teve uso de tornozeleira eletr\u00f4nica determinado pela Justi\u00e7a.<\/p>\n<p><\/p>\n<p><\/p>\n<p>A investiga\u00e7\u00e3o come\u00e7ou ap\u00f3s a apreens\u00e3o de R$ 14 milh\u00f5es em esp\u00e9cie \u2014 entre reais e d\u00f3lares \u2014 com um servidor ligado ao grupo suspeito. O material obtido em celulares refor\u00e7ou a suspeita de atua\u00e7\u00e3o de Ant\u00f4nio no esquema financeiro.<\/p>\n<p><\/p>\n<p>O post <a href=\"https:\/\/revistaoeste.com\/politica\/stj-concede-liberdade-a-investigado-em-operacao-que-afastou-prefeito-de-sao-bernardo\/\">STJ concede liberdade a investigado em opera\u00e7\u00e3o que afastou prefeito de S\u00e3o Bernardo<\/a> apareceu primeiro em <a href=\"https:\/\/revistaoeste.com\">Revista Oeste<\/a>.<\/p>\r\n<br><\/a>\r\n\r\nFonte: revistaoeste.com ","protected":false},"excerpt":{"rendered":"<p>O ministro Reinaldo Fonseca, do Superior Tribunal de Justi\u00e7a (STJ), decidiu na revogar a pris\u00e3o preventiva de Ant\u00f4nio Rene da Silva Chagas, investigado na Opera\u00e7\u00e3o Estafeta. A a\u00e7\u00e3o, deflagrada pela Pol\u00edcia Federal em agosto de 2024, levou ao afastamento do prefeito de S\u00e3o Bernardo do Campo, Marcelo de Lima Fernandes (Podemos). + Leia mais not\u00edcias [&hellip;]<\/p>\n","protected":false},"author":3,"featured_media":0,"comment_status":"open","ping_status":"open","sticky":false,"template":"","format":"standard","meta":{"advanced_seo_description":"","jetpack_seo_html_title":"","jetpack_seo_noindex":false,"fifu_image_url":"","fifu_image_alt":"","_jetpack_memberships_contains_paid_content":false,"footnotes":"","jetpack_publicize_message":"","jetpack_publicize_feature_enabled":true,"jetpack_social_post_already_shared":true,"jetpack_social_options":{"image_generator_settings":{"template":"highway","default_image_id":0,"font":"","enabled":false},"version":2}},"categories":[106,1],"tags":[],"class_list":{"0":"post-3258","1":"post","2":"type-post","3":"status-publish","4":"format-standard","6":"category-politica","7":"category-uncategorized"},"jetpack_publicize_connections":[],"jetpack_featured_media_url":"","jetpack_sharing_enabled":true,"jetpack-related-posts":[],"_links":{"self":[{"href":"https:\/\/friburgonoticias.com.br\/temp\/wp-json\/wp\/v2\/posts\/3258","targetHints":{"allow":["GET"]}}],"collection":[{"href":"https:\/\/friburgonoticias.com.br\/temp\/wp-json\/wp\/v2\/posts"}],"about":[{"href":"https:\/\/friburgonoticias.com.br\/temp\/wp-json\/wp\/v2\/types\/post"}],"author":[{"embeddable":true,"href":"https:\/\/friburgonoticias.com.br\/temp\/wp-json\/wp\/v2\/users\/3"}],"replies":[{"embeddable":true,"href":"https:\/\/friburgonoticias.com.br\/temp\/wp-json\/wp\/v2\/comments?post=3258"}],"version-history":[{"count":0,"href":"https:\/\/friburgonoticias.com.br\/temp\/wp-json\/wp\/v2\/posts\/3258\/revisions"}],"wp:attachment":[{"href":"https:\/\/friburgonoticias.com.br\/temp\/wp-json\/wp\/v2\/media?parent=3258"}],"wp:term":[{"taxonomy":"category","embeddable":true,"href":"https:\/\/friburgonoticias.com.br\/temp\/wp-json\/wp\/v2\/categories?post=3258"},{"taxonomy":"post_tag","embeddable":true,"href":"https:\/\/friburgonoticias.com.br\/temp\/wp-json\/wp\/v2\/tags?post=3258"}],"curies":[{"name":"wp","href":"https:\/\/api.w.org\/{rel}","templated":true}]}}