{"id":3270,"date":"2025-08-24T18:57:05","date_gmt":"2025-08-24T18:57:05","guid":{"rendered":"https:\/\/friburgonoticias.com.br\/temp\/2025\/08\/24\/em-decisao-dino-indica-descumprimento-parcial-de-emendas-pix\/"},"modified":"2025-08-24T18:57:05","modified_gmt":"2025-08-24T18:57:05","slug":"em-decisao-dino-indica-descumprimento-parcial-de-emendas-pix","status":"publish","type":"post","link":"https:\/\/friburgonoticias.com.br\/temp\/2025\/08\/24\/em-decisao-dino-indica-descumprimento-parcial-de-emendas-pix\/","title":{"rendered":"Em decis\u00e3o, Dino indica descumprimento parcial de emendas Pix"},"content":{"rendered":"<br><p><\/p>\n<p>O ministro Fl\u00e1vio Dino, do Supremo Tribunal Federal (STF), reconheceu em decis\u00e3o recente que ainda h\u00e1 falhas graves na execu\u00e7\u00e3o das chamadas emendas Pix, modalidade de repasses diretos a Estados e munic\u00edpios.&nbsp;<\/p>\n<p><\/p>\n<p><\/p>\n<p>Segundo a decis\u00e3o proferida por Dino, permanecem pendentes R$ 694,6 milh\u00f5es sem plano de trabalho registrado, configurando \u201cparcial descumprimento de decis\u00e3o judicial\u201d.<\/p>\n<p><\/p>\n<p><\/p>\n<p><strong>+ Leia mais not\u00edcias de <a href=\"https:\/\/revistaoeste.com\/politica\/\" target=\"_blank\" rel=\"noreferrer noopener\">Pol\u00edtica<\/a> em Oeste<\/strong><\/p>\n<p><\/p>\n<p><\/p>\n<p>Dino determinou que o Tribunal de Contas da Uni\u00e3o (TCU) siga fiscalizando a destina\u00e7\u00e3o dos recursos e que Uni\u00e3o e Congresso adotem medidas para garantir maior transpar\u00eancia.&nbsp;<\/p>\n<p><\/p>\n<p><\/p>\n<blockquote class=\"wp-block-quote is-layout-flow wp-block-quote-is-layout-flow\"><p><\/p>\n<p>\u201cA aprecia\u00e7\u00e3o das emendas Pix pelo TCU deve ser compreendida como a compet\u00eancia da referida Corte de Contas para fiscalizar e julgar as contas relativas \u00e0 modalidade de emenda em quest\u00e3o, uma vez que subsiste interesse da Uni\u00e3o em virtude da origem federal do recurso\u201d, escreveu o ministro.<\/p>\n<p><\/p><\/blockquote>\n<p><\/p>\n<p><\/p>\n<p>A decis\u00e3o tamb\u00e9m destacou repasses vultosos para entidades privadas, como a Associa\u00e7\u00e3o Mori\u00e1, que recebeu mais de R$ 74 milh\u00f5es entre 2022 e 2024 e \u00e9 investigada na Opera\u00e7\u00e3o Korban. Dino determinou auditorias complementares para avaliar a legalidade desses recursos.<\/p>\n<p><\/p>\n<p><\/p>\n<figure class=\"wp-block-embed is-type-video is-provider-youtube wp-block-embed-youtube wp-embed-aspect-16-9 wp-has-aspect-ratio\">\n<div class=\"wp-block-embed__wrapper\">\n<iframe loading=\"lazy\" title=\"Dino determina prazo para Uni\u00e3o regularizar envio de emendas a universidades\" width=\"1170\" height=\"658\" src=\"https:\/\/www.youtube.com\/embed\/nhD4-lExils?feature=oembed\" frameborder=\"0\" allow=\"accelerometer; autoplay; clipboard-write; encrypted-media; gyroscope; picture-in-picture; web-share\" referrerpolicy=\"strict-origin-when-cross-origin\" allowfullscreen><\/iframe>\n<\/div>\n<\/figure>\n<p><\/p>\n<p><\/p>\n<h2 class=\"wp-block-heading\" id=\"h-dino-afasta-tese-do-novo-orcamento-secreto-na-saude\"><strong>Dino afasta tese do \u201cnovo or\u00e7amento secreto\u201d na Sa\u00fade<\/strong><\/h2>\n<p><\/p>\n<p><\/p>\n<p>Entidades de controle pediram ao STF que investigasse supostas \u201cemendas de comiss\u00e3o paralelas\u201d e ind\u00edcios de um \u201cnovo or\u00e7amento secreto\u201d no Minist\u00e9rio da Sa\u00fade. Dino afastou a an\u00e1lise imediata, mas alertou que qualquer execu\u00e7\u00e3o fora das regras t\u00e9cnicas n\u00e3o pode ser implementada.<\/p>\n<p><\/p>\n<p><\/p>\n<p>O ministro tamb\u00e9m registrou a ado\u00e7\u00e3o de crit\u00e9rios mais duros para repasses a organiza\u00e7\u00f5es sociais, exigindo sede em funcionamento, atua\u00e7\u00e3o pr\u00e9via e comprova\u00e7\u00e3o de capacidade t\u00e9cnica.<\/p>\n<p><\/p>\n<p><\/p>\n<p>Outro ponto analisado foi o questionamento da deputada L\u00eddice da Mata (PSB-BA) sobre a execu\u00e7\u00e3o de emendas de bancada destinadas a universidades federais no estado. Dino esclareceu que a lei veda a individualiza\u00e7\u00e3o por parlamentar, mas n\u00e3o impede a divis\u00e3o do recurso entre diferentes institui\u00e7\u00f5es.<\/p>\n<p><\/p>\n<p>O post <a href=\"https:\/\/revistaoeste.com\/politica\/em-decisao-dino-indica-descumprimento-parcial-de-emendas-pix\/\">Em decis\u00e3o, Dino indica descumprimento parcial de emendas Pix<\/a> apareceu primeiro em <a href=\"https:\/\/revistaoeste.com\">Revista Oeste<\/a>.<\/p>\r\n<br><\/a>\r\n\r\nFonte: revistaoeste.com ","protected":false},"excerpt":{"rendered":"<p>O ministro Fl\u00e1vio Dino, do Supremo Tribunal Federal (STF), reconheceu em decis\u00e3o recente que ainda h\u00e1 falhas graves na execu\u00e7\u00e3o das chamadas emendas Pix, modalidade de repasses diretos a Estados e munic\u00edpios.&nbsp; Segundo a decis\u00e3o proferida por Dino, permanecem pendentes R$ 694,6 milh\u00f5es sem plano de trabalho registrado, configurando \u201cparcial descumprimento de decis\u00e3o judicial\u201d. + [&hellip;]<\/p>\n","protected":false},"author":3,"featured_media":0,"comment_status":"open","ping_status":"open","sticky":false,"template":"","format":"standard","meta":{"advanced_seo_description":"","jetpack_seo_html_title":"","jetpack_seo_noindex":false,"fifu_image_url":"","fifu_image_alt":"","_jetpack_memberships_contains_paid_content":false,"footnotes":"","jetpack_publicize_message":"","jetpack_publicize_feature_enabled":true,"jetpack_social_post_already_shared":true,"jetpack_social_options":{"image_generator_settings":{"template":"highway","default_image_id":0,"font":"","enabled":false},"version":2}},"categories":[106,1],"tags":[],"class_list":{"0":"post-3270","1":"post","2":"type-post","3":"status-publish","4":"format-standard","6":"category-politica","7":"category-uncategorized"},"jetpack_publicize_connections":[],"jetpack_featured_media_url":"","jetpack_sharing_enabled":true,"jetpack-related-posts":[],"_links":{"self":[{"href":"https:\/\/friburgonoticias.com.br\/temp\/wp-json\/wp\/v2\/posts\/3270","targetHints":{"allow":["GET"]}}],"collection":[{"href":"https:\/\/friburgonoticias.com.br\/temp\/wp-json\/wp\/v2\/posts"}],"about":[{"href":"https:\/\/friburgonoticias.com.br\/temp\/wp-json\/wp\/v2\/types\/post"}],"author":[{"embeddable":true,"href":"https:\/\/friburgonoticias.com.br\/temp\/wp-json\/wp\/v2\/users\/3"}],"replies":[{"embeddable":true,"href":"https:\/\/friburgonoticias.com.br\/temp\/wp-json\/wp\/v2\/comments?post=3270"}],"version-history":[{"count":0,"href":"https:\/\/friburgonoticias.com.br\/temp\/wp-json\/wp\/v2\/posts\/3270\/revisions"}],"wp:attachment":[{"href":"https:\/\/friburgonoticias.com.br\/temp\/wp-json\/wp\/v2\/media?parent=3270"}],"wp:term":[{"taxonomy":"category","embeddable":true,"href":"https:\/\/friburgonoticias.com.br\/temp\/wp-json\/wp\/v2\/categories?post=3270"},{"taxonomy":"post_tag","embeddable":true,"href":"https:\/\/friburgonoticias.com.br\/temp\/wp-json\/wp\/v2\/tags?post=3270"}],"curies":[{"name":"wp","href":"https:\/\/api.w.org\/{rel}","templated":true}]}}