{"id":3272,"date":"2025-08-24T20:42:10","date_gmt":"2025-08-24T20:42:10","guid":{"rendered":"https:\/\/friburgonoticias.com.br\/temp\/2025\/08\/24\/bia-bogossian-firma-candidatura-em-tres-rios-com-chapa-puro-sangue-do-psd\/"},"modified":"2025-08-24T20:42:10","modified_gmt":"2025-08-24T20:42:10","slug":"bia-bogossian-firma-candidatura-em-tres-rios-com-chapa-puro-sangue-do-psd","status":"publish","type":"post","link":"https:\/\/friburgonoticias.com.br\/temp\/2025\/08\/24\/bia-bogossian-firma-candidatura-em-tres-rios-com-chapa-puro-sangue-do-psd\/","title":{"rendered":"Bia Bogossian firma candidatura em Tr\u00eas Rios com chapa puro-sangue do PSD"},"content":{"rendered":"<p><\/p>\n<div itemprop=\"articleBody\">\nO PSD do prefeito Eduardo Paes decidiu, na manh\u00e3 deste domingo (24), que ter\u00e1 uma chapa puro-sangue para disputar a Prefeitura de Tr\u00eas Rios. <\/p>\n<p>A vereadora Bia Bogossian foi confirmada como candidata na\u00a0<a href=\"https:\/\/temporealrj.com\/eleicao-suplementar-para-prefeito-de-tres-rios-e-marcada-para-5-de-outubro\/\">elei\u00e7\u00e3o suplementar do dia 5 de outubro<\/a>. No encontro, tamb\u00e9m foi oficializado o nome de Juliano Maia como vice.<\/p>\n<p>Bia est\u00e1 no segundo mandato como vereadora e em ambas elei\u00e7\u00f5es foi a mulher mais votada da cidade. Ela assumiu uma cadeira na C\u00e2mara, ap\u00f3s mais de 70 anos sem mulheres no Legislativo municipal. E agora quer ser a primeira prefeita da hist\u00f3ria de Tr\u00eas Rios.<\/p>\n<p>Assim como Bia, o vice escolhido na conven\u00e7\u00e3o tamb\u00e9m \u00e9 jornalista e tem forte atua\u00e7\u00e3o em causas sociais no munic\u00edpio. Juliano Maia foi candidato a vereador na elei\u00e7\u00e3o do ano passado, \u00e9 o segundo suplente do partido e atua profissionalmente em \u00e1reas de fomento \u00e0 gest\u00e3o e inova\u00e7\u00e3o.<\/p>\n<p>A chapa chega \u00e0 disputa com apoios de peso no cen\u00e1rio partid\u00e1rio e pol\u00edtico fluminense.<\/p>\n<p> Bia tem forte rela\u00e7\u00e3o com os deputados federais Daniel Soranz e Renan Ferreirinha, enquanto Juliano tem a deputada Laura Carneiro como apoiadora.<\/p>\n<h2 class=\"wp-block-heading\">Os outros candidatos j\u00e1 confirmados em Tr\u00eas Rios<\/h2>\n<p>O atual <a href=\"https:\/\/temporealrj.com\/eleicao-em-tres-rios-presidente-da-camara-e-o-candidato-de-joa-o-prefeito-reeleito-que-perdeu-o-direito-a-cadeira\/\">presidente da C\u00e2mara de Vereadores e prefeito interino, Jonas Dico (Podemos), ser\u00e1 o candidato do ex-prefeito Joa Barbaglio (Republicanos)<\/a>. Com 28.632 votos (60,99% do total), Joa chegou a ser reeleito em 2024. Mas, o Tribunal Regional Eleitoral (TRE), em julgamento realizado \u00e0s v\u00e9speras da disputa, j\u00e1 havia indeferido o registro de sua candidatura. Segundo a corte fluminense, o alcaide estava ineleg\u00edvel porque teve as contas rejeitadas quando era presidente da C\u00e2mara de Vereadores. <\/p>\n<p>Joa acabou disputando a elei\u00e7\u00e3o por for\u00e7a de uma liminar, o que abriu uma guerra jur\u00eddica. Por fim, o tribunal superior bateu o martelo no \u00faltimo dia 31. O mo\u00e7o est\u00e1 mesmo fora do cargo e uma elei\u00e7\u00e3o suplementar foi marcada para a escolha do novo prefeito da cidade.<\/p>\n<p>Neste s\u00e1bado (23), Solidariedade fez uma conven\u00e7\u00e3o na C\u00e2mara de Tr\u00eas Rios e decidiu os rumos do partido para a elei\u00e7\u00e3o de outubro. O encontro <a href=\"https:\/\/temporealrj.com\/solidariedade-bate-o-martelo-e-oficializa-juarez-da-saude-como-candidato-em-tres-rios-preterido-marcio-poncio-apoia-o-escolhido\/\">oficializou a candidatura de Juarez da Sa\u00fade<\/a> \u00e0 Prefeitura, tendo como vice o atual vice-prefeito Jacqueson Martins (Partido Novo).<\/p>\n<p>J\u00e1 <a href=\"https:\/\/temporealrj.com\/puro-sangue-professor-anderson-muricoca-tera-vice-do-prd-na-disputa-em-tres-rios\/\">a chapa do PRD tamb\u00e9m ser\u00e1 puro-sangue<\/a>. O partido fechou a fatura na sexta-feira (22), ao bater o martelo sobre o nome do vice do Professor Anderson Muri\u00e7oca: ser\u00e1 Jozemar Corr\u00eaa, conhecido como D\u00e3o e que foi diretor do Detran de 2009 a 2011 e de 2021 a 2023. A cidade ter\u00e1 uma\u00a0elei\u00e7\u00e3o suplementar, j\u00e1 que Joa Barbaglio (Republicanos) foi cassado pelo Tribunal Superior Eleitoral (TSE).\n<\/div>\n<p><\/a><\/p>\n<p>Fonte: temporealrj.com<\/p>\n","protected":false},"excerpt":{"rendered":"<p>O PSD do prefeito Eduardo Paes decidiu, na manh\u00e3 deste domingo (24), que ter\u00e1 uma chapa puro-sangue para disputar a Prefeitura de Tr\u00eas Rios. A vereadora Bia Bogossian foi confirmada como candidata na\u00a0elei\u00e7\u00e3o suplementar do dia 5 de outubro. No encontro, tamb\u00e9m foi oficializado o nome de Juliano Maia como vice. Bia est\u00e1 no segundo [&hellip;]<\/p>\n","protected":false},"author":3,"featured_media":3273,"comment_status":"open","ping_status":"open","sticky":false,"template":"","format":"standard","meta":{"advanced_seo_description":"","jetpack_seo_html_title":"","jetpack_seo_noindex":false,"fifu_image_url":"https:\/\/temporealrj.com\/wp-content\/uploads\/2025\/08\/WhatsApp-Image-2025-08-24-at-17.29.31.jpeg","fifu_image_alt":"","_jetpack_memberships_contains_paid_content":false,"footnotes":"","jetpack_publicize_message":"","jetpack_publicize_feature_enabled":true,"jetpack_social_post_already_shared":true,"jetpack_social_options":{"image_generator_settings":{"template":"highway","default_image_id":0,"font":"","enabled":false},"version":2}},"categories":[106,1],"tags":[],"class_list":{"0":"post-3272","1":"post","2":"type-post","3":"status-publish","4":"format-standard","5":"has-post-thumbnail","7":"category-politica","8":"category-uncategorized"},"jetpack_publicize_connections":[],"jetpack_featured_media_url":"https:\/\/i0.wp.com\/temporealrj.com\/wp-content\/uploads\/2025\/08\/WhatsApp-Image-2025-08-24-at-17.29.31.jpeg?fit=%2C&ssl=1","jetpack_sharing_enabled":true,"jetpack-related-posts":[],"_links":{"self":[{"href":"https:\/\/friburgonoticias.com.br\/temp\/wp-json\/wp\/v2\/posts\/3272","targetHints":{"allow":["GET"]}}],"collection":[{"href":"https:\/\/friburgonoticias.com.br\/temp\/wp-json\/wp\/v2\/posts"}],"about":[{"href":"https:\/\/friburgonoticias.com.br\/temp\/wp-json\/wp\/v2\/types\/post"}],"author":[{"embeddable":true,"href":"https:\/\/friburgonoticias.com.br\/temp\/wp-json\/wp\/v2\/users\/3"}],"replies":[{"embeddable":true,"href":"https:\/\/friburgonoticias.com.br\/temp\/wp-json\/wp\/v2\/comments?post=3272"}],"version-history":[{"count":0,"href":"https:\/\/friburgonoticias.com.br\/temp\/wp-json\/wp\/v2\/posts\/3272\/revisions"}],"wp:featuredmedia":[{"embeddable":true,"href":"https:\/\/friburgonoticias.com.br\/temp\/wp-json\/wp\/v2\/media\/3273"}],"wp:attachment":[{"href":"https:\/\/friburgonoticias.com.br\/temp\/wp-json\/wp\/v2\/media?parent=3272"}],"wp:term":[{"taxonomy":"category","embeddable":true,"href":"https:\/\/friburgonoticias.com.br\/temp\/wp-json\/wp\/v2\/categories?post=3272"},{"taxonomy":"post_tag","embeddable":true,"href":"https:\/\/friburgonoticias.com.br\/temp\/wp-json\/wp\/v2\/tags?post=3272"}],"curies":[{"name":"wp","href":"https:\/\/api.w.org\/{rel}","templated":true}]}}