{"id":3275,"date":"2025-08-25T10:32:12","date_gmt":"2025-08-25T10:32:12","guid":{"rendered":"https:\/\/friburgonoticias.com.br\/temp\/2025\/08\/25\/stf-libera-nova-rodada-de-visitas-a-bolsonaro-veja-os-nomes\/"},"modified":"2025-08-25T10:32:12","modified_gmt":"2025-08-25T10:32:12","slug":"stf-libera-nova-rodada-de-visitas-a-bolsonaro-veja-os-nomes","status":"publish","type":"post","link":"https:\/\/friburgonoticias.com.br\/temp\/2025\/08\/25\/stf-libera-nova-rodada-de-visitas-a-bolsonaro-veja-os-nomes\/","title":{"rendered":"STF libera nova rodada de visitas a Bolsonaro; veja os nomes"},"content":{"rendered":"<br><p><\/p>\n<p>Desde que iniciou o cumprimento de pris\u00e3o domiciliar em Bras\u00edlia, o ex-presidente <strong><a href=\"https:\/\/revistaoeste.com\/tag\/jair-bolsonaro\/\" target=\"_blank\" rel=\"noreferrer noopener\">Jair Bolsonaro<\/a><\/strong> tem recebido um fluxo constante de aliados. A casa no Jardim Bot\u00e2nico se tornou palco de conversas reservadas e articula\u00e7\u00f5es pol\u00edticas, sob o olhar atento do Supremo Tribunal Federal (STF).<\/p>\n<p><\/p>\n<p><\/p>\n<p>O ministro Alexandre de Moraes autorizou novos encontros nesta semana. O magistrado ampliou a lista de visitantes, que inclui figuras do alto escal\u00e3o do <strong><a href=\"https:\/\/partidoliberal.org.br\/\" target=\"_blank\" rel=\"noreferrer noopener\">Partido Liberal (PL)<\/a><\/strong> e de outras legendas. As visitas, permitidas entre 10h e 18h, seguem regras r\u00edgidas: uso de celular permanece proibido.<\/p>\n<p><\/p>\n<p><\/p>\n<p><strong>+ Leia mais not\u00edcias de <a href=\"https:\/\/revistaoeste.com\/politica\/\" target=\"_blank\" rel=\"noreferrer noopener\">Pol\u00edtica<\/a> em Oeste <\/strong><\/p>\n<p><\/p>\n<p><\/p>\n<p>Entre os que receberam aval recente do STF est\u00e3o o senador Rog\u00e9rio Marinho (PL-RN), o deputado Altineu C\u00f4rtes (PL-RJ) e o vice-prefeito de S\u00e3o Paulo, Ricardo Mello Ara\u00fajo (MDB).<\/p>\n<p><\/p>\n<p><\/p>\n<p>Tamb\u00e9m foram autorizadas as visitas do deputado Tom\u00e9 Abduch (PL-SP) e do presidente nacional do PL, Valdemar Costa Neto. Neste \u00faltimo caso, a defesa de Bolsonaro formalizou o pedido ao STF com alega\u00e7\u00e3o de que Valdemar seria figura essencial para a integridade emocional e f\u00edsica do ex-chefe do Executivo.<\/p>\n<p><\/p>\n<p><\/p>\n<p>Cada pedido segue um tr\u00e2mite espec\u00edfico e entra em uma fila por ordem de chegada. Moraes avalia individualmente cada solicita\u00e7\u00e3o e mant\u00e9m controle direto sobre as autoriza\u00e7\u00f5es.<\/p>\n<p><\/p>\n<p><\/p>\n<figure class=\"wp-block-embed aligncenter is-type-video is-provider-youtube wp-block-embed-youtube wp-embed-aspect-16-9 wp-has-aspect-ratio\">\n<div class=\"wp-block-embed__wrapper\">\n<iframe loading=\"lazy\" title=\"Jeffrey Chiquini opina sobre STF, Bolsonaro e elei\u00e7\u00f5es 2026\" width=\"1170\" height=\"658\" src=\"https:\/\/www.youtube.com\/embed\/37ys6J59pyI?feature=oembed\" frameborder=\"0\" allow=\"accelerometer; autoplay; clipboard-write; encrypted-media; gyroscope; picture-in-picture; web-share\" referrerpolicy=\"strict-origin-when-cross-origin\" allowfullscreen><\/iframe>\n<\/div>\n<\/figure>\n<p><\/p>\n<p><\/p>\n<p>Apesar da reclus\u00e3o, Bolsonaro permanece ativo nos bastidores. Os relatos dos visitantes descrevem um cen\u00e1rio de normalidade estrat\u00e9gica, com participa\u00e7\u00e3o do ex-presidente em an\u00e1lises pol\u00edticas e ao manter conversas frequentes com lideran\u00e7as conservadoras.<\/p>\n<p><\/p>\n<p><\/p>\n<p>O governador de S\u00e3o Paulo, Tarc\u00edsio de Freitas (Republicanos), deixou a visita com a impress\u00e3o de que o aliado permanece \u201csereno\u201d.<\/p>\n<p><\/p>\n<p><\/p>\n<h2 class=\"wp-block-heading\" id=\"h-bolsonaro-tem-autorizacao-para-receber-profissionais-da-saude-sem-aviso-previo\"><strong>Bolsonaro tem autoriza\u00e7\u00e3o para receber profissionais da sa\u00fade sem aviso pr\u00e9vio<\/strong><\/h2>\n<p><\/p>\n<p><\/p>\n<p>J\u00e1 o deputado Junio Amaral (PL-MG) definiu o clima da casa como \u201ctranquilo\u201d, embora marcado por \u201cindigna\u00e7\u00e3o\u201d. Outros nomes tamb\u00e9m marcaram presen\u00e7a, entre eles os senadores Ciro Nogueira (PP-PI) e os deputados Marcelo Moraes (PL-RS), Zucco (PL-RS) e Domingos S\u00e1vio (PL-MG).<\/p>\n<p><\/p>\n<p><\/p>\n<p>J\u00falia Zanatta (PL-SC), Capit\u00e3o Alden (PL-BA) e Joaquim Passarinho (PL-PA) figuram entre os que j\u00e1 estiveram com Bolsonaro em agosto. Tamb\u00e9m visitaram o ex-presidente a deputada Celina Le\u00e3o (PP-DF) e o empres\u00e1rio Renato de Ara\u00fajo Corr\u00eaa.<\/p>\n<p><\/p>\n<p><\/p>\n<p><strong>+ Leia tamb\u00e9m: <a href=\"https:\/\/revistaoeste.com\/politica\/tarcisio-diz-que-bolsonaro-sofre-grande-injustica\/\" target=\"_blank\" rel=\"noreferrer noopener\">&#8220;Tarc\u00edsio diz que Bolsonaro sofre &#8216;grande injusti\u00e7a'&#8221;<\/a><\/strong><\/p>\n<p><\/p>\n<p><\/p>\n<p>Al\u00e9m das lideran\u00e7as pol\u00edticas, Bolsonaro est\u00e1 autorizado a receber quatro profissionais da \u00e1rea da sa\u00fade sem aviso pr\u00e9vio. Moraes autorizou os atendimentos com base em prerrogativas m\u00e9dicas, desde que se mantenham dentro dos par\u00e2metros legais.<\/p>\n<p><\/p>\n<p><\/p>\n<p>A equipe m\u00e9dica inclui o cirurgi\u00e3o Cl\u00e1udio Birolini, o dermatologista Erasmo Tokarski, a cl\u00ednica Luciana Tokarski e o cardiologista Leandro Santini Echenique. Esses profissionais j\u00e1 estavam envolvidos nos cuidados anteriores ao in\u00edcio da pris\u00e3o domiciliar.<\/p>\n<p><\/p>\n<p>O post <a href=\"https:\/\/revistaoeste.com\/politica\/stf-libera-nova-rodada-de-visitas-a-bolsonaro-veja-os-nomes\/\">STF libera nova rodada de visitas a Bolsonaro; veja os nomes<\/a> apareceu primeiro em <a href=\"https:\/\/revistaoeste.com\">Revista Oeste<\/a>.<\/p>\r\n<br><\/a>\r\n\r\nFonte: revistaoeste.com ","protected":false},"excerpt":{"rendered":"<p>Desde que iniciou o cumprimento de pris\u00e3o domiciliar em Bras\u00edlia, o ex-presidente Jair Bolsonaro tem recebido um fluxo constante de aliados. A casa no Jardim Bot\u00e2nico se tornou palco de conversas reservadas e articula\u00e7\u00f5es pol\u00edticas, sob o olhar atento do Supremo Tribunal Federal (STF). O ministro Alexandre de Moraes autorizou novos encontros nesta semana. O [&hellip;]<\/p>\n","protected":false},"author":3,"featured_media":0,"comment_status":"open","ping_status":"open","sticky":false,"template":"","format":"standard","meta":{"advanced_seo_description":"","jetpack_seo_html_title":"","jetpack_seo_noindex":false,"fifu_image_url":"","fifu_image_alt":"","_jetpack_memberships_contains_paid_content":false,"footnotes":"","jetpack_publicize_message":"","jetpack_publicize_feature_enabled":true,"jetpack_social_post_already_shared":true,"jetpack_social_options":{"image_generator_settings":{"template":"highway","default_image_id":0,"font":"","enabled":false},"version":2}},"categories":[106,1],"tags":[],"class_list":{"0":"post-3275","1":"post","2":"type-post","3":"status-publish","4":"format-standard","6":"category-politica","7":"category-uncategorized"},"jetpack_publicize_connections":[],"jetpack_featured_media_url":"","jetpack_sharing_enabled":true,"jetpack-related-posts":[],"_links":{"self":[{"href":"https:\/\/friburgonoticias.com.br\/temp\/wp-json\/wp\/v2\/posts\/3275","targetHints":{"allow":["GET"]}}],"collection":[{"href":"https:\/\/friburgonoticias.com.br\/temp\/wp-json\/wp\/v2\/posts"}],"about":[{"href":"https:\/\/friburgonoticias.com.br\/temp\/wp-json\/wp\/v2\/types\/post"}],"author":[{"embeddable":true,"href":"https:\/\/friburgonoticias.com.br\/temp\/wp-json\/wp\/v2\/users\/3"}],"replies":[{"embeddable":true,"href":"https:\/\/friburgonoticias.com.br\/temp\/wp-json\/wp\/v2\/comments?post=3275"}],"version-history":[{"count":0,"href":"https:\/\/friburgonoticias.com.br\/temp\/wp-json\/wp\/v2\/posts\/3275\/revisions"}],"wp:attachment":[{"href":"https:\/\/friburgonoticias.com.br\/temp\/wp-json\/wp\/v2\/media?parent=3275"}],"wp:term":[{"taxonomy":"category","embeddable":true,"href":"https:\/\/friburgonoticias.com.br\/temp\/wp-json\/wp\/v2\/categories?post=3275"},{"taxonomy":"post_tag","embeddable":true,"href":"https:\/\/friburgonoticias.com.br\/temp\/wp-json\/wp\/v2\/tags?post=3275"}],"curies":[{"name":"wp","href":"https:\/\/api.w.org\/{rel}","templated":true}]}}