{"id":3303,"date":"2025-08-25T18:40:07","date_gmt":"2025-08-25T18:40:07","guid":{"rendered":"https:\/\/friburgonoticias.com.br\/temp\/2025\/08\/25\/festival-os-sons-do-brasil-anuncia-edicao-2025-com-sandra-de-sa-russo-passapusso-azymuth-e-mais-atracoes-em-ouro-preto-e-mariana\/"},"modified":"2025-08-25T18:40:07","modified_gmt":"2025-08-25T18:40:07","slug":"festival-os-sons-do-brasil-anuncia-edicao-2025-com-sandra-de-sa-russo-passapusso-azymuth-e-mais-atracoes-em-ouro-preto-e-mariana","status":"publish","type":"post","link":"https:\/\/friburgonoticias.com.br\/temp\/2025\/08\/25\/festival-os-sons-do-brasil-anuncia-edicao-2025-com-sandra-de-sa-russo-passapusso-azymuth-e-mais-atracoes-em-ouro-preto-e-mariana\/","title":{"rendered":"Festival Os Sons do Brasil anuncia edi\u00e7\u00e3o 2025 com Sandra de S\u00e1, Russo Passapusso, Azymuth e mais atra\u00e7\u00f5es em Ouro Preto e Mariana"},"content":{"rendered":"<p><\/p>\n<h2 class=\"elementor-heading-title elementor-size-default\">Festival Os Sons do Brasil anuncia edi\u00e7\u00e3o 2025 com Sandra de S\u00e1, Russo Passapusso, Azymuth e mais atra\u00e7\u00f5es em Ouro Preto e Mariana<\/h2>\n<\/p>\n<div data-id=\"e4a9c54\" data-element_type=\"widget\" data-widget_type=\"theme-post-content.default\">\n<p><em>O evento gratuito, patrocinado pela J. Mendes, \u00a0ser\u00e1 realizado entre agosto e setembro e re\u00fane tradi\u00e7\u00e3o e contemporaneidade em cidades da regi\u00e3o<\/em><\/p>\n<p>\u201cImagine uma onda que n\u00e3o vem do mar, mas do tambor. Uma corrente de som que atravessa o corpo, estremece o ch\u00e3o e colore o ar\u201d. \u00c9 com esse sentimento que o Festival Os Sons do Brasil, patrocinado pela J. Mendes, retorna \u00e0 regi\u00e3o dos Inconfidentes com uma programa\u00e7\u00e3o potente, diversa e gratuita. Entre os dias 20 e 31 de agosto, o evento ocupa o Museu Boulieu, em Ouro Preto, e segue para o Museu de Mariana entre os dias 5 e 7 de setembro, celebrando a pluralidade sonora que marca a m\u00fasica brasileira.<\/p>\n<p>A edi\u00e7\u00e3o deste ano traz ao palco de Ouro preto grandes nomes da cena nacional, como Sandra de S\u00e1, Russo Passapusso &amp; Minist\u00e9rio P\u00fablico Sound System, Azymuth e Carlos Daf\u00e9, ao lado de artistas que renovam e reinventam a m\u00fasica brasileira como Jazz das Minas, Big Band Cefart,\u00a0 DigitalDubs e Sabrina Malheiros. Em Mariana, artistas como Carla Sceno , Allan Abbadia, IF\u00c8sta, Silas Prado, Manoel Cordeiro e Filipe Cordeiro, j\u00e1 est\u00e3o confirmados.<\/p>\n<p>Desde sua cria\u00e7\u00e3o, o festival j\u00e1 recebeu mais de 300 artistas e envolveu dezenas de milhares de pessoas, consolidando-se como uma plataforma de difus\u00e3o cultural, encontro e escuta ativa. Mais do que um festival, Os Sons do Brasil \u00e9 um movimento que articula arte, mem\u00f3ria e territ\u00f3rio, promovendo experi\u00eancias \u00fanicas em di\u00e1logo com o patrim\u00f4nio das cidades hist\u00f3ricas.<\/p>\n<p>Em edi\u00e7\u00f5es anteriores, j\u00e1 passaram pelos palcos do festival nomes como Chico C\u00e9sar, Karol Conk\u00e1, Hamilton de Holanda, Mart\u2019n\u00e1lia, Z\u00e9 Ibarra, Tim Bernardes, Marcos Valle, Toninho Horta, A Cor do Som, Gabriel Sater, Mestrinho e Jaques Morelenbaum. Cada apresenta\u00e7\u00e3o amplia o repert\u00f3rio sens\u00edvel do p\u00fablico e fortalece os v\u00ednculos entre arte e territ\u00f3rio.<\/p>\n<p>Para 2025, o festival se reafirma como um espa\u00e7o de celebra\u00e7\u00e3o e reconhecimento. A proposta \u00e9 mais do que ouvir: \u00e9 sentir e vibrar. Entre tambores de terreiro, cordas dedilhadas e cantos que v\u00eam da rua e da saudade, Os Sons do Brasil convida o p\u00fablico a mergulhar numa identidade sonora feita de muitas curvas, cores e hist\u00f3rias.<\/p>\n<p>\u201cSeguimos acreditando que a m\u00fasica brasileira \u00e9 um elo poderoso entre pessoas, mem\u00f3rias e territ\u00f3rios. Nesta edi\u00e7\u00e3o, queremos aprofundar ainda mais esse di\u00e1logo entre tradi\u00e7\u00e3o e inova\u00e7\u00e3o, ocupando espa\u00e7os hist\u00f3ricos com sons que falam do presente, mas que carregam ra\u00edzes profundas. Os Sons do Brasil \u00e9 um convite \u00e0 escuta, ao encontro e ao reconhecimento da nossa diversidade sonora como patrim\u00f4nio vivo\u201d, afirma Fernanda Bento, idealizadora e coordenadora geral do Festival Os Sons do Brasil.<\/p>\n<p>O Festival Os Sons do Brasil \u00e9 uma realiza\u00e7\u00e3o da Bento Produ\u00e7\u00e3o Cultural, via Lei Federal de Incentivo \u00e0 Cultura, Governo Federal \u2013 Uni\u00e3o e Reconstru\u00e7\u00e3o com o patroc\u00ednio master do Instituto Cultural Vale, patroc\u00ednio da J. Mendes, e apoio da Prefeitura de Ouro Preto, Prefeitura de Mariana, Museu Boulieu e do Museu de Mariana.<\/p>\n<p><strong>Programa\u00e7\u00e3o \u2013 AGOSTO 2025 \/ FESTIVAL OS SONS DO BRASIL<\/strong><\/p>\n<p><strong>28 de agosto (quinta-feira) \u2013 \u00e0s 13h30<\/strong><\/p>\n<p>Passagem de Mariana \u2013 Trupe Sons do Brasil<\/p>\n<p><strong>29 de agosto (sexta-feira) \u2013 a partir das 19h30<\/strong><\/p>\n<p>DJ P\u00e1trida<\/p>\n<p>Big Band Cefart Pal\u00e1cio das Artes<\/p>\n<p>Sandra S\u00e1<\/p>\n<p><strong>30 de agosto (s\u00e1bado) \u2013 a partir das 15h<\/strong><\/p>\n<p>Cortejo Sons do Brasil<\/p>\n<p>a partir das 19h30<\/p>\n<p>DJ P\u00e1trida<\/p>\n<p>Jazz das Minas<\/p>\n<p>Azymuth convida Sabrina Malheiros<\/p>\n<p>Carlos Daf\u00e9<\/p>\n<p><strong>31 de agosto (domingo) \u2013 a partir das 15h<\/strong><\/p>\n<p>DigitalDubs<\/p>\n<p>Russo Passapusso &amp; Ministereo P\u00fablico SoundSystem<\/p>\n<p><strong>Festival Os Sons do Brasil<\/strong><\/p>\n<p>Data: Dias 29, 30 e 31 de agosto e 05, 06 e 07 de setembro.<\/p>\n<p>Locais: Museu de Mariana e Museu Boulieu<\/p>\n<p>ENTRADA FRANCA \u2013 RETIRADA NO SYMPLA<\/p>\n<p><strong>Sobre a J. Mendes<\/strong><\/p>\n<p>Mineradora fundada pelo empres\u00e1rio mineiro Jos\u00e9 Mendes Nogueira em dezembro de 1966, a J. Mendes celebra mais de cinco d\u00e9cadas de atua\u00e7\u00e3o no mercado. Com uma trajet\u00f3ria marcada por inova\u00e7\u00e3o, responsabilidade corporativa e compromisso com o desenvolvimento do Brasil, se destaca como uma das empresas mais reconhecidas do pa\u00eds.<\/p>\n<p>A J. Mendes expandiu suas opera\u00e7\u00f5es ao longo dos anos, diversificando seus neg\u00f3cios para abranger os segmentos de Minera\u00e7\u00e3o, Agroneg\u00f3cio, Avia\u00e7\u00e3o, Gest\u00e3o de Im\u00f3veis e Terminais. Essa estrat\u00e9gia permitiu \u00e0 empresa se adaptar \u00e0s mudan\u00e7as do mercado e se posicionar como l\u00edder em m\u00faltiplos setores.\n                <\/p><\/div>\n<p><\/a><\/p>\n<p>Fonte: territorionoticias.com.br<\/p>\n","protected":false},"excerpt":{"rendered":"<p>Festival Os Sons do Brasil anuncia edi\u00e7\u00e3o 2025 com Sandra de S\u00e1, Russo Passapusso, Azymuth e mais atra\u00e7\u00f5es em Ouro Preto e Mariana O evento gratuito, patrocinado pela J. Mendes, \u00a0ser\u00e1 realizado entre agosto e setembro e re\u00fane tradi\u00e7\u00e3o e contemporaneidade em cidades da regi\u00e3o \u201cImagine uma onda que n\u00e3o vem do mar, mas do [&hellip;]<\/p>\n","protected":false},"author":3,"featured_media":3304,"comment_status":"open","ping_status":"open","sticky":false,"template":"","format":"standard","meta":{"advanced_seo_description":"","jetpack_seo_html_title":"","jetpack_seo_noindex":false,"fifu_image_url":"https:\/\/territorionoticias.com.br\/wp-content\/uploads\/2025\/08\/WhatsApp-Image-2025-08-18-at-21.41.05-e1756147180593.jpeg","fifu_image_alt":"","_jetpack_memberships_contains_paid_content":false,"footnotes":"","jetpack_publicize_message":"","jetpack_publicize_feature_enabled":true,"jetpack_social_post_already_shared":true,"jetpack_social_options":{"image_generator_settings":{"template":"highway","default_image_id":0,"font":"","enabled":false},"version":2}},"categories":[105],"tags":[],"class_list":{"0":"post-3303","1":"post","2":"type-post","3":"status-publish","4":"format-standard","5":"has-post-thumbnail","7":"category-entretenimento"},"jetpack_publicize_connections":[],"jetpack_featured_media_url":"https:\/\/i0.wp.com\/territorionoticias.com.br\/wp-content\/uploads\/2025\/08\/WhatsApp-Image-2025-08-18-at-21.41.05-e1756147180593.jpeg?fit=%2C&ssl=1","jetpack_sharing_enabled":true,"jetpack-related-posts":[],"_links":{"self":[{"href":"https:\/\/friburgonoticias.com.br\/temp\/wp-json\/wp\/v2\/posts\/3303","targetHints":{"allow":["GET"]}}],"collection":[{"href":"https:\/\/friburgonoticias.com.br\/temp\/wp-json\/wp\/v2\/posts"}],"about":[{"href":"https:\/\/friburgonoticias.com.br\/temp\/wp-json\/wp\/v2\/types\/post"}],"author":[{"embeddable":true,"href":"https:\/\/friburgonoticias.com.br\/temp\/wp-json\/wp\/v2\/users\/3"}],"replies":[{"embeddable":true,"href":"https:\/\/friburgonoticias.com.br\/temp\/wp-json\/wp\/v2\/comments?post=3303"}],"version-history":[{"count":0,"href":"https:\/\/friburgonoticias.com.br\/temp\/wp-json\/wp\/v2\/posts\/3303\/revisions"}],"wp:featuredmedia":[{"embeddable":true,"href":"https:\/\/friburgonoticias.com.br\/temp\/wp-json\/wp\/v2\/media\/3304"}],"wp:attachment":[{"href":"https:\/\/friburgonoticias.com.br\/temp\/wp-json\/wp\/v2\/media?parent=3303"}],"wp:term":[{"taxonomy":"category","embeddable":true,"href":"https:\/\/friburgonoticias.com.br\/temp\/wp-json\/wp\/v2\/categories?post=3303"},{"taxonomy":"post_tag","embeddable":true,"href":"https:\/\/friburgonoticias.com.br\/temp\/wp-json\/wp\/v2\/tags?post=3303"}],"curies":[{"name":"wp","href":"https:\/\/api.w.org\/{rel}","templated":true}]}}