{"id":3319,"date":"2025-08-25T23:29:34","date_gmt":"2025-08-25T23:29:34","guid":{"rendered":"https:\/\/friburgonoticias.com.br\/temp\/2025\/08\/25\/comissao-aprova-proposta-para-obrigar-uso-de-audiodescricao-em-eventos-do-poder-publico-noticias\/"},"modified":"2025-08-25T23:29:34","modified_gmt":"2025-08-25T23:29:34","slug":"comissao-aprova-proposta-para-obrigar-uso-de-audiodescricao-em-eventos-do-poder-publico-noticias","status":"publish","type":"post","link":"https:\/\/friburgonoticias.com.br\/temp\/2025\/08\/25\/comissao-aprova-proposta-para-obrigar-uso-de-audiodescricao-em-eventos-do-poder-publico-noticias\/","title":{"rendered":"Comiss\u00e3o aprova proposta para obrigar uso de audiodescri\u00e7\u00e3o em eventos do poder p\u00fablico &#8211; Not\u00edcias"},"content":{"rendered":"<p><\/p>\n<div>\n<p class=\"g-artigo__data-hora\">\n                      25\/08\/2025 &#8211; 20:18 \u00a0\n                    <\/p>\n<div id=\"image-container-1192805\" class=\"image-container\" style=\"float: none; margin: 45px 0px; width: 100%;\" data-midia=\"1192805\">\n        <em>Vinicius Loures \/ C\u00e2mara dos Deputados<\/em><\/p>\n<p>        Sidney Leite, relator da proposta na comiss\u00e3o\n        <\/p><\/div>\n<p>        A Comiss\u00e3o de Administra\u00e7\u00e3o e Servi\u00e7o P\u00fablico da C\u00e2mara dos Deputados aprovou o <a class=\"linkProposicao\" href=\"https:\/\/www.camara.leg.br\/noticias\/1038226-projeto-torna-obrigatorio-o-uso-do-recurso-da-audiodescricao-em-eventos-do-poder-publico\">Projeto de Lei 5594\/23<\/a>, que torna obrigat\u00f3rio o uso de audiodescri\u00e7\u00e3o nas sess\u00f5es plen\u00e1rias e nos eventos do poder p\u00fablico. Atualmente, a legisla\u00e7\u00e3o prev\u00ea diversas formas de intera\u00e7\u00e3o dos cidad\u00e3os com defici\u00eancia, como a L\u00edngua Brasileira de Sinais (Libras), o Braille, o sistema de sinaliza\u00e7\u00e3o ou de comunica\u00e7\u00e3o t\u00e1til, os caracteres ampliados e os dispositivos multim\u00eddia.<br \/>\n        O projeto, da deputada Dayany Bittencourt (Uni\u00e3o-CE), estabelece que os poderes Executivo, Legislativo e Judici\u00e1rio promovam a acessibilidade nas sess\u00f5es plen\u00e1rias, comunicados e propagandas transmitidas por \u00e1udio e v\u00eddeo nos canais de televis\u00e3o ou pela internet. A proposta inclui a mudan\u00e7a no <a href=\"https:\/\/www2.camara.leg.br\/legin\/fed\/lei\/2015\/lei-13146-6-julho-2015-781174-norma-pl.html\">Estatuto da Pessoa com Defici\u00eancia<\/a>.<br \/>\n        <strong>Sala de aula<\/strong><br \/>A proposta tamb\u00e9m prev\u00ea oferta de audiodescri\u00e7\u00e3o no sistema educacional, al\u00e9m dos j\u00e1 previstos ensinos de Libras e Braille e do uso de recursos de tecnologia assistiva, com o objetivo de ampliar habilidades funcionais dos estudantes.<br \/>\n        Para o relator, deputado Sidney Leite (PSD-AM), a audiodescri\u00e7\u00e3o, em conjunto com outras tecnologias assistivas, pode proporcionar \u00e0s pessoas com defici\u00eancia visual condi\u00e7\u00f5es para realizarem atividades pedag\u00f3gicas com autonomia, potencializando aprendizagem e desenvolvimento. &#8220;Fica evidente a import\u00e2ncia do uso da audiodescri\u00e7\u00e3o nas intera\u00e7\u00f5es pedag\u00f3gicas com estudantes com defici\u00eancia visual&#8221;, disse.<br \/>\n        Sidney Leite apresentou <span id=\"4028\" class=\"termoGlossario\" title=\"Proposta para alterar, no todo ou em parte, o texto de um projeto de lei submetido \u00e0 discuss\u00e3o ou vota\u00e7\u00e3o.\" contenteditable=\"false\" data-toggle=\"tooltip\" data-placement=\"top\">emenda<\/span> ao texto para destacar a audiodescri\u00e7\u00e3o como recurso de tecnologia assistiva. &#8220;Com isso, ela deixa de ter um car\u00e1ter meramente exemplificativo, passando sua oferta a integrar claramente o rol de incumb\u00eancias do poder p\u00fablico e das institui\u00e7\u00f5es privadas em mat\u00e9ria de educa\u00e7\u00e3o&#8221;, argumentou o relator.<br \/>\n        <strong>Pr\u00f3ximos passos<\/strong><br \/>O projeto ainda ser\u00e1 analisado em <span id=\"4322\" class=\"termoGlossario\" title=\"Rito de tramita\u00e7\u00e3o pelo qual o projeto \u00e9 votado apenas pelas comiss\u00f5es designadas para analis\u00e1-lo, dispensada a delibera\u00e7\u00e3o do Plen\u00e1rio. O projeto perde o car\u00e1ter conclusivo se houver decis\u00e3o divergente entre as comiss\u00f5es ou se, independentemente de ser aprovado ou rejeitado, houver recurso assinado por 52 deputados para a aprecia\u00e7\u00e3o da mat\u00e9ria no Plen\u00e1rio.\" contenteditable=\"false\" data-toggle=\"tooltip\" data-placement=\"top\">car\u00e1ter conclusivo<\/span> pelas comiss\u00f5es de Defesa dos Direitos das Pessoas com Defici\u00eancia; de Finan\u00e7as e Tributa\u00e7\u00e3o; e de Constitui\u00e7\u00e3o e Justi\u00e7a e de Cidadania.<br \/>\n        Para virar lei, a proposta precisa ser aprovada pela C\u00e2mara e pelo Senado.<br \/>\n        <a href=\"https:\/\/www.camara.leg.br\/noticias\/573454-SAIBA-MAIS-SOBRE-A-TRAMITACAO-DE-PROJETOS-DE-LEI\">Saiba mais sobre a tramita\u00e7\u00e3o de projetos de lei<\/a><\/p>\n<p style=\"font-size: 0.8rem; font-weight: 700;\">Reportagem &#8211; Tiago Miranda<br \/>Edi\u00e7\u00e3o &#8211; Ana Chalub<\/p>\n<\/p><\/div>\n<p><\/a><\/p>\n<p>Fonte: www.camara.leg.br<\/p>\n","protected":false},"excerpt":{"rendered":"<p>25\/08\/2025 &#8211; 20:18 \u00a0 Vinicius Loures \/ C\u00e2mara dos Deputados Sidney Leite, relator da proposta na comiss\u00e3o A Comiss\u00e3o de Administra\u00e7\u00e3o e Servi\u00e7o P\u00fablico da C\u00e2mara dos Deputados aprovou o Projeto de Lei 5594\/23, que torna obrigat\u00f3rio o uso de audiodescri\u00e7\u00e3o nas sess\u00f5es plen\u00e1rias e nos eventos do poder p\u00fablico. Atualmente, a legisla\u00e7\u00e3o prev\u00ea diversas [&hellip;]<\/p>\n","protected":false},"author":3,"featured_media":3320,"comment_status":"open","ping_status":"open","sticky":false,"template":"","format":"standard","meta":{"advanced_seo_description":"","jetpack_seo_html_title":"","jetpack_seo_noindex":false,"fifu_image_url":"https:\/\/www.camara.leg.br\/midias\/image\/2025\/08\/img20250820102206779-768x473.jpg","fifu_image_alt":"","_jetpack_memberships_contains_paid_content":false,"footnotes":"","jetpack_publicize_message":"","jetpack_publicize_feature_enabled":true,"jetpack_social_post_already_shared":true,"jetpack_social_options":{"image_generator_settings":{"template":"highway","default_image_id":0,"font":"","enabled":false},"version":2}},"categories":[106,1],"tags":[],"class_list":{"0":"post-3319","1":"post","2":"type-post","3":"status-publish","4":"format-standard","5":"has-post-thumbnail","7":"category-politica","8":"category-uncategorized"},"jetpack_publicize_connections":[],"jetpack_featured_media_url":"https:\/\/i0.wp.com\/www.camara.leg.br\/midias\/image\/2025\/08\/img20250820102206779-768x473.jpg?fit=%2C&ssl=1","jetpack_sharing_enabled":true,"jetpack-related-posts":[],"_links":{"self":[{"href":"https:\/\/friburgonoticias.com.br\/temp\/wp-json\/wp\/v2\/posts\/3319","targetHints":{"allow":["GET"]}}],"collection":[{"href":"https:\/\/friburgonoticias.com.br\/temp\/wp-json\/wp\/v2\/posts"}],"about":[{"href":"https:\/\/friburgonoticias.com.br\/temp\/wp-json\/wp\/v2\/types\/post"}],"author":[{"embeddable":true,"href":"https:\/\/friburgonoticias.com.br\/temp\/wp-json\/wp\/v2\/users\/3"}],"replies":[{"embeddable":true,"href":"https:\/\/friburgonoticias.com.br\/temp\/wp-json\/wp\/v2\/comments?post=3319"}],"version-history":[{"count":0,"href":"https:\/\/friburgonoticias.com.br\/temp\/wp-json\/wp\/v2\/posts\/3319\/revisions"}],"wp:featuredmedia":[{"embeddable":true,"href":"https:\/\/friburgonoticias.com.br\/temp\/wp-json\/wp\/v2\/media\/3320"}],"wp:attachment":[{"href":"https:\/\/friburgonoticias.com.br\/temp\/wp-json\/wp\/v2\/media?parent=3319"}],"wp:term":[{"taxonomy":"category","embeddable":true,"href":"https:\/\/friburgonoticias.com.br\/temp\/wp-json\/wp\/v2\/categories?post=3319"},{"taxonomy":"post_tag","embeddable":true,"href":"https:\/\/friburgonoticias.com.br\/temp\/wp-json\/wp\/v2\/tags?post=3319"}],"curies":[{"name":"wp","href":"https:\/\/api.w.org\/{rel}","templated":true}]}}