{"id":3325,"date":"2025-08-26T01:01:58","date_gmt":"2025-08-26T01:01:58","guid":{"rendered":"https:\/\/friburgonoticias.com.br\/temp\/2025\/08\/26\/caiado-agenda-renuncia-ao-governo-de-goias-para-marco\/"},"modified":"2025-08-26T01:01:58","modified_gmt":"2025-08-26T01:01:58","slug":"caiado-agenda-renuncia-ao-governo-de-goias-para-marco","status":"publish","type":"post","link":"https:\/\/friburgonoticias.com.br\/temp\/2025\/08\/26\/caiado-agenda-renuncia-ao-governo-de-goias-para-marco\/","title":{"rendered":"Caiado agenda ren\u00fancia ao governo de Goi\u00e1s para mar\u00e7o"},"content":{"rendered":"<br><p><\/p>\n<p>O governador de Goi\u00e1s, Ronaldo Caiado (Uni\u00e3o Brasil), definiu a data em que deixar\u00e1 o comando do Estado para disputar as elei\u00e7\u00f5es de 2026. A ren\u00fancia est\u00e1 prevista para o dia 31 de mar\u00e7o do pr\u00f3ximo ano, de acordo com a <em>Folha de S.Paulo<\/em>. O pol\u00edtico pretende se lan\u00e7ar candidato \u00e0 Presid\u00eancia da Rep\u00fablica, embora aliados avaliem que ele tamb\u00e9m pode concorrer em uma chapa como vice-presidente ou disputar uma vaga no Senado.<\/p>\n<p><\/p>\n<p><\/p>\n<p><strong>+ Leia mais not\u00edcias de\u00a0<a href=\"https:\/\/revistaoeste.com\/politica\/\" target=\"_blank\" rel=\"noreferrer noopener\">Pol\u00edtica<\/a>\u00a0em Oeste<\/strong><\/p>\n<p><\/p>\n<p><\/p>\n<p>A decis\u00e3o de marcar a sa\u00edda do cargo foi alinhada ao calend\u00e1rio de eventos que antecedem o fim de mar\u00e7o. Antes de entregar o posto, Caiado quer estar presente em duas atividades consideradas relevantes para o Estado. A primeira \u00e9 a realiza\u00e7\u00e3o de uma etapa da MotoGP em Goi\u00e2nia, entre os dias 20 e 22. A competi\u00e7\u00e3o \u00e9 a principal categoria mundial do motociclismo e volta ao Brasil depois de mais de 20 anos.<\/p>\n<p><\/p>\n<p><\/p>\n<p>O segundo compromisso \u00e9 o encontro nacional de muladeiros, que ocorre de 25 a 30 de mar\u00e7o. A tradi\u00e7\u00e3o re\u00fane tropeiros que percorrem longas dist\u00e2ncias montados em <a href=\"https:\/\/radios.ebc.com.br\/brasil-rural\/2022\/05\/doma-se-faz-com-carinho-destaque-para-os-muares\" target=\"_blank\" rel=\"noreferrer noopener\"><strong>mulas<\/strong><\/a>, pr\u00e1tica de ra\u00edzes hist\u00f3ricas ligadas ao transporte de mercadorias no interior do pa\u00eds. A edi\u00e7\u00e3o prevista para 2026 deve receber at\u00e9 30 mil pessoas na capital goiana, segundo estimativas dos organizadores.<\/p>\n<p><\/p>\n<p><\/p>\n<h2 class=\"wp-block-heading\" id=\"h-trajetoria-de-caiado\">Trajet\u00f3ria de Caiado<\/h2>\n<p><\/p>\n<p><\/p>\n<p>Com a defini\u00e7\u00e3o da data de ren\u00fancia, Caiado se torna oficialmente um dos nomes do Uni\u00e3o Brasil para a corrida presidencial. A legisla\u00e7\u00e3o eleitoral brasileira exige que governadores que desejam disputar outros cargos deixem suas fun\u00e7\u00f5es at\u00e9 seis meses antes do pleito. Dessa forma, a sa\u00edda em 31 de mar\u00e7o cumpre a exig\u00eancia legal e abre espa\u00e7o para articula\u00e7\u00f5es sobre o futuro pol\u00edtico do governador.<\/p>\n<p><\/p>\n<p><\/p>\n<p>Aliados pr\u00f3ximos afirmam que o objetivo de Caiado \u00e9 buscar a <a href=\"https:\/\/revistaoeste.com\/politica\/caiado-confirma-candidatura-a-presidencia-em-2026\/\" target=\"_blank\" rel=\"noreferrer noopener\"><strong>Presid\u00eancia<\/strong><\/a>, mas reconhecem que as conversas sobre alian\u00e7as partid\u00e1rias podem alterar a posi\u00e7\u00e3o do pol\u00edtico na disputa. Uma alternativa considerada \u00e9 a participa\u00e7\u00e3o como vice em uma chapa majorit\u00e1ria. Outra possibilidade \u00e9 a candidatura ao Senado.<\/p>\n<p><\/p>\n<p><div class=\"wp-block-image\"><\/p>\n<figure class=\"aligncenter size-full is-resized\"><img decoding=\"async\" src=\"https:\/\/medias.revistaoeste.com\/wp-content\/uploads\/2025\/04\/c1499eb1caiadobolsonaro1200x675_67f2f27ee6620.jpg\" alt=\"O ex-presidente Jair Bolsonaro e o governador Ronaldo Caiado (Uni\u00e3o-GO) | Foto: Extra\u00e7\u00e3o redes sociais\" class=\"wp-image-1950706\" style=\"width:758px;height:auto\" \/><figcaption class=\"wp-element-caption\">O ex-presidente Jair Bolsonaro e o governador Ronaldo Caiado (Uni\u00e3o-GO) | Foto: Redes sociais <\/figcaption><\/figure>\n<p><\/div><\/p>\n<p><\/p>\n<p>Caiado j\u00e1 disputou a Presid\u00eancia da Rep\u00fablica em 1989, quando obteve pouco menos de 1% dos votos v\u00e1lidos pelo Partido Social Democr\u00e1tico. Anos mais tarde, em 2014, foi eleito senador por Goi\u00e1s com mais de 1,2 milh\u00e3o de votos, exercendo o mandato at\u00e9 2019, quando deixou a vaga para assumir o governo estadual.<\/p>\n<p><\/p>\n<p><\/p>\n<p><strong>Leia tamb\u00e9m:\u00a0<a href=\"https:\/\/revistaoeste.com\/revista\/edicao-241\/a-farsa-da-direita-permitida\/\" target=\"_blank\" rel=\"noreferrer noopener\">\u201cA farsa da direita \u2018permitida&#8217;\u201d<\/a>, artigo de Ubiratan Jorge Iorio publicado na Edi\u00e7\u00e3o 241 da Revista Oeste<\/strong><\/p>\n<p><\/p>\n<p>O post <a href=\"https:\/\/revistaoeste.com\/politica\/caiado-agenda-renuncia-ao-governo-de-goias-para-marco\/\">Caiado agenda ren\u00fancia ao governo de Goi\u00e1s para mar\u00e7o<\/a> apareceu primeiro em <a href=\"https:\/\/revistaoeste.com\">Revista Oeste<\/a>.<\/p>\r\n<br><\/a>\r\n\r\nFonte: revistaoeste.com ","protected":false},"excerpt":{"rendered":"<p>O governador de Goi\u00e1s, Ronaldo Caiado (Uni\u00e3o Brasil), definiu a data em que deixar\u00e1 o comando do Estado para disputar as elei\u00e7\u00f5es de 2026. A ren\u00fancia est\u00e1 prevista para o dia 31 de mar\u00e7o do pr\u00f3ximo ano, de acordo com a Folha de S.Paulo. O pol\u00edtico pretende se lan\u00e7ar candidato \u00e0 Presid\u00eancia da Rep\u00fablica, embora [&hellip;]<\/p>\n","protected":false},"author":3,"featured_media":3326,"comment_status":"open","ping_status":"open","sticky":false,"template":"","format":"standard","meta":{"advanced_seo_description":"","jetpack_seo_html_title":"","jetpack_seo_noindex":false,"fifu_image_url":"https:\/\/medias.revistaoeste.com\/wp-content\/uploads\/2025\/04\/c1499eb1caiadobolsonaro1200x675_67f2f27ee6620.jpg","fifu_image_alt":"","_jetpack_memberships_contains_paid_content":false,"footnotes":"","jetpack_publicize_message":"","jetpack_publicize_feature_enabled":true,"jetpack_social_post_already_shared":true,"jetpack_social_options":{"image_generator_settings":{"template":"highway","default_image_id":0,"font":"","enabled":false},"version":2}},"categories":[106,1],"tags":[],"class_list":{"0":"post-3325","1":"post","2":"type-post","3":"status-publish","4":"format-standard","5":"has-post-thumbnail","7":"category-politica","8":"category-uncategorized"},"jetpack_publicize_connections":[],"jetpack_featured_media_url":"https:\/\/i0.wp.com\/medias.revistaoeste.com\/wp-content\/uploads\/2025\/04\/c1499eb1caiadobolsonaro1200x675_67f2f27ee6620.jpg?fit=%2C&ssl=1","jetpack_sharing_enabled":true,"jetpack-related-posts":[],"_links":{"self":[{"href":"https:\/\/friburgonoticias.com.br\/temp\/wp-json\/wp\/v2\/posts\/3325","targetHints":{"allow":["GET"]}}],"collection":[{"href":"https:\/\/friburgonoticias.com.br\/temp\/wp-json\/wp\/v2\/posts"}],"about":[{"href":"https:\/\/friburgonoticias.com.br\/temp\/wp-json\/wp\/v2\/types\/post"}],"author":[{"embeddable":true,"href":"https:\/\/friburgonoticias.com.br\/temp\/wp-json\/wp\/v2\/users\/3"}],"replies":[{"embeddable":true,"href":"https:\/\/friburgonoticias.com.br\/temp\/wp-json\/wp\/v2\/comments?post=3325"}],"version-history":[{"count":0,"href":"https:\/\/friburgonoticias.com.br\/temp\/wp-json\/wp\/v2\/posts\/3325\/revisions"}],"wp:featuredmedia":[{"embeddable":true,"href":"https:\/\/friburgonoticias.com.br\/temp\/wp-json\/wp\/v2\/media\/3326"}],"wp:attachment":[{"href":"https:\/\/friburgonoticias.com.br\/temp\/wp-json\/wp\/v2\/media?parent=3325"}],"wp:term":[{"taxonomy":"category","embeddable":true,"href":"https:\/\/friburgonoticias.com.br\/temp\/wp-json\/wp\/v2\/categories?post=3325"},{"taxonomy":"post_tag","embeddable":true,"href":"https:\/\/friburgonoticias.com.br\/temp\/wp-json\/wp\/v2\/tags?post=3325"}],"curies":[{"name":"wp","href":"https:\/\/api.w.org\/{rel}","templated":true}]}}