{"id":3327,"date":"2025-08-26T04:21:28","date_gmt":"2025-08-26T04:21:28","guid":{"rendered":"https:\/\/friburgonoticias.com.br\/temp\/2025\/08\/26\/pf-apura-suspeitas-de-corrupcao-na-cop30\/"},"modified":"2025-08-26T04:21:28","modified_gmt":"2025-08-26T04:21:28","slug":"pf-apura-suspeitas-de-corrupcao-na-cop30","status":"publish","type":"post","link":"https:\/\/friburgonoticias.com.br\/temp\/2025\/08\/26\/pf-apura-suspeitas-de-corrupcao-na-cop30\/","title":{"rendered":"PF apura suspeitas de corrup\u00e7\u00e3o na COP30"},"content":{"rendered":"<br><p><\/p>\n<p>A Pol\u00edcia Federal (PF) investiga um grupo suspeito de praticar lavagem de dinheiro. A manobra envolveria contratos do governo do Par\u00e1 em obras ligadas principalmente \u00e0 COP30, confer\u00eancia clim\u00e1tica prevista para novembro, em Bel\u00e9m. Segundo o jornal <em>Folha de S.Paulo<\/em>, a investiga\u00e7\u00e3o indica a exist\u00eancia de um esquema sob influ\u00eancia do comandante-geral da Pol\u00edcia Militar e dois secret\u00e1rios da gest\u00e3o do <a href=\"https:\/\/revistaoeste.com\/?s=Helder+Barbalho\"><strong>governador Helder Barbalho (MDB)<\/strong><\/a>.<\/p>\n<p><\/p>\n<p><\/p>\n<figure class=\"wp-block-embed is-type-rich is-provider-twitter wp-block-embed-twitter\">\n<div class=\"wp-block-embed__wrapper\">\n<div class=\"embed-twitter\"><blockquote class=\"twitter-tweet\" data-width=\"550\" data-dnt=\"true\"><p lang=\"pt\" dir=\"ltr\">VEJAM, at\u00e9 agora a rua Estela no bairro da Pedreira em Bel\u00e9m, continua uma vergonha.<br> O Prefeito IGOR Normando chegou a fazer um v\u00eddeo prometendo melhoria na \u00e1rea mas at\u00e9 agora nada. Video, publicado no perfil do IG do radialista Jefferson Lima. <a href=\"https:\/\/t.co\/AiuKeSyi9D\">pic.twitter.com\/AiuKeSyi9D<\/a><\/p>&mdash; Not\u00edcias do Par\u00e1 (@NoticiasdoPARA) <a href=\"https:\/\/twitter.com\/NoticiasdoPARA\/status\/1960046413032657167?ref_src=twsrc%5Etfw\">August 25, 2025<\/a><\/blockquote><script async src=\"https:\/\/platform.twitter.com\/widgets.js\" charset=\"utf-8\"><\/script><\/div>\n<\/div>\n<\/figure>\n<p><\/p>\n<p><\/p>\n<p>As apura\u00e7\u00f5es apontam que integrantes do grupo chegaram a levar R$ 180 mil em esp\u00e9cie para reuni\u00f5es na Assembleia Legislativa do Par\u00e1 em 2024. De acordo com a PF, a organiza\u00e7\u00e3o criminosa teria a lideran\u00e7a do deputado federal Antonio Leoc\u00e1dio dos Santos, conhecido como Ant\u00f4nio Doido (MDB-PA). Ele contaria com o apoio do coronel da PM paraense Francisco de Assis Galhardo. Policiais armados faziam parte do grupo, de acordo com o inqu\u00e9rito.<\/p>\n<p><\/p>\n<p><\/p>\n<h2 class=\"wp-block-heading\" id=\"h-dinheiro-era-para-obras-de-preparacao-a-cop30\"><strong>Dinheiro era para obras de prepara\u00e7\u00e3o \u00e0 COP30<\/strong><\/h2>\n<p><\/p>\n<p><\/p>\n<p>O caso tramita no Supremo Tribunal Federal (STF), em raz\u00e3o do foro privilegiado do parlamentar. A investiga\u00e7\u00e3o detectou R$ 48,8 milh\u00f5es sacados em esp\u00e9cie durante o per\u00edodo de um ano, a partir das contas da empreiteira J A Construcons. A empresa recebeu R$ 633 milh\u00f5es do governo do Par\u00e1 entre 2020 e 2024.<\/p>\n<p><\/p>\n<p><\/p>\n<p><strong>Leia tamb\u00e9m: <\/strong><a href=\"https:\/\/revistaoeste.com\/politica\/exclusivo-valor-das-diarias-em-navios-de-luxo-para-a-cop30-ultrapassa-r-30-mil\/\" target=\"_blank\" rel=\"noreferrer noopener\"><strong>\u201cValor das di\u00e1rias em navios de luxo para a COP30 ultrapassa R$ 30 mil\u201d<\/strong><\/a><\/p>\n<p><\/p>\n<p><\/p>\n<p>A PF afirma que o coronel Galhardo era o respons\u00e1vel por efetuar os saques. A s\u00f3cia formal da empreiteira \u00e9 Andrea Costa Dantas, mulher de Ant\u00f4nio Doido. Entre os contratos firmados pela J A Construcons est\u00e1 um de R$ 123,4 milh\u00f5es para execu\u00e7\u00e3o de obras de infraestrutura em dois canais e em uma rua de Bel\u00e9m, diretamente vinculados \u00e0 prepara\u00e7\u00e3o da cidade para a COP30.<\/p>\n<p><\/p>\n<p><\/p>\n<figure class=\"wp-block-embed is-type-video is-provider-youtube wp-block-embed-youtube wp-embed-aspect-16-9 wp-has-aspect-ratio\">\n<div class=\"wp-block-embed__wrapper\">\n<iframe loading=\"lazy\" title=\"Lideran\u00e7a panamenha detona organiza\u00e7\u00e3o da COP30: &#039;Inaceit\u00e1vel fingir que est\u00e1 tudo bem&#039;\" width=\"1170\" height=\"658\" src=\"https:\/\/www.youtube.com\/embed\/1D_X7_n91IQ?feature=oembed\" frameborder=\"0\" allow=\"accelerometer; autoplay; clipboard-write; encrypted-media; gyroscope; picture-in-picture; web-share\" referrerpolicy=\"strict-origin-when-cross-origin\" allowfullscreen><\/iframe>\n<\/div>\n<\/figure>\n<p><\/p>\n<p><\/p>\n<p>Em nota, o governo do Par\u00e1 declarou que todas as contrata\u00e7\u00f5es estaduais seguem \u201crigorosamente\u201d os processos licitat\u00f3rios. Da mesma forma, observam princ\u00edpios constitucionais como legalidade e impessoalidade.<\/p>\n<p><\/p>\n<p><\/p>\n<p>+ <strong>Leia mais not\u00edcias de <\/strong><a href=\"https:\/\/revistaoeste.com\/politica\/\" target=\"_blank\" rel=\"noreferrer noopener\"><strong>Pol\u00edtica<\/strong><\/a><strong> na Oeste<\/strong><\/p>\n<p><\/p>\n<p><\/p>\n<p><\/p>\n<p>O post <a href=\"https:\/\/revistaoeste.com\/politica\/pf-apura-suspeitas-de-corrupcao-na-cop30\/\">PF apura suspeitas de corrup\u00e7\u00e3o na COP30<\/a> apareceu primeiro em <a href=\"https:\/\/revistaoeste.com\">Revista Oeste<\/a>.<\/p><script async src=\"https:\/\/platform.twitter.com\/widgets.js\" charset=\"utf-8\"><\/script>\r\n<br><\/a>\r\n\r\nFonte: revistaoeste.com ","protected":false},"excerpt":{"rendered":"<p>A Pol\u00edcia Federal (PF) investiga um grupo suspeito de praticar lavagem de dinheiro. A manobra envolveria contratos do governo do Par\u00e1 em obras ligadas principalmente \u00e0 COP30, confer\u00eancia clim\u00e1tica prevista para novembro, em Bel\u00e9m. Segundo o jornal Folha de S.Paulo, a investiga\u00e7\u00e3o indica a exist\u00eancia de um esquema sob influ\u00eancia do comandante-geral da Pol\u00edcia Militar [&hellip;]<\/p>\n","protected":false},"author":3,"featured_media":0,"comment_status":"open","ping_status":"open","sticky":false,"template":"","format":"standard","meta":{"advanced_seo_description":"","jetpack_seo_html_title":"","jetpack_seo_noindex":false,"fifu_image_url":"","fifu_image_alt":"","_jetpack_memberships_contains_paid_content":false,"footnotes":"","jetpack_publicize_message":"","jetpack_publicize_feature_enabled":true,"jetpack_social_post_already_shared":true,"jetpack_social_options":{"image_generator_settings":{"template":"highway","default_image_id":0,"font":"","enabled":false},"version":2}},"categories":[106,1],"tags":[],"class_list":{"0":"post-3327","1":"post","2":"type-post","3":"status-publish","4":"format-standard","6":"category-politica","7":"category-uncategorized"},"jetpack_publicize_connections":[],"jetpack_featured_media_url":"","jetpack_sharing_enabled":true,"jetpack-related-posts":[],"_links":{"self":[{"href":"https:\/\/friburgonoticias.com.br\/temp\/wp-json\/wp\/v2\/posts\/3327","targetHints":{"allow":["GET"]}}],"collection":[{"href":"https:\/\/friburgonoticias.com.br\/temp\/wp-json\/wp\/v2\/posts"}],"about":[{"href":"https:\/\/friburgonoticias.com.br\/temp\/wp-json\/wp\/v2\/types\/post"}],"author":[{"embeddable":true,"href":"https:\/\/friburgonoticias.com.br\/temp\/wp-json\/wp\/v2\/users\/3"}],"replies":[{"embeddable":true,"href":"https:\/\/friburgonoticias.com.br\/temp\/wp-json\/wp\/v2\/comments?post=3327"}],"version-history":[{"count":0,"href":"https:\/\/friburgonoticias.com.br\/temp\/wp-json\/wp\/v2\/posts\/3327\/revisions"}],"wp:attachment":[{"href":"https:\/\/friburgonoticias.com.br\/temp\/wp-json\/wp\/v2\/media?parent=3327"}],"wp:term":[{"taxonomy":"category","embeddable":true,"href":"https:\/\/friburgonoticias.com.br\/temp\/wp-json\/wp\/v2\/categories?post=3327"},{"taxonomy":"post_tag","embeddable":true,"href":"https:\/\/friburgonoticias.com.br\/temp\/wp-json\/wp\/v2\/tags?post=3327"}],"curies":[{"name":"wp","href":"https:\/\/api.w.org\/{rel}","templated":true}]}}